{"id":618,"count":23,"description":"","link":"https:\/\/twincestblog.cz\/domains\/twincestblog.cz\/category\/nechci-si-vic-prat-jenom-me-mej-rad\/","name":"Nechci si v\u00edc p\u0159\u00e1t\u2026 jenom m\u011b m\u011bj r\u00e1d! by Ann","slug":"nechci-si-vic-prat-jenom-me-mej-rad","taxonomy":"category","parent":0,"meta":[],"_links":{"self":[{"href":"https:\/\/twincestblog.cz\/domains\/twincestblog.cz\/wp-json\/wp\/v2\/categories\/618","targetHints":{"allow":["GET"]}}],"collection":[{"href":"https:\/\/twincestblog.cz\/domains\/twincestblog.cz\/wp-json\/wp\/v2\/categories"}],"about":[{"href":"https:\/\/twincestblog.cz\/domains\/twincestblog.cz\/wp-json\/wp\/v2\/taxonomies\/category"}],"wp:post_type":[{"href":"https:\/\/twincestblog.cz\/domains\/twincestblog.cz\/wp-json\/wp\/v2\/posts?categories=618"}],"curies":[{"name":"wp","href":"https:\/\/api.w.org\/{rel}","templated":true}]}}