{"id":1000,"date":"2017-09-21T16:00:00","date_gmt":"2017-09-21T15:00:00","guid":{"rendered":"http:\/\/twincestblog.cz\/?p=994"},"modified":"2017-09-21T16:00:00","modified_gmt":"2017-09-21T15:00:00","slug":"die-wachter-23","status":"publish","type":"post","link":"https:\/\/twincestblog.cz\/domains\/twincestblog.cz\/2017\/09\/21\/die-wachter-23\/","title":{"rendered":"Die W\u00e4chter 23."},"content":{"rendered":"<div><strong>autor: Synnie<\/strong><\/div>\n<div><\/div>\n<div><\/div>\n<div><\/div>\n<div style=\"text-align:center\"><img loading=\"lazy\" decoding=\"async\" width=\"740\" height=\"447\" src=\"http:\/\/twincestblog.cz\/wp-content\/uploads\/217c34d157_104287729_o2.jpg\" alt=\"\" \/><\/div>\n<div><\/div>\n<div><\/div>\n<div><\/div>\n<div style=\"text-align:justify\">Vilhelmovo \u0161t\u011bst\u00ed d\u00e1valo ostatn\u00edm nad\u011bji. V jeho o\u010d\u00edch byl z\u00e1blesk, kter\u00fd \u0159\u00edkal, \u017ee to, co se stalo, nikdy nezapomene, ale sm\u00ed\u0159il se s t\u00edm, \u017ee se to stalo a p\u0159e\u017eil to. Nebylo to lehk\u00e9<\/div>\n<div style=\"text-align:justify\">a mnohokr\u00e1t se budil se slzami v o\u010d\u00edch. P\u0159es to v\u0161echno tu ale byl T\u00f3mas. Mu\u017e s had\u00edmi vlasy se Villovi stal sluncem, m\u011bs\u00edcem a cel\u00fdm sv\u011btem. Byl z\u00e1chytn\u00fd bod. Poka\u017ed\u00e9, kdy\u017e nechal mu\u017ee s havran\u00edmi vlasy samotn\u00e9ho, nez\u00e1le\u017eelo na tom, z jak\u00e9ho d\u016fvodu, Ville v\u011bd\u011bl, \u017ee se vr\u00e1t\u00ed. V\u017edycky se vr\u00e1til. Byl Villova opora a to byla funkce, kterou si vzal blon\u010f\u00e1k k srdci.<\/div>\n<div style=\"text-align:justify\">\n<p>Ne ka\u017ed\u00fd mu\u017e se z toho tak rychle dostal a n\u011bkte\u0159\u00ed mo\u017en\u00e1 nikdy nedostanou. U Cala si nikdo nebyl jist\u00fd. V\u017edycky byl velmi emotivn\u00ed a vid\u011bt ho tak skl\u00ed\u010den\u00e9ho zp\u016fsobovalo ka\u017ed\u00e9 osob\u011b \u017eal. A tak Ville zakro\u010dil. Thorbj\u00f6rn byl v konc\u00edch, ale sv\u00e9ho druha by neopustil. Kdy\u017e se Vilhelm zeptal, jestli to m\u016f\u017ee s Calem zkusit, bylo mu okam\u017eit\u011b ud\u011bleno povolen\u00ed. Ti dva str\u00e1vili o samot\u011b hodiny a hodiny.<\/p><\/div>\n<div style=\"text-align:justify\">\n<p>T\u00f3mas si neuv\u011bdomil, \u017ee se jeho \u017eivot to\u010dil zcela kolem Villa, dokud ho neposlal pry\u010d, aby mohl b\u00fdt s\u00e1m s druhem jejich lorda. Mu\u017e s had\u00edmi vlasy se v\u011bt\u0161inu \u010dasu toulal. A asi o t\u00fdden pozd\u011bji spat\u0159il n\u011bco pozoruhodn\u00e9ho. Bylo to \u0161est Str\u00e1\u017ec\u016f ve skupin\u011b a bavili se spolu skoro tak jako v minulosti. Mu\u017ei se sbli\u017eovali. T\u00f3mas se k nim okam\u017eit\u011b p\u0159ipojil a pozdravil je<\/p><\/div>\n<div style=\"text-align:justify\">s otev\u0159enou n\u00e1ru\u010d\u00ed. G\u00f8ran, Gautstafr, Dov, Sana, Andrs, Thorbj\u00f6rn a T\u00f3mas &#8211; v\u0161ichni<\/div>\n<div style=\"text-align:justify\">s poh\u00e1rem piva &#8211; si pov\u00eddali o star\u00fdch \u010dasech. Ville byl t\u00e9ma s\u00e1m o sob\u011b, v\u0161ichni o n\u011bm m\u011bli historky, kter\u00e9 mohli sd\u00edlet. V\u00edc a v\u00edc se pomalu mu\u017ei zapojovali do mluven\u00ed, ka\u017ed\u00fd nadhazuje svou vlastn\u00ed historku. Na konci toho v\u0161eho se v\u0161ichni sm\u00e1li na \u00fa\u010det mu\u017ee<\/div>\n<div style=\"text-align:justify\">s havran\u00edmi vlasy, ale to v\u0161e bylo my\u0161leno v dobr\u00e9m. T\u00f3mas si set\u0159el slzy sm\u00edchu z p\u0159\u00edb\u011bh\u016f<\/div>\n<div style=\"text-align:justify\">a bylo pro n\u011bj t\u011b\u017ek\u00e9 zastavit sm\u00edch, i kdy\u017e vid\u011bl, \u017ee tam st\u00e1l Ville. Mu\u017e s havran\u00edmi vlasy m\u011bl kamenn\u00fd v\u00fdraz, jako kdy\u017e ho p\u0159ezd\u00edvali Bikjou. Vykro\u010dil vp\u0159ed a polo\u017eil svou ruku na st\u016fl. Sm\u00edch ustal a nikdo si nebyl jist\u00fd, jak reagovat.<\/div>\n<div style=\"text-align:justify\">\n<p>&#8222;Diskutujete o Vilhelmovi&#8230;. Vzpom\u00edn\u00e1 si n\u011bkdo na dobu, kdy si Sakri myslel, \u017ee bude moudr\u00fd, a potrestal ho?&#8220; N\u011bkte\u0159\u00ed mu\u017ei se zasm\u00e1li, ale ne v\u0161ichni znali ten p\u0159\u00edb\u011bh, tak ho v\u00e1le\u010dn\u00edk rozvedl. &#8222;Vilhelm si jako mlad\u00fd mu\u017e myslel, \u017ee je vtipn\u00e9 d\u011blat si legraci z lid\u00ed nebo jejich majetku. Bylo to hodn\u011b bl\u00e1zniv\u00e9 a p\u0159e\u0161lo to od prost\u00fdch vt\u00edpk\u016f k cel\u00fdm p\u00edsn\u00edm. Sakri byl zd\u011b\u0161en\u00fd a rozhodl se pou\u010dit sv\u00e9ho obl\u00edben\u00e9ho sna\u017eiv\u00e9ho v\u00e1le\u010dn\u00edka, kter\u00fd byl tv\u016frcem t\u011bchto p\u00edsn\u00ed. Donutil ho d\u011blat velmi pe\u010dliv\u011b stra\u0161n\u00e9 a nudn\u00e9 \u00fakoly, jako bylo le\u0161t\u011bn\u00ed jeho bot. A jednoho dne toho m\u011bl Ville dost. Vzal p\u00e1r hlavi\u010dek \u0161pendl\u00edk\u016f ze \u0161it\u00ed sv\u00e9 matky a polo\u017eil je na Sakriho \u017eidli, aby si na n\u011b mu\u017e sedl.&#8220;<\/p><\/div>\n<div style=\"text-align:justify\"><\/div>\n<hr \/>\n<div style=\"text-align:justify\">&#8222;Tv\u016fj zadek nebyl jedin\u00e9 m\u00edsto pop\u00edchan\u00e9 \u0161pendl\u00edky, kdy\u017e jsem t\u011b chytil.&#8220; Sm\u00e1l se Sakri, tak jako ostatn\u00ed mu\u017ei. Vill\u016fv \u00fasm\u011bv se roz\u0161\u00ed\u0159il, kdy\u017e na sv\u00e9ho milence, kter\u00fd si ho st\u00e1hl do kl\u00edna, jemn\u011b mrkl. Mu\u017e s havran\u00edmi vlasy je\u0161t\u011b jednou nepatrn\u011b povzbudiv\u011b k\u00fdvnul a T\u00f3mas se oto\u010dil, spat\u0159uje Cala, kter\u00fd se k nim bl\u00ed\u017eil. Cal se od Blarholu o nic nestaral, a tak byl mu\u017e<\/div>\n<div style=\"text-align:justify\">s had\u00edmi vlasy pot\u011b\u0161en, \u017ee ho vid\u00ed vykoupan\u00e9ho a oble\u010den\u00e9ho, i s jeho sv\u00e1zan\u00fdmi vlasy,<\/div>\n<div style=\"text-align:justify\">co\u017e se Thorbj\u00f6rnovi l\u00edbilo nejv\u00edc. Ti\u0161e vstoupil a vzal m\u00edsto vedle sv\u00e9ho druha. V\u00e1le\u010dn\u00fd v\u016fdce vypadal \u0161okovan\u011b, \u017ee vid\u00ed sv\u00e9ho druha mimo pokoj, jak se p\u0159ipojuje ke spole\u010dnosti ostatn\u00edch. Z jeho rt\u016f uniklo nad\u0161en\u00ed p\u0159edt\u00edm, ne\u017e si p\u0159it\u00e1hl Cala k sob\u011b pro cudn\u00fd polibek<\/div>\n<div style=\"text-align:justify\">a pak ho pevn\u011b sev\u0159el ve sv\u00fdch pa\u017e\u00edch. Ano, mu\u017ei se vskutku sbli\u017eovali.<\/div>\n<div style=\"text-align:justify\">\n<p>Utekly dal\u0161\u00ed dva t\u00fddny a mu\u017ei se st\u00e1le v\u00edc sbli\u017eovali. Nebylo to perfektn\u00ed, ani nikdy znovu nebude, ale nedokonalost zp\u016fsobila, \u017ee to bylo perfektn\u00ed sv\u00fdm vlastn\u00edm zp\u016fsobem.<\/p><\/div>\n<div style=\"text-align:justify\">Touto dobou byli mu\u017ei p\u0159ipraveni znovu vyplout na mo\u0159e a tentokr\u00e1t se vr\u00e1tit dom\u016f. Str\u00e1\u017eci, kte\u0159\u00ed byli um\u00edst\u011bni ve Fleskvirki, \u017e\u00e1dali o jmenov\u00e1n\u00ed nov\u00e9ho veden\u00ed vesnice, aby se mohli vr\u00e1tit dom\u016f se sv\u00fdmi bratry. A Thorbj\u00f6rn to ud\u011blal. \u0160el za sv\u00fdmi vesni\u010dany a vybral mu\u017ee,<\/div>\n<div style=\"text-align:justify\">o kter\u00e9m si myslel, \u017ee se na tu pozici hod\u00ed. Pot\u00e9 Str\u00e1\u017eci sbalili sv\u00e9 v\u011bci a vydali se k vod\u011b<\/div>\n<div style=\"text-align:justify\">a sv\u00fdm lod\u00edm. Vzali si jenom jednu lo\u010f, a to pouze Str\u00e1\u017eci. Ostatn\u00edm mu\u017e\u016fm sta\u010dil \u010dlun.<\/div>\n<div style=\"text-align:justify\">\n<p>S Thorbj\u00f6rnem v \u010dele Draky vojsko nastavilo kurz k n\u00e1vratu dom\u016f. Dr\u017eeli slu\u0161n\u00e9 tempo, ale ani p\u0159ehnan\u011b nesp\u011bchali. Jen u\u017e d\u00e1le neodkl\u00e1dali n\u00e1vrat. O t\u00fdden nep\u0159etr\u017eit\u00e9ho veslov\u00e1n\u00ed pozd\u011bji se chystali zakotvit ve zn\u00e1m\u00e9m p\u0159\u00edstavu. Lod\u011b pluly p\u0159\u00edmo a byly uv\u00e1z\u00e1ny, jak mu\u017ei vystoupili z plachetnic. K p\u0159evozu v\u011bc\u00ed z p\u0159\u00edstavi\u0161t\u011b do vesnice byl pou\u017eit povoz. Vesni\u010dan\u00e9 naplnili ulice. Vojsko se vr\u00e1tilo a jejich lord byl zp\u00e1tky.<\/p><\/div>\n<div style=\"text-align:justify\">\n<p>Thorbj\u00f6rnova prvn\u00ed reakce v jeho m\u011bst\u011b byla sesko\u010dit z kon\u011b a zabo\u0159it prsty do zem\u011b. Hluboce se nadechl toho pachu a dal hl\u00edn\u011b mal\u00fd polibek p\u0159edt\u00edm, ne\u017e ji pustil. Vzhl\u00e9dl<\/p><\/div>\n<div style=\"text-align:justify\">a u vstupu do hlavn\u00edho pansk\u00e9ho s\u00eddla st\u00e1la jeho man\u017eelka. Ale nev\u011bnoval j\u00ed pozornost. Zam\u011b\u0159il se na dva mal\u00e9 chlapce p\u0159ed n\u00ed. &#8222;Ot\u010de!&#8220; Barrekr, Thorbj\u00f6rn\u016fv syn, zak\u0159i\u010del, jak b\u011b\u017eel dol\u016f ze schod\u016f p\u0159\u00edmo do otev\u0159en\u00e9 n\u00e1ru\u010de sv\u00e9ho otce. V\u0161ichni sledovali, jak byly o\u010di v\u00e1le\u010dn\u00e9ho v\u016fdce skeln\u00e9, kdy\u017e dr\u017eel sv\u00e9ho syna. Kdy\u017e objet\u00ed skon\u010dilo, pod\u00edval se na druh\u00e9ho chlapce u dve\u0159\u00ed, ale Meike se ned\u00edvala sm\u011brem v\u00e1le\u010dn\u00e9ho v\u016fdce. Ne, \u0159\u00edkala n\u011bco mal\u00e9mu chlapci a ten p\u0159ik\u00fdvl a pomalu se bl\u00ed\u017eil k vojsku.<\/div>\n<div style=\"text-align:justify\">\n<p>Ville c\u00edtil, jak se mu \u0161t\u011bst\u00edm sev\u0159ela hru\u010f, a\u017e ho to zabolelo. Znal chlapce, kter\u00fd k nim m\u00ed\u0159il. Znal ty obrovsk\u00e9 temn\u00e9 o\u010di, pln\u00fd spodn\u00ed ret, velk\u00e9 u\u0161i a baculat\u00e9 mal\u00e9 t\u011bl\u00ed\u010dko. V\u011bd\u011bl to d\u0159\u00edv ne\u017e T\u00f3mas. Mal\u00fd kluk, moment\u00e1ln\u011b t\u0159i zimy star\u00fd, vzhl\u00e9dl na mu\u017ee s had\u00edmi vlasy a potichu promluvil. &#8222;Tati?&#8220;<\/p><\/div>\n<div style=\"text-align:justify\">T\u00f3mas rozt\u00e1l ve sv\u00e9m sedle, sesko\u010dil a objal sv\u00e9ho syna. Baculat\u00e9 batole dr\u017eelo p\u011bsti\u010dkami hrst jeho spleten\u00fdch vlas\u016f, jak se obj\u00edmali. Ville byl vedle nich a objal je oba. Kdy\u017e se mal\u00fd Aslak pod\u00edval na Villa, mu\u017e s havran\u00edmi vlasy jemn\u011b promluvil.<\/div>\n<div style=\"text-align:justify\">&#8222;Nep\u0159edpokl\u00e1d\u00e1m, \u017ee si m\u011b pamatuje\u0161, ale jsem Ville.&#8220;<\/div>\n<div style=\"text-align:justify\">&#8222;J\u00e1 si pamatuju.&#8220; Rozz\u00e1\u0159il se na n\u011bj Aslak, pustil sv\u00e9ho otce a objal pevn\u011b druh\u00e9ho mu\u017ee.<\/div>\n<div style=\"text-align:justify\">&#8222;Kde je Tova?&#8220; Zeptal se T\u00f3mas, kdy\u017e p\u0159i\u0161li k Meike. \u017dena smutn\u011b sklonila hlavu a pokynula T\u00f3masovi, aby \u0161el stranou.<\/div>\n<div style=\"text-align:justify\">&#8222;Jsem r\u00e1da, \u017ee ses vr\u00e1til v dobr\u00e9m stavu, T\u00f3masi. B\u00e1la jsem se o v\u00e1s v\u0161echny a t\u011b\u0161\u00ed m\u011b, \u017ee ti m\u016f\u017eu ozn\u00e1mit, \u017ee tv\u016fj syn je p\u016fvabn\u00fd. Ned\u011bl\u00e1 \u017e\u00e1dn\u00e9 probl\u00e9my a m\u016fj Barrekr ho bere ji\u017e jako sv\u00e9ho bratra. Vychov\u00e1vala jsem ho do tv\u00e9ho n\u00e1vratu. Tova, ona&#8230; nad\u00fdchala se otr\u00e1ven\u00fdch v\u00fdpar\u016f. Zem\u0159ela minul\u00fd podzim na hore\u010dku.&#8220;<\/div>\n<div style=\"text-align:justify\">\n<p>Bylo t\u011b\u017ek\u00e9 tohle sly\u0161et, proto\u017ee byla T\u00f3masovi velmi bl\u00edzk\u00e1. Bylo to hodn\u00e9 d\u011bv\u010de a dobr\u00e1 p\u0159\u00edtelkyn\u011b. C\u00edtil se vinn\u00fd za to, \u017ee ji nemiloval tak, jak si zaslou\u017eila, ale ji\u017e to nemohl zm\u011bnit. Dokonce i Ville byl v\u00e1\u017en\u00fd, kdy\u017e sly\u0161el tyto zpr\u00e1vy. T\u0159i chlapci &#8211; T\u00f3mas, Ville a Aslak &#8211; m\u00ed\u0159ili k jejich p\u0159\u00edbytku, kter\u00fd byl T\u00f3masov\u00fdm domovem po n\u011bkolik let. Te\u010f, kdy\u017e se pod\u00edval na sv\u00e9ho druha a syna, uv\u011bdomil si, \u017ee m\u011bl opravdu domov.<\/p><\/div>\n<div style=\"text-align:justify\">Vilhelm \u0161el ven s prohl\u00e1\u0161en\u00edm, \u017ee syn a otec pot\u0159ebuj\u00ed \u010das pro sebe. Ale ve skute\u010dnosti ode\u0161el z jin\u00e9ho d\u016fvodu. Pot\u00e9, co mluvil s vesni\u010dany, na\u0161el kamennou zna\u010dku, kter\u00e1 ozna\u010dovala Tovin hrob.<\/div>\n<div style=\"text-align:justify\">&#8222;Ahoj Tovo.&#8220; \u0158ekl Ville jemn\u011b. &#8222;V\u00edm, \u017ee si nic nedlu\u017e\u00edme, ale prost\u011b si ti p\u0159eji \u0159\u00edct, \u017ee jsem ud\u011blal, jak jsi \u017e\u00e1dala. P\u0159ivedl jsem T\u00f3mase dom\u016f \u017eiv\u00e9ho.&#8220;<\/div>\n<div style=\"text-align:justify\">Kdy\u017e slova opustila jeho \u00fasta, zaplavil ho lehk\u00fd klid p\u0159i my\u0161lence, \u017ee Tova byla p\u0159ipout\u00e1na ke sv\u00e9mu hrobu kv\u016fli tomuhle, a pot\u00e9, co j\u00ed to ozn\u00e1mil, byla voln\u00e1. S jemn\u00fdm \u00fasm\u011bvem se Ville vr\u00e1til dom\u016f a v\u011bd\u011bl, \u017ee bude muset ud\u011blat rychlou ve\u010de\u0159i p\u0159edt\u00edm, ne\u017e bude Aslak ulo\u017een ke sp\u00e1nku.<\/p>\n<p><strong>autor: Synnie<\/strong><\/div>\n<div style=\"text-align:justify\"><strong>p\u0159eklad Emilia<\/strong><\/div>\n<div style=\"text-align:justify\"><strong>betaread: J. :o)<\/strong><\/div>\n<div style=\"text-align:justify\"><strong> <\/strong><\/div>\n<div style=\"text-align:justify\"><strong> <\/strong><\/div>\n<div style=\"text-align:justify\"><a href=\"http:\/\/fiction.tokiohotelfiction.com\/viewstory.php?sid=13575\" target=\"_blank\" rel=\"noopener noreferrer\"><strong>original<\/strong><\/a><\/div>\n","protected":false},"excerpt":{"rendered":"<p>autor: Synnie Vilhelmovo \u0161t\u011bst\u00ed d\u00e1valo ostatn\u00edm nad\u011bji. V jeho o\u010d\u00edch byl z\u00e1blesk, kter\u00fd \u0159\u00edkal, \u017ee to, co se stalo, nikdy nezapomene, ale sm\u00ed\u0159il se s t\u00edm, \u017ee se to stalo a p\u0159e\u017eil to. Nebylo to lehk\u00e9 a mnohokr\u00e1t se budil se slzami<\/p>\n<p class=\"link-more\"><a class=\"myButt \" href=\"https:\/\/twincestblog.cz\/domains\/twincestblog.cz\/2017\/09\/21\/die-wachter-23\/\">Read More<\/a><\/p>\n","protected":false},"author":1,"featured_media":0,"comment_status":"open","ping_status":"open","sticky":false,"template":"","format":"standard","meta":{"_exactmetrics_skip_tracking":false,"_exactmetrics_sitenote_active":false,"_exactmetrics_sitenote_note":"","_exactmetrics_sitenote_category":0,"footnotes":""},"categories":[677],"tags":[],"class_list":["post-1000","post","type-post","status-publish","format-standard","hentry","category-die-wachter"],"_links":{"self":[{"href":"https:\/\/twincestblog.cz\/domains\/twincestblog.cz\/wp-json\/wp\/v2\/posts\/1000","targetHints":{"allow":["GET"]}}],"collection":[{"href":"https:\/\/twincestblog.cz\/domains\/twincestblog.cz\/wp-json\/wp\/v2\/posts"}],"about":[{"href":"https:\/\/twincestblog.cz\/domains\/twincestblog.cz\/wp-json\/wp\/v2\/types\/post"}],"author":[{"embeddable":true,"href":"https:\/\/twincestblog.cz\/domains\/twincestblog.cz\/wp-json\/wp\/v2\/users\/1"}],"replies":[{"embeddable":true,"href":"https:\/\/twincestblog.cz\/domains\/twincestblog.cz\/wp-json\/wp\/v2\/comments?post=1000"}],"version-history":[{"count":0,"href":"https:\/\/twincestblog.cz\/domains\/twincestblog.cz\/wp-json\/wp\/v2\/posts\/1000\/revisions"}],"wp:attachment":[{"href":"https:\/\/twincestblog.cz\/domains\/twincestblog.cz\/wp-json\/wp\/v2\/media?parent=1000"}],"wp:term":[{"taxonomy":"category","embeddable":true,"href":"https:\/\/twincestblog.cz\/domains\/twincestblog.cz\/wp-json\/wp\/v2\/categories?post=1000"},{"taxonomy":"post_tag","embeddable":true,"href":"https:\/\/twincestblog.cz\/domains\/twincestblog.cz\/wp-json\/wp\/v2\/tags?post=1000"}],"curies":[{"name":"wp","href":"https:\/\/api.w.org\/{rel}","templated":true}]}}