{"id":10233,"date":"2010-11-09T14:00:00","date_gmt":"2010-11-09T13:00:00","guid":{"rendered":"http:\/\/twincestblog.cz\/?p=10208"},"modified":"2010-11-09T14:00:00","modified_gmt":"2010-11-09T13:00:00","slug":"vzpominka-na-vcerejsek","status":"publish","type":"post","link":"https:\/\/twincestblog.cz\/domains\/twincestblog.cz\/2010\/11\/09\/vzpominka-na-vcerejsek\/","title":{"rendered":"Vzpom\u00ednka na v\u010derej\u0161ek"},"content":{"rendered":"<div><strong>autor: NaGii<\/strong><\/p>\n<\/div>\n<div><em>Ahojtee&#8230; tohle je moje prvn\u00ed pov\u00eddka, kterou sem pos\u00edl\u00e1m. V\u017edycky jsem to v\u0161echno \u010detla a \u0159\u00edkala si, \u017ee se t\u011bm holk\u00e1m (i kluk\u016fm) nem\u016f\u017eu v psan\u00ed rovnat. Ale chci v\u011bd\u011bt v\u00e1\u0161 n\u00e1zor. P\u00edsni\u010dka je od Tafroba-Vzpom\u00ednka na v\u010derej\u0161ek&#8230; napadlo m\u011b na to tohle. Douf\u00e1m, \u017ee to nebyl \u0161patn\u00fd n\u00e1pad. &nbsp;<br \/>Tak\u017ee hezk\u00fd po\u010dten\u00ed a \u0159ekn\u011bte, co si o tom mysl\u00edte. Snesu v\u0161echno xD&#8230;&nbsp;<br \/>D\u00edky NaGii&#8230;:)<\/em><\/p>\n<p><strong><em>V noci se bud\u00edm ze span\u00ed&nbsp;<br \/>a marn\u011b k\u0159i\u010d\u00edm do tmy. &nbsp;<br \/>V\u0161echno je pry\u010d,&nbsp;<br \/>na stole zbyly u\u017e jen star\u00fd fotky. &nbsp;<br \/>Mezi prsty chyt\u00e1m vzpom\u00ednky na v\u010derej\u0161ek, &nbsp;<br \/>venku je zima, pro m\u011b zamrzl te\u010f celej sv\u011bt.&nbsp;<br \/><\/em><\/strong><\/p>\n<p>Jako by to bylo v\u010dera, vid\u00edm t\u011b po\u0159\u00e1d vedle sebe, jak se sm\u011bje\u0161 tomu, co nen\u00ed vtipn\u00e9, jak do m\u011b r\u00fdpe\u0161, jak d\u011bl\u00e1\u0161 chytr\u00e9ho.&nbsp;<br \/>Je to ale rok. Rok,co jsi mi um\u0159el v n\u00e1ru\u010d\u00ed, je to rok, co jsem um\u0159el s tebou.<\/div>\n<hr \/>\n<div>\n<p><strong><em>To r\u00e1no, kdy jsem t\u011b na\u0161el le\u017eet na zemi, &nbsp;<br \/>si pravd\u011bpodobn\u011b uchov\u00e1m u\u017e nav\u011bky v pam\u011bti. &nbsp;<br \/>Operace mozku, tumor,&nbsp;<br \/>mal\u00e1 nad\u011bje, &nbsp;<br \/>p\u0159e\u0161el m\u011b humor,&nbsp;<br \/>modlil jsem se za tebe, &nbsp;<br \/>p\u0159i\u0161lo to z ni\u010deho nic,&nbsp;<br \/>najednou bylo v\u0161echno pry\u010d. &nbsp;<br \/><\/em><\/strong><\/div>\n<div><strong><em>Ztr\u00e1cel jsem t\u011b p\u0159ed o\u010dima po\u0159\u00e1d v\u00edc a v\u00edc, &nbsp;<br \/>ka\u017edej den jsem byl u tebe,&nbsp;<br \/>dr\u017eel t\u011b za ruku, &nbsp;<br \/>cht\u011bl sem b\u00fdt silnej,&nbsp;<br \/>ale c\u00edtil jsem se zase jako malej kluk, &nbsp;<br \/>kdy\u017e jsi mi um\u00edral v n\u00e1ru\u010d\u00ed,&nbsp;<br \/>cht\u011bl jsem to zastavit, &nbsp;<br \/>b\u00e1l jsem se, &nbsp;<br \/>\u017ee te\u010f u\u017e nestihnu nic napravit.<\/em><\/strong> &nbsp;<\/p>\n<p>P\u0159ipravoval jsem se mu to \u0159\u00edct. Tak dlouho jsem se na to p\u0159ipravoval.&nbsp;<br \/>Cht\u011bl jsem mu \u0159\u00edct: &#8222;Miluju T\u011b. U\u017e stra\u0161n\u011b dlouho.&#8220;&nbsp;<br \/>Te\u010f si vy\u010d\u00edt\u00e1m, \u017ee jsem to neud\u011blal d\u0159\u00edv. Byl jsem srab.&nbsp;<br \/>Ale vy\u010d\u00edt\u00e1n\u00ed mi ho nevr\u00e1t\u00ed.&nbsp;<\/div>\n<div>Nikdo mi u\u017e&nbsp;nevr\u00e1t\u00ed&nbsp; ani nenahrad\u00ed&nbsp;m\u00e9&nbsp;mlad\u0161\u00ed, kr\u00e1sn\u011bj\u0161\u00ed, romanti\u010dt\u011bj\u0161\u00ed, nejlep\u0161\u00ed dvoj\u010d\u00e1tko na sv\u011bt\u011b. Nikdo u\u017e&nbsp;m\u011b&nbsp;v t\u011bch nejhor\u0161\u00edch chv\u00edl\u00edch neut\u011b\u0161\u00ed&nbsp;a neobejme tak jako pr\u00e1v\u011b&nbsp;on. Nikdo se se mnou nebude mazlit tak jako on.&nbsp;<br \/>Nikdo mi ne\u0159ekne: &#8222;Jsi m\u016fj bl\u00e1znivej br\u00e1\u0161ka, Tomi&#8220;. V\u017edycky se u toho tak kr\u00e1sn\u011b culil.&nbsp;<\/p>\n<p>Po\u0159\u00e1d ho na t\u00e9 zemi vid\u00edm. Po\u0159\u00e1d vid\u00edm, jak se neh\u00fdbe a kouk\u00e1 bez mrknut\u00ed do stropu. Vid\u00edm, jak m\u011b nevn\u00edm\u00e1, jak na n\u011bj po\u0159\u00e1d mluv\u00edm a on nereaguje.&nbsp;<br \/>Po\u0159\u00e1d vid\u00edm, jak ho vezli do nemocnice, jak tam bezbrann\u011b le\u017e\u00ed a nekomunikuje, jak tam vedle n\u011bj bre\u010d\u00edm ve dne i v noci a \u0159\u00edk\u00e1m mu, jak stra\u0161n\u011b ho miluju.&nbsp;<br \/>Nezmohl jsem prost\u011b na to, \u0159\u00edct to d\u0159\u00edv.&nbsp;<br \/>Byl jsem debil. DEBIL, DEBIL, DEBIL!!!!&nbsp;<br \/>Chci alespo\u0148 je\u0161t\u011b jednou c\u00edtit jeho lak na vlasy, sly\u0161et jeho nezaj\u00edmav\u00e9 \u0159e\u010di a n\u00e1sledn\u00fd sm\u00edch.&nbsp;<br \/>Dal bych za to cokoli.&nbsp;<\/p>\n<p><strong><em>Zav\u0159el jsi o\u010di, v\u00edm, \u017ee te\u010f u\u017e je ti l\u00edp.&nbsp;<br \/>V\u00edm, \u017ees musel odej\u00edt&nbsp;<br \/>a j\u00e1 se s t\u00edm mus\u00edm nau\u010dit \u017e\u00edt. &nbsp;<br \/>Budu t\u011b nav\u017edy nosit v srdci to ti slibuju, &nbsp;<br \/>nikdy nezapomenu a nav\u017edy t\u011b miluju.<\/em><\/strong><\/p>\n<p>Slibuju, Billi, tebe budu milovat nav\u017edy.&nbsp;<\/p>\n<p><strong><em>V noci se bud\u00edm ze span\u00ed&nbsp;<br \/>a marn\u011b k\u0159i\u010d\u00edm do tmy. &nbsp;<br \/>V\u0161echno je pry\u010d,&nbsp;<br \/>na stole zbyly u\u017e jen star\u00fd fotky.&nbsp;<br \/>Mezi prsty chyt\u00e1m vzpom\u00ednky na v\u010derej\u0161ek, &nbsp;<br \/>venku je zima, pro m\u011b zamrzl te\u010f celej sv\u011bt.&nbsp;<br \/>V\u010detn\u011b M\u011a!!<\/em><\/strong><\/p>\n<\/div>\n<div><strong>autor: NaGii<\/strong><\/div>\n<div><strong>betaread: Janule<\/strong><\/div>\n","protected":false},"excerpt":{"rendered":"<p>autor: NaGii Ahojtee&#8230; tohle je moje prvn\u00ed pov\u00eddka, kterou sem pos\u00edl\u00e1m. V\u017edycky jsem to v\u0161echno \u010detla a \u0159\u00edkala si, \u017ee se t\u011bm holk\u00e1m (i kluk\u016fm) nem\u016f\u017eu v psan\u00ed rovnat. Ale chci v\u011bd\u011bt v\u00e1\u0161 n\u00e1zor. P\u00edsni\u010dka je od Tafroba-Vzpom\u00ednka na v\u010derej\u0161ek&#8230; napadlo m\u011b<\/p>\n<p class=\"link-more\"><a class=\"myButt \" href=\"https:\/\/twincestblog.cz\/domains\/twincestblog.cz\/2010\/11\/09\/vzpominka-na-vcerejsek\/\">Read More<\/a><\/p>\n","protected":false},"author":1,"featured_media":0,"comment_status":"open","ping_status":"open","sticky":false,"template":"","format":"standard","meta":{"_exactmetrics_skip_tracking":false,"_exactmetrics_sitenote_active":false,"_exactmetrics_sitenote_note":"","_exactmetrics_sitenote_category":0,"footnotes":""},"categories":[45],"tags":[],"class_list":["post-10233","post","type-post","status-publish","format-standard","hentry","category-ff-jednodilky"],"_links":{"self":[{"href":"https:\/\/twincestblog.cz\/domains\/twincestblog.cz\/wp-json\/wp\/v2\/posts\/10233","targetHints":{"allow":["GET"]}}],"collection":[{"href":"https:\/\/twincestblog.cz\/domains\/twincestblog.cz\/wp-json\/wp\/v2\/posts"}],"about":[{"href":"https:\/\/twincestblog.cz\/domains\/twincestblog.cz\/wp-json\/wp\/v2\/types\/post"}],"author":[{"embeddable":true,"href":"https:\/\/twincestblog.cz\/domains\/twincestblog.cz\/wp-json\/wp\/v2\/users\/1"}],"replies":[{"embeddable":true,"href":"https:\/\/twincestblog.cz\/domains\/twincestblog.cz\/wp-json\/wp\/v2\/comments?post=10233"}],"version-history":[{"count":0,"href":"https:\/\/twincestblog.cz\/domains\/twincestblog.cz\/wp-json\/wp\/v2\/posts\/10233\/revisions"}],"wp:attachment":[{"href":"https:\/\/twincestblog.cz\/domains\/twincestblog.cz\/wp-json\/wp\/v2\/media?parent=10233"}],"wp:term":[{"taxonomy":"category","embeddable":true,"href":"https:\/\/twincestblog.cz\/domains\/twincestblog.cz\/wp-json\/wp\/v2\/categories?post=10233"},{"taxonomy":"post_tag","embeddable":true,"href":"https:\/\/twincestblog.cz\/domains\/twincestblog.cz\/wp-json\/wp\/v2\/tags?post=10233"}],"curies":[{"name":"wp","href":"https:\/\/api.w.org\/{rel}","templated":true}]}}