{"id":10682,"date":"2010-09-16T19:00:00","date_gmt":"2010-09-16T18:00:00","guid":{"rendered":"http:\/\/twincestblog.cz\/?p=10656"},"modified":"2010-09-16T19:00:00","modified_gmt":"2010-09-16T18:00:00","slug":"rozhovory-janca","status":"publish","type":"post","link":"https:\/\/twincestblog.cz\/domains\/twincestblog.cz\/2010\/09\/16\/rozhovory-janca\/","title":{"rendered":"Rozhovory &#8211; Jan\u010da"},"content":{"rendered":"<div>Ahoj twinces\u0165\u00e1ci,<\/div>\n<div><\/div>\n<div>dneska tady pro v\u00e1s m\u00e1m novinku. Nebudu hned na za\u010d\u00e1tku lh\u00e1t, tak\u017ee rovnou p\u0159izn\u00e1m, kde jsem na\u0161la inspiraci &#8211; p\u0159ekvapiv\u011b na THF. :o) Kdo tam chod\u00edte, v\u00edte, \u017ee je tam &#8222;Author Spotlight&#8220; &#8211; neboli n\u011bco jako &#8222;Autor pod reflektory&#8220;, takovej malej v\u00fdslech. Prost\u011b je to rozhovor se zaj\u00edmav\u00fdm autorem, kter\u00fd odpov\u00edd\u00e1 na ot\u00e1zky moder\u00e1torek.<\/div>\n<div><\/div>\n<div>Napadlo m\u011b u n\u00e1s ud\u011blat n\u011bco podobn\u00e9ho, tak\u017ee tady m\u00e1te prvn\u00ed rozhovor, jak jsem to hezky \u010desky nazvala, a to s Jan\u010dou &#8211; na\u0161\u00ed nejaktivn\u011bj\u0161\u00ed koment\u00e1torkou. Mysl\u00edm, \u017ee jej\u00ed aktivita je pro mnoho autor\u016f n\u011bco, co je dr\u017e\u00ed u psan\u00ed, proto\u017ee j\u00ed nen\u00ed zat\u011b\u017eko ka\u017ed\u00e9mu pod jeho pov\u00eddku nebo obr\u00e1zek n\u011bco napsat, co\u017e je v sou\u010dasn\u00e9 dob\u011b obdivuhodn\u00e9 a j\u00e1 j\u00ed i za ostatn\u00ed autory moc d\u011bkuju. Proto dostala prostor jako prvn\u00ed, mysl\u00edm, \u017ee v\u00e1s ur\u010dit\u011b bude zaj\u00edmat, kdo vlastn\u011b Jan\u010da je&#8230;<\/div>\n<div><\/div>\n<div><strong><em>Ot\u00e1zka \u010d. 1 &#8211; Jak se jmenuje\u0161, kolik je ti let a odkud jsi?<\/em><\/strong><\/p>\n<p>Jmenuju se Jana, ale \u0159\u00edkaj\u00ed mi &#8222;copatka&#8220; xD No, v\u011bk\u2026 asi tak mezi t\u0159icet a \u010dty\u0159icet xD, jsem ze severn\u00ed Moravy, z&nbsp;Kop\u0159ivnice, to je kousek od Ostravy a m\u00e1m 14tiletou dceru Katku.<\/p>\n<\/div>\n<div><strong><em>Ot\u00e1zka \u010d. 2 &#8211; Jak dlouho zn\u00e1\u0161 TH, jak dlouho twincest a jak ses k&nbsp;n\u011bmu vlastn\u011b dostala?<\/em><\/strong><\/div>\n<div><\/div>\n<div>Tokio Hotel zn\u00e1m od jejich \u00fapln\u00e9ho za\u010d\u00e1tku, d\u00edky stanici VIVA, pamatuju si jako dneska, kdy\u017e se tam poprv\u00e9 objevil Durch den Monsun, a prvn\u00ed, co n\u00e1s tenkr\u00e1t s&nbsp;Katkou napadlo, bylo, jestli to zp\u00edv\u00e1 holka nebo kluk xD.<\/div>\n<div>J\u00e1 poslouch\u00e1m n\u011bmeckou muziku, tak\u017ee se mi to docela zal\u00edbilo, no, p\u0159izn\u00e1m se, \u017ee se mi tenkr\u00e1t zal\u00edbil hlavn\u011b Georg xD, Tom se mi nel\u00edbil v\u016fbec a Bill to bylo pro m\u011b p\u0159ece jenom takov\u00e9 ku\u0159\u00e1tko neope\u0159en\u00e9. Ale postupem \u010dasu se z&nbsp;n\u011bho vyklubala kouzeln\u00e1 elf\u00ed bytost, a bylo to =) I kdy\u017e mus\u00edm p\u0159iznat, \u017ee moje nejobl\u00edben\u011bj\u0161\u00ed obdob\u00ed kolem TH je spojen\u00e9 s&nbsp;albem Zimmer 483, z&nbsp;jejich dne\u0161n\u00ed muziky nad\u0161en\u00e1 nijak nejsem, Humanoid a cel\u00e1 ta &#8222;ma\u0161kar\u00e1da&#8220; kolem n\u011bj se mi moc nel\u00edb\u00ed, z&nbsp;CD m\u011b zaujala jedna p\u00edsni\u010dka, a z&nbsp;dne\u0161n\u00ed image Billa jsem m\u00edrn\u011b \u0159e\u010deno na rozpac\u00edch (te\u010f m\u011b, pros\u00edm, neukamenujte xD)<\/div>\n<div><\/div>\n<div>A twincest? Ten jsem objevila pom\u011brn\u011b ned\u00e1vno, minul\u00fd rok, a to naprostou n\u00e1hodou. Prost\u011b jsem hledala n\u011bco nov\u00e9ho kolem TH a narazila jsem na tenhle blog. Nejd\u0159\u00edve jsem nad\u00e1vala, co \u017ee si ti lidi v\u0161echno nevymysl\u00ed, chud\u00e1ci kluci, ale pak jsem se za\u010detla do prvn\u00ed pov\u00eddky, byla to The Vampire Story od misi, a sp\u00e1t jsem \u0161la a\u017e r\u00e1no xD A proto\u017ee pat\u0159\u00edm mezi gayofily, tak jsem nakonec t\u00e9 p\u0159edstav\u011b Toma s&nbsp;Billem jako p\u00e1ru propadla =)<\/p>\n<\/div>\n<div><strong><em>Ot\u00e1zka \u010d. 3 &#8211; Co pro tebe twincestblog znamen\u00e1 a jak \u010dasto na n\u011bj chod\u00ed\u0161?<\/em><\/strong><\/div>\n<div>Twincestblog pro m\u011b znamen\u00e1 z\u00e1vislost xD, z\u00e1bavu, odreagov\u00e1n\u00ed od v\u0161edn\u00edch starost\u00ed a t\u0159eba i konfrontaci s&nbsp;n\u00e1zory ostatn\u00edch. Je to takov\u00fd imagin\u00e1rn\u00ed sv\u011bt, do kter\u00e9ho m\u016f\u017eu ut\u00e9ct a kde m\u016f\u017eu milovat svoje iluze =)<br \/>Na blog chod\u00edm ka\u017ed\u00fd den, teda, aspo\u0148 se sna\u017e\u00edm, pokud mi vyjde \u010das.<\/p>\n<\/div>\n<div><strong><em>Ot\u00e1zka \u010d. 4 &#8211; Jak\u00e9 pov\u00eddky nebo obr\u00e1zky, m\u00e1\u0161 nejrad\u0161i a pro\u010d?<\/em><\/strong><\/div>\n<div>Nejrad\u011bji m\u00e1m pov\u00eddky, ve kter\u00fdch jde p\u0159edev\u0161\u00edm o l\u00e1sku a emoce, sex je potom takovou tou pomyslnou t\u0159e\u0161ni\u010dkou na dortu. Kdy\u017e je pov\u00eddka dob\u0159e napsan\u00e1, tak se i bez sexu docela dob\u0159e obejde. Nejlep\u0161\u00ed jsou pro m\u011b pov\u00eddky, ve kter\u00fdch je v\u0161eho akor\u00e1t, kter\u00e9 jsou rozepsan\u00e9 p\u011bkn\u011b do hloubky a nejl\u00e9pe, kdy\u017e je\u0161t\u011b dob\u0159e kon\u010d\u00ed.<\/div>\n<div>P\u0159izn\u00e1m se, \u017ee rad\u011bji \u010dtu v\u00edced\u00edlky, m\u00e1m r\u00e1da slo\u017eit\u011bj\u0161\u00ed d\u011bj a z\u00e1pletku, l\u00edb\u00ed se mi klasick\u00fd twincest i pov\u00eddky, kde kluci nejsou dvoj\u010data a m\u00e1m slabost pro Billshido xD<\/div>\n<div><\/div>\n<div><strong><em>Ot\u00e1zka \u010d. 5 &#8211; Jak\u00e9 pov\u00eddky nebo obr\u00e1zky naopak nem\u00e1\u0161 r\u00e1da, co se t\u00fd\u010de t\u00e9matu nebo stylu psan\u00ed, cokoliv se ti nel\u00edb\u00ed?<\/em><\/strong><\/div>\n<div>Co nem\u00e1m r\u00e1da? Nem\u00e1m r\u00e1da, kdy\u017e je pov\u00eddka zbyte\u010dn\u011b vulg\u00e1rn\u00ed, kdy\u017e m\u00e1m pocit, \u017ee d\u011bj je p\u0159\u00edli\u0161 p\u0159ita\u017een\u00fd za vlasy, nebo kdy\u017e je v&nbsp;n\u00ed a\u017e moc n\u00e1sil\u00ed, prost\u011b preferuju v\u0161eho s&nbsp;m\u00edrou.<\/p>\n<\/div>\n<div><strong><em>Ot\u00e1zka \u010d. 6 &#8211; Jsi na\u0161e nejaktivn\u011bj\u0161\u00ed &#8222;koment\u00e1torka&#8220;. Jak je mo\u017en\u00e9, \u017ee ty si pro autory pov\u00eddek a obr\u00e1zk\u016f v\u017edycky najde\u0161 \u010das, a ostatn\u00ed ne? M\u00e1\u0161 pro to n\u011bjak\u00e9 vysv\u011btlen\u00ed? Co bys vzk\u00e1zala t\u011bm, kdo nekomentuj\u00ed?<\/em><\/strong><\/p>\n<p>J\u00e1 komentuju, proto\u017ee prost\u011b chci a taky m\u011b to i bav\u00ed. V\u00fdmluvy jako &#8218;nem\u00e1m \u010das&#8216;, &#8218;nest\u00edh\u00e1m&#8216; a podobn\u011b, m\u011b vyt\u00e1\u010dej\u00ed, kdy\u017e u\u017e si n\u011bkdo najde \u010das na \u010dten\u00ed pov\u00eddky, jak je mo\u017en\u00e9, \u017ee na koment\u00e1\u0159 u\u017e ho nem\u00e1? Na blogu b\u00fdv\u00e1 denn\u011b tak kolem deseti p\u0159\u00edsp\u011bvk\u016f, kdyby u ka\u017ed\u00e9ho z&nbsp;nich \u010dten\u00e1\u0159 v\u011bnoval koment\u00e1\u0159i jednu jedinou minutu, je to zhruba 10 minut ka\u017ed\u00fd den, nev\u011b\u0159\u00edm, \u017ee nejde si vy\u0161et\u0159it 10 minut \u010dasu denn\u011b na naps\u00e1n\u00ed koment\u00e1\u0159e. J\u00e1 chod\u00edm do pr\u00e1ce, m\u00e1m dom\u00e1cnost a o po\u010d\u00edta\u010d se d\u011bl\u00edm s&nbsp;pubert\u00e1ln\u00ed ratolest\u00ed, krom\u011b toho m\u00e1m i plno jin\u00fdch z\u00e1jm\u016f, ale n\u011bjak\u00fd \u010das v\u017edycky zbyde. N\u011bkdy je to t\u011b\u017ek\u00e9, ale jde to =)<\/p><\/div>\n<div><\/div>\n<div>Co bych vzk\u00e1zala t\u011bm, kdo nekomentuj\u00ed? Aby si uv\u011bdomili, \u017ee jejich koment\u00e1\u0159e jsou jedinou odm\u011bnou pro autory, kte\u0159\u00ed psan\u00ed v\u011bnuj\u00ed sv\u016fj voln\u00fd \u010das. J\u00e1 v\u00edm, \u017ee ti to d\u011blaj\u00ed hlavn\u011b proto, \u017ee je to bav\u00ed, ale p\u0159esto, koment\u00e1\u0159 v\u017edycky povzbud\u00ed, pot\u011b\u0161\u00ed a hlavn\u011b spr\u00e1vn\u011b nalad\u00ed do dal\u0161\u00ed pr\u00e1ce. Tak\u017ee jim chci \u0159\u00edct, \u017ee n\u011bkte\u0159\u00ed auto\u0159i opravdu skv\u011bl\u00fdch pov\u00eddek u\u017e jsou p\u011bkn\u011b na\u0161tvan\u00ed, a \u017ee jestli to tak p\u016fjde d\u00e1l, brzy nebude co \u010d\u00edst. Pov\u00eddky prost\u011b nebudou, proto\u017ee nez\u016fstane nikdo, kdo by je psal, auto\u0159i se jim na to zkr\u00e1tka vyka\u0161lou. A j\u00e1 se jim v\u016fbec nebudu divit, tohle by nebavilo nikoho.<\/p>\n<\/div>\n<div><strong><em>Ot\u00e1zka \u010d. 7 &#8211; Je n\u011bco, co bys cht\u011bla, aby o tob\u011b v\u0161ichni v\u011bd\u011bli? Nebo naopak n\u011bco, co se nikdy nikdo dozv\u011bd\u011bt nesm\u00ed? Sv\u011b\u0159 se n\u00e1m&#8230; \ud83d\ude00<\/em><\/strong><\/p>\n<p>No, toho, co se nikdo nikdy nesm\u00ed dozv\u011bd\u011bt je docela dost, ale o tom rad\u011bji nic xD<br \/>A n\u011bco, co se o mn\u011b je\u0161t\u011b dozv\u011bd\u011bt m\u016f\u017eete? Mo\u017en\u00e1 n\u011bkoho p\u0159ekvap\u00edm, ale TH zdaleka nen\u00ed moj\u00ed nejobl\u00edben\u011bj\u0161\u00ed kapelou, tou jsou u m\u011b bezkonkuren\u010dn\u011b u\u017e sedm let moj\u00ed mil\u00e1\u010dci The Rasmus \u2665. Jinak miluju Lauriho Yl\u00f6nena, Finsko, Bor\u016fvky od Syhrael, P\u00e1na Prsten\u016f, Hv\u011bzdnou br\u00e1nu, turistiku a hory, zimu, kdy\u017e je sn\u00edh, sv\u00ed\u010dkovou, potk\u00e1nky (m\u011bli jsme dva), Toma v&nbsp;uplej\u0161\u00edm oble\u010den\u00ed a Billa v&nbsp;Rette Mich =) A nem\u00e1m r\u00e1da TH v&nbsp;angli\u010dtin\u011b.<\/div>\n<div><\/div>\n<div><strong><em>Ot\u00e1zka \u010d. 8 &#8211; Jak\u00e9 t\u0159i pov\u00eddky bys doporu\u010dila ostatn\u00edm k&nbsp;p\u0159e\u010dten\u00ed, kdyby se t\u011b n\u011bkdo ptal? M\u016f\u017ee\u0161 jednod\u00edlky a v\u00edced\u00edlky, star\u00e9, ale i nov\u00e9 rozepsan\u00e9. Kter\u00e9 ti nejv\u00edc utkv\u011bly v&nbsp;pam\u011bti, a pro\u010d? St\u0159\u00edlej od boku, co t\u011b prvn\u00ed napadne, auto\u0159i t\u011bch ostatn\u00edch se ur\u010dit\u011b neuraz\u00ed. \ud83d\ude42<\/em><\/strong><\/div>\n<div>Tohle je pro m\u011b ur\u010dit\u011b nejt\u011b\u017e\u0161\u00ed ot\u00e1zka, vybrat t\u0159i prost\u011b nejsem schopn\u00e1\u2026 tak\u017ee se pokus\u00edm:<\/div>\n<div><\/div>\n<div><a href=\"hotelovy-pokoj\">Hotelov\u00fd pokoj od Michelle M.<\/a><br \/><a href=\"hate-you-for-lovin-me\">Hate You For Loving Me od Ketty<\/a><br \/><a href=\"casoprostor-i\">\u010casoprostor od Janule<\/a><br \/><a href=\"advent\">Advent od Lorett a Saj\u00fc<\/a><br \/><a href=\"only-for-you\">Only For You od Cery<\/a><\/div>\n<div><a href=\"valentine-s-day-the-rose-that-changed-his-life\">Valentine\u00b4s Day &#8211; the rose that changed his life od Sapere aude<\/a><\/div>\n<div><\/div>\n<div>Je hrozn\u011b t\u011b\u017ek\u00e9 vybrat jenom t\u0159i, musela jsem d\u00e1t aspo\u0148 \u0161est, skv\u011bl\u00e9 jsou pov\u00eddky nap\u0159\u00edklad od <strong>Danii<\/strong>, <strong>Rachel<\/strong>, <strong>B-Kay<\/strong>, <strong>LadyKay<\/strong>, to prost\u011b nejde vybrat, l\u00edb\u00ed se mi jich hodn\u011b, t\u011bch \u0161est, kter\u00e9 jsem nakonec napsala, na m\u011b opravdu hodn\u011b zap\u016fsobily, ka\u017ed\u00e1 je sv\u00fdm ur\u010dit\u00fdm zp\u016fsobem jedine\u010dn\u00e1 a pro m\u011b nezapomenuteln\u00e1\u2026<\/div>\n<div>A jestli je\u0161t\u011b m\u016f\u017eu vybrat n\u011bkter\u00e9 z <a href=\"http:\/\/www.fiction.tokiohotelfiction.com\/index.php\">TH FIC<\/a>, tak si rozhodn\u011b nenechte uj\u00edt:<\/div>\n<div><\/div>\n<div>A Just Smile Me od Raiju<br \/>Obloquy od Raiju<br \/>This Hours Duty od Little Muse, Majestrix<br \/>Trillium od Undrockroll, Cynical Terror<br \/>Captive od I Is Anonymous<\/div>\n<div><\/div>\n<div>V\u00edm, \u017ee to zdaleka nejsou t\u0159i, ale nem\u016f\u017eu si pomoct =)<\/p>\n<\/div>\n<div><strong><em>Ot\u00e1zka \u010d. 9 &#8211; Mysl\u00ed\u0161 si, \u017ee ti tahle &#8222;z\u00e1vislost&#8220; jm\u00e9nem twincest vydr\u017e\u00ed je\u0161t\u011b dlouho?<\/em><\/strong><\/div>\n<div>Mysl\u00edm, \u017ee ano, ur\u010dit\u011b dokud bude TH, mo\u017en\u00e1 i potom =)<\/div>\n<div><strong><em>Ot\u00e1zka \u010d. 10 &#8211; Je n\u011bco, na co jsem se nezeptala a co bys n\u00e1m r\u00e1da \u0159ekla?<\/em><\/strong><\/p>\n<p>Mysl\u00edm, \u017ee jsem toho \u0159ekla a\u017e a\u017e =)<\/p>\n<\/div>\n<div><strong><em>Ot\u00e1zka \u010d. 11 &#8211; Koho bys cht\u011bla vyzpov\u00eddat p\u0159\u00ed\u0161t\u011b a pro\u010d?<\/em><\/strong><\/p>\n<\/div>\n<div>No, tebe asi nem\u016f\u017eu, \u0161koda xD<br \/>Jinak bych cht\u011bla rozhovor s&nbsp;Cerou, miluju jej\u00ed odu\u0161evn\u011bl\u00e9, smutn\u00e9 a neskute\u010dn\u011b kr\u00e1sn\u00e9 p\u0159\u00edb\u011bhy a zaj\u00edmala by m\u011b jako osoba a autorka.<\/div>\n<div><\/div>\n<div style=\"text-align:center\">******<\/div>\n<div><\/div>\n<div><em>Tak&#8230; co \u0159\u00edk\u00e1te? L\u00edbil se v\u00e1m rozhovor? Mn\u011b jo, j\u00e1 jsem se dozv\u011bd\u011bla spoustu nov\u00fdch v\u011bc\u00ed. M\u00e1te v koment\u00e1\u0159\u00edch prostor zeptat se je\u0161t\u011b na cokovliv, co v\u00e1s zaj\u00edm\u00e1, Jan\u010da v\u00e1m ur\u010dit\u011b r\u00e1da odpov\u00ed, pokud bude cht\u00edt. \ud83d\ude00<\/em><\/div>\n<div><em>P\u0159\u00ed\u0161t\u011b se m\u016f\u017eete t\u011b\u0161it na <strong>Ceru<\/strong>, m\u011bjte se kr\u00e1sn\u011b a bu\u010fte stejn\u011b \u00fa\u017easn\u00ed koment\u00e1to\u0159i jako Jan\u010da, mysl\u00edm, \u017ee nen\u00ed lep\u0161\u00ed zp\u016fsob, jak pot\u011b\u0161it spoustu lid\u00ed, a to je podle m\u011b po\u0159\u00e1d pot\u0159eba. D\u00edky za va\u0161i pozornost, za t\u00fdden nashledanou u dal\u0161\u00edho rozhovoru. J. :o)<\/em><\/div>\n","protected":false},"excerpt":{"rendered":"<p>Ahoj twinces\u0165\u00e1ci, dneska tady pro v\u00e1s m\u00e1m novinku. Nebudu hned na za\u010d\u00e1tku lh\u00e1t, tak\u017ee rovnou p\u0159izn\u00e1m, kde jsem na\u0161la inspiraci &#8211; p\u0159ekvapiv\u011b na THF. :o) Kdo tam chod\u00edte, v\u00edte, \u017ee je tam &#8222;Author Spotlight&#8220; &#8211; neboli n\u011bco jako &#8222;Autor pod reflektory&#8220;, takovej<\/p>\n<p class=\"link-more\"><a class=\"myButt \" href=\"https:\/\/twincestblog.cz\/domains\/twincestblog.cz\/2010\/09\/16\/rozhovory-janca\/\">Read More<\/a><\/p>\n","protected":false},"author":1,"featured_media":0,"comment_status":"open","ping_status":"open","sticky":false,"template":"","format":"standard","meta":{"_exactmetrics_skip_tracking":false,"_exactmetrics_sitenote_active":false,"_exactmetrics_sitenote_note":"","_exactmetrics_sitenote_category":0,"footnotes":""},"categories":[11],"tags":[],"class_list":["post-10682","post","type-post","status-publish","format-standard","hentry","category-rozhovory"],"_links":{"self":[{"href":"https:\/\/twincestblog.cz\/domains\/twincestblog.cz\/wp-json\/wp\/v2\/posts\/10682","targetHints":{"allow":["GET"]}}],"collection":[{"href":"https:\/\/twincestblog.cz\/domains\/twincestblog.cz\/wp-json\/wp\/v2\/posts"}],"about":[{"href":"https:\/\/twincestblog.cz\/domains\/twincestblog.cz\/wp-json\/wp\/v2\/types\/post"}],"author":[{"embeddable":true,"href":"https:\/\/twincestblog.cz\/domains\/twincestblog.cz\/wp-json\/wp\/v2\/users\/1"}],"replies":[{"embeddable":true,"href":"https:\/\/twincestblog.cz\/domains\/twincestblog.cz\/wp-json\/wp\/v2\/comments?post=10682"}],"version-history":[{"count":0,"href":"https:\/\/twincestblog.cz\/domains\/twincestblog.cz\/wp-json\/wp\/v2\/posts\/10682\/revisions"}],"wp:attachment":[{"href":"https:\/\/twincestblog.cz\/domains\/twincestblog.cz\/wp-json\/wp\/v2\/media?parent=10682"}],"wp:term":[{"taxonomy":"category","embeddable":true,"href":"https:\/\/twincestblog.cz\/domains\/twincestblog.cz\/wp-json\/wp\/v2\/categories?post=10682"},{"taxonomy":"post_tag","embeddable":true,"href":"https:\/\/twincestblog.cz\/domains\/twincestblog.cz\/wp-json\/wp\/v2\/tags?post=10682"}],"curies":[{"name":"wp","href":"https:\/\/api.w.org\/{rel}","templated":true}]}}