{"id":1092,"date":"2017-08-10T16:00:00","date_gmt":"2017-08-10T15:00:00","guid":{"rendered":"http:\/\/twincestblog.cz\/?p=1085"},"modified":"2017-08-10T16:00:00","modified_gmt":"2017-08-10T15:00:00","slug":"die-wachter-12","status":"publish","type":"post","link":"https:\/\/twincestblog.cz\/domains\/twincestblog.cz\/2017\/08\/10\/die-wachter-12\/","title":{"rendered":"Die W\u00e4chter 12."},"content":{"rendered":"<div><strong>autor: Synnie<\/strong><\/div>\n<div><\/div>\n<div><\/div>\n<div><\/div>\n<div style=\"text-align:center\"><img loading=\"lazy\" decoding=\"async\" width=\"740\" height=\"447\" src=\"http:\/\/twincestblog.cz\/wp-content\/uploads\/217c34d157_104287729_o2.jpg\" alt=\"\" \/><\/div>\n<div><\/div>\n<div><\/div>\n<div><\/div>\n<div style=\"text-align:justify\">Duchov\u00e9 vracej\u00edc\u00edch se mu\u017e\u016f byli vysoko. Ano, ztratili dobr\u00e9 voj\u00e1ky &#8211; p\u0159esn\u011b 3 &#8211; a jejich Jarl byl zran\u011bn\u00fd. Ale porazili draka! Nevykoupali se v jej\u00ed krvi, ale chystali se poslat povozy zp\u011bt do jeskyn\u011b kv\u016fli jej\u00edmu masu. Tenhle \u00falovek mohl nakrmit velmi mnoho hladov\u00fdch \u017ealudk\u016f, proto nebylo povoleno ho nechat zkazit.<\/div>\n<div style=\"text-align:justify\">Mu\u017ei m\u011bli z\u00e1libu ve v\u011b\u0161en\u00ed hlav na k\u016fl a tam tak\u00e9 hlava Manndrap skon\u010dila. Byla zdvi\u017eena do v\u00fd\u0161ky, aby ji v\u0161ichni drobn\u00ed vesni\u010dan\u00e9 vid\u011bli. Jak se p\u0159ibli\u017eovali, T\u00f3mas bez varov\u00e1n\u00ed vyzvedl Villa na sv\u00e1 ramena. G\u00f8ran se p\u0159idal, ale Ville si st\u011b\u017eoval st\u00e1le se usm\u00edvaj\u00edc\u00edmu mu\u017ei, \u017ee je p\u0159\u00edli\u0161 n\u00edzk\u00fd a to mu nedovoluje udr\u017eet balanc. Jeho m\u00edsto nahradil Andrs, proto\u017ee on a T\u00f3mas byli skoro stejn\u011b vysoc\u00ed.<\/div>\n<div style=\"text-align:justify\">S dra\u010d\u00ed hlavou, kterou Ville dr\u017eel vysoko, tak aby ji v\u0161ichni vid\u011bli, se vr\u00e1tili k bran\u00e1m vesnice. Napochodovali do dve\u0159\u00ed hlavn\u00edho pansk\u00e9ho s\u00eddla. Eino se opile postavil na nohy a radoval se. Vilhelm byl postaven na zem a na jeho kr\u00e1sn\u00e9m obli\u010deji se skv\u011bl \u00fasm\u011bv. Vzal k\u016fl, na n\u011bm\u017e spo\u010d\u00edvala dra\u010d\u00ed hlava, a zvednul ji do v\u00fd\u0161ky.<\/div>\n<div style=\"text-align:justify\">\n<p>&#8222;Zv\u00edt\u011bzili jsme!&#8220; Zak\u0159i\u010del.<\/p><\/div>\n<div style=\"text-align:justify\">\n<p>Ka\u017ed\u00fd mu\u017e, \u017eena i d\u00edt\u011b za\u010dali srdceryvn\u011b plakat i k\u0159i\u010det \u0161t\u011bst\u00edm. Vill\u016fv \u00fasm\u011bv se je\u0161t\u011b roz\u0161\u00ed\u0159il. A tenhle okam\u017eik roz\u0161\u00ed\u0159il zase T\u00f3mas\u016fv \u00fasm\u011bv.<\/p><\/div>\n<div style=\"text-align:justify\">&#8222;Dnes v noci,&#8220; Jarl Eino za\u010dal mluvit zvolna plynouc\u00edm hlasem, &#8222;se napijeme na \u010dest Thorbj\u00f6rna a jeho mu\u017e\u016f, a to bude m\u016fj posledn\u00ed \u010din p\u0159edt\u00edm, ne\u017e p\u0159ed\u00e1m vl\u00e1du mocn\u00e9mu Thorbj\u00f6rnovi.&#8220;<\/div>\n<div style=\"text-align:justify\">Zm\u00edn\u011bn\u00fd Jarl moment\u00e1ln\u011b opravdu trp\u011bl kv\u016fli Calovi, kter\u00fd plakal, kdy\u017e dv\u011b \u017eeny za\u010daly \u010distit r\u00e1ny, je\u017e mu drak zp\u016fsobil.<\/div>\n<div style=\"text-align:justify\">&#8222;To nic nen\u00ed, Cale. Nech to b\u00fdt.&#8220; Syknul, kdy\u017e jeho \u017eivotn\u00ed druh vylil va\u0159\u00edc\u00ed kravskou mo\u010d p\u0159es jeho r\u00e1ny, co\u017e byla nejlep\u0161\u00ed ochrana proti hore\u010dce.<\/div>\n<div style=\"text-align:justify\">Ustaran\u00fd milenec ov\u0161em nebyl z t\u011bch, kte\u0159\u00ed by se nechali odb\u00fdt pouh\u00fdmi slovy. Tu noc ka\u017ed\u00fd ob\u010dan mal\u00e9ho m\u011bsta, na jeho\u017e jm\u00e9n\u011b Thorbj\u00f6rnovi nez\u00e1le\u017eelo, mohl tento fakt pod jeho vl\u00e1dou zm\u011bnit shrom\u00e1\u017ed\u011bn\u00edm v hlavn\u00edm pansk\u00e9m s\u00eddle pokryt\u00e9m do\u0161kovou krytinou, kter\u00e9 Jarl Eino naz\u00fdval sv\u00fdm.<\/div>\n<div style=\"text-align:justify\">Bylo jich tak m\u00e1lo, \u017ee dokonce pot\u00e9, co se shrom\u00e1\u017edili v\u0161ichni vesni\u010dan\u00e9 a okoln\u00ed farm\u00e1\u0159i, zb\u00fdvalo v m\u00edstnosti st\u00e1le dost voln\u00e9ho m\u00edsta.<\/div>\n<div style=\"text-align:justify\">\n<p>&#8222;Dne\u0161n\u00ed noc oslavujeme Thorbj\u00f6rna a jeho Str\u00e1\u017ece, kte\u0159\u00ed porazili na\u0161eho dra\u010d\u00edho nep\u0159\u00edtele.&#8220; Zvolal Eino. &#8222;Jako pod\u011bkov\u00e1n\u00ed za jeho laskav\u00e9 rozhodnut\u00ed p\u0159ijmout na\u0161i \u017e\u00e1dost o pomoc a bojovat s d\u00e9monem, se kter\u00fdm jsme my sami nemohli, mu daruji svoji \u0159\u00ed\u0161i, aby pod jeho moudrou vl\u00e1dou prosperovala.&#8220;<\/p><\/div>\n<div style=\"text-align:justify\">Byl to Thorbj\u00f6rn\u016fv po\u017eadavek, \u017ee z\u00edsk\u00e1 vesnici, pokud jeho mu\u017ei usp\u011bj\u00ed, ale dovolil starci pozm\u011bnit pravdu tak, aby si zachoval tv\u00e1\u0159 p\u0159ed sv\u00fdm lidem a udr\u017eel si tak jejich respekt. Tmavovlas\u00fd vojensk\u00fd v\u016fdce se zav\u00e1zanou pa\u017e\u00ed po starcov\u011b pravici ud\u011blal krok vp\u0159ed, sleduje, jak se mu vesni\u010dan\u00e9 poklonili a uznali tak jeho s\u00edlu. Eino se\u0161el dol\u016f a p\u0159ipojil se k b\u011b\u017en\u00fdm mu\u017e\u016fm. Zanechal tak nov\u00e9ho Jarla a jeho druha st\u00e1t v centru vyv\u00fd\u0161en\u00e9 plochy p\u0159ed tr\u016fnem.<\/div>\n<div style=\"text-align:justify\"><\/div>\n<hr \/>\n<div style=\"text-align:justify\">&#8222;Povsta\u0148te pros\u00edm.&#8220; Pokynul jim, proto\u017ee nikdy nebyl typ mu\u017ee, kter\u00fd by nech\u00e1val sv\u00e9 lidi kle\u010det. &#8222;Jsem Thorbj\u00f6rn, v\u00e1\u0161 nov\u00fd Jarl a p\u00e1n. S m\u00fdm druhem Calem p\u0159\u00edsah\u00e1m, \u017ee t\u00e9hle zemi bude vl\u00e1dnuto tak spravedliv\u011b, jak vl\u00e1dnu sv\u00e9mu milovan\u00e9mu Cortburgu. Jsem poct\u011bn m\u00edt pod sebou tak odhodlan\u00e9 a siln\u00e9 lidi, kte\u0159\u00ed se postaraj\u00ed o tuto zemi, a j\u00e1 ud\u011bl\u00e1m v\u0161echno pro to, aby va\u0161e farmy znovu prosperovaly.&#8220;<\/div>\n<div style=\"text-align:justify\">Jeho nov\u00ed lid\u00e9 pokyvovali jeden na druh\u00e9ho, pot\u011b\u0161eni slibem sv\u00e9ho nov\u00e9ho Lorda. Provol\u00e1vali mu sl\u00e1vu za to, \u017ee vedl mu\u017ee, kte\u0159\u00ed porazili jejich nep\u0159\u00edtele. Usm\u00e1l se a pok\u00fdval hlavou.<\/div>\n<div style=\"text-align:justify\">&#8222;Ano, zabili jsme va\u0161eho draka. Te\u010f navrhuji p\u0159\u00edpitek.&#8220; V\u0161ichni zdvihli sv\u016fj poh\u00e1r, zat\u00edmco k nim Thorbj\u00f6rn mluvil. &#8222;Dnes v noci si vzpome\u0148me na ty, kte\u0159\u00ed ob\u011btovali svoji krev, aby porazili va\u0161eho draka. Sl\u00e1va padl\u00fdm v\u00edt\u011bz\u016fm. Sl\u00e1va Odinovi!&#8220;<\/div>\n<div style=\"text-align:justify\">&#8222;Sl\u00e1va!&#8220; P\u0159i\u0161la dychtiv\u00e1 odezva.<\/div>\n<div style=\"text-align:justify\">&#8222;P\u0159eji si p\u0159ejmenovat svou vesnici.&#8220; P\u0159em\u00fd\u0161lel nov\u00fd Jarl nahlas. &#8222;V\u011b\u0159\u00edm, \u017ee Fleskvirki*\u2026 Ano, v\u011b\u0159\u00edm, \u017ee Fleskvirki bude skv\u011bl\u00e9 jm\u00e9no.&#8220;<\/div>\n<div style=\"text-align:justify\">N\u011bkte\u0159\u00ed mu\u017ei se sm\u00e1li. Jin\u00ed, kte\u0159\u00ed znali Thorbj\u00f6rna a jeho otce, pouze zat\u0159\u00e1sli hlavou. Bylo to jm\u00e9no, kter\u00e9 mohl vybrat jen mu\u017e z t\u00e9hle pokrevn\u00ed linie.<\/div>\n<div style=\"text-align:justify\">\n<p>&#8222;Jsem si jist\u00fd, \u017ee chcete v\u011bd\u011bt, kter\u00fd mu\u017e u\u0161t\u011bd\u0159il Manndrap smrtelnou r\u00e1nu?&#8220; Zasm\u00e1l se Thorbj\u00f6rn. M\u00edstnost propukla v hlasit\u00fd pok\u0159ik. Hlasit\u011bj\u0161\u00ed, ne\u017e jak\u00fd Vilhelm o\u010dek\u00e1val. N\u00e1hl\u00fd v\u00fdbuch pozornosti zp\u016fsobil, \u017ee se tv\u00e1\u0159 mu\u017ee s havran\u00edmi vlasy zbarvila do p\u011bkn\u00e9ho odst\u00ednu \u010derven\u00e9. T\u00f3masovi \u00fasm\u011bv m\u00e1lem zbortil tv\u00e1\u0159 kv\u016fli tomu, jak \u0161irok\u00fd byl, kdy\u017e Ville povstal.<\/p><\/div>\n<div style=\"text-align:justify\">&#8222;P\u0159edstavuji v\u00e1m Vilhelma J\u00f6rgsona, zabij\u00e1ka drak\u016f.&#8220;<\/div>\n<div style=\"text-align:justify\">&#8222;Ville, Bikja?&#8220; Za\u0159val jeden mu\u017e uprost\u0159ed poklon zm\u00edn\u011bn\u00e9mu.<\/div>\n<div style=\"text-align:justify\">T\u00f3mas byl v sekund\u011b na nohou s vytasen\u00fdm me\u010dem. Av\u0161ak Ville mu pokynul, aby z\u016fstal v klidu.<\/div>\n<div style=\"text-align:justify\">&#8222;Ano, to je m\u00e9 jm\u00e9no.&#8220;<\/div>\n<div style=\"text-align:justify\">Ten sam\u00fd mu\u017e si odfrkl. &#8222;Ohromn\u00fd Str\u00e1\u017ece zavr\u017een\u00fd kv\u016fli \u017een&#8230;&#8220;<\/div>\n<div style=\"text-align:justify\">&#8222;Dost!&#8220; Thorbj\u00f6rn\u016fv hlas v hlavn\u00edm pansk\u00e9m s\u00eddle zabur\u00e1cel jako medv\u011bd\u00ed \u0159ev, a\u017e se ozv\u011bna vracela od st\u011bn. &#8222;Ur\u00e1\u017ekami m\u00e9ho Str\u00e1\u017ece ur\u00e1\u017e\u00ed\u0161 i m\u011b, a to je zrada. Ville je m\u016fj nejcenn\u011bj\u0161\u00ed v\u00e1le\u010dn\u00edk. M\u016fj me\u010d t\u011b roz\u0159\u00edzne vejp\u016fl d\u0159\u00edv, ne\u017e se stihne\u0161 nadechnout, pokud se rozhodnu. Nebo je\u0161t\u011b l\u00edp, nech\u00e1m jeho druha, aby se s tebou vypo\u0159\u00e1dal.&#8220;<\/div>\n<div style=\"text-align:justify\">\n<p>Obli\u010dej v\u00e1le\u010dn\u00e9ho v\u016fdce byl stra\u0161liv\u00fd a mnoz\u00ed se p\u0159i pohledu na n\u011bj t\u0159\u00e1sli. Mu\u017e, kter\u00fd promluvil, urychlen\u011b ztichnul. P\u0159esto byl rozmrzel\u00fd v\u00edc Thorbj\u00f6rn ne\u017e ti, kte\u0159\u00ed takov\u00e1 slova vypou\u0161t\u011bli.<\/p><\/div>\n<div style=\"text-align:justify\">V\u0161ichni mu\u017ei byli p\u0159ipraveni Villa br\u00e1nit a nikdo si nedovolil mluvit o velk\u00e9 hanb\u011b, kter\u00e1 se p\u0159ed n\u011bjakou dobou ud\u00e1la. Navzdory jeho chov\u00e1n\u00ed ho v\u0161ichni mu\u017ei milovali. Kdo by mohl \u0161\u00ed\u0159it tyhle ohavn\u00e9 v\u011bci? Jen ostatn\u00ed mu\u017ei, kte\u0159\u00ed znali Hald\u00f8ra osobn\u011b. Pod\u00edval se na Sakriho, kter\u00fd u\u017e o\u010dima analyzoval dav. Star\u0161\u00ed mu\u017e zat\u0159epal m\u00edrn\u011b hlavou. Ne, Hald\u00f8r tady nebyl. Kdy\u017e zapo\u010dala oslava, T\u00f3mas zat\u00e1hl Villa stranou z doslechu ostatn\u00edch mu\u017e\u016f.<\/div>\n<div style=\"text-align:justify\">&#8222;Mus\u00edme si promluvit.&#8220;<\/div>\n<div style=\"text-align:justify\">&#8222;O \u010dem, drah\u00fd T\u00f3masi?&#8220; Vill\u016fv t\u00f3n byl znud\u011bn\u00fd.<\/div>\n<div style=\"text-align:justify\">&#8222;V\u00edm, \u017ee ti vadilo, co o tob\u011b ten bastard \u0159ekl, ale jednej, jako by se to nikdy nestalo.&#8220;<\/div>\n<div style=\"text-align:justify\">&#8222;Nepou\u010duj m\u011b. Je to leh\u010d\u00ed \u0159\u00edct, ne\u017e ud\u011blat.&#8220;<\/div>\n<div style=\"text-align:justify\">&#8222;V\u00edm to, ale pokud je s n\u00edm n\u011bjak spojen\u00fd, nenech \u017e\u00e1dn\u00e1 slova, kter\u00e1 o n\u011bm budou \u0159e\u010dena, aby t\u011b tr\u00e1pila. Ned\u00e1vej Hald\u00f8rovi pot\u011b\u0161en\u00ed z v\u011bdom\u00ed, \u017ee ti to st\u00e1le vad\u00ed.&#8220;<\/div>\n<div style=\"text-align:justify\">Villovy rysy zm\u011bkly, kdy\u017e se pod\u00edval na T\u00f3mase s vd\u011b\u010dnost\u00ed za to, \u017ee se staral natolik, aby mu tyhle v\u011bci \u0159ekl. Byl vd\u011b\u010dn\u00fd, \u017ee m\u011bl n\u011bkoho na sv\u00e9 stran\u011b.<\/div>\n<div style=\"text-align:justify\">&#8222;A Ville?&#8220;<\/div>\n<div style=\"text-align:justify\">&#8222;Ano?&#8220;<\/div>\n<div style=\"text-align:justify\">&#8222;Nev\u00edm, jestli ti z\u00e1le\u017e\u00ed na m\u00e9m n\u00e1zoru, ale p\u0159eji si, abys v\u011bd\u011bl, \u017ee to, co jsi dneska ud\u011blal\u2026 to, jak jsi porazil toho draka&#8230; \u017e\u00e1dn\u00e1 slova nem\u016f\u017eou vyj\u00e1d\u0159it hrdost, kterou jsem c\u00edtil, kdy\u017e bylo \u0159e\u010deno, \u017ee jsi m\u016fj druh.&#8220;<\/div>\n<div style=\"text-align:justify\">\n<p>Vilhelm se sotva lehce dotkl obli\u010deje mu\u017ee s had\u00edmi vlasy, kdy\u017e mu p\u0159es rty p\u0159eb\u011bhl mal\u00fd n\u00e1znak \u00fasm\u011bvu. Bez dal\u0161\u00edch vy\u0159\u010den\u00fdch slov se vr\u00e1tili na oslavu. O chv\u00edli pozd\u011bji Vilhelm c\u00edtil, \u017ee je dostate\u010dn\u011b opil\u00fd, aby vstal a odt\u00e1hl T\u00f3mase stranou.<\/p><\/div>\n<div style=\"text-align:justify\">&#8222;M\u00e1\u0161 svoji loutnu?&#8220; Zeptal se ho Ville, zat\u00edmco hladil pramen jeho spleten\u00fdch vlas\u016f. Trochu u toho \u0161kytal.<\/div>\n<div style=\"text-align:justify\">&#8222;Ano.&#8220; T\u00f3mas ho chv\u00edli pozoroval p\u0159edt\u00edm, ne\u017e popadl zm\u00edn\u011bn\u00fd n\u00e1stroj.<\/div>\n<div style=\"text-align:justify\">&#8222;Zahraj mi a zp\u00edvej se mnou, T\u00f3me.&#8220;<\/div>\n<div style=\"text-align:justify\">&#8222;A o \u010dem?&#8220;<\/div>\n<div style=\"text-align:justify\">&#8222;O zab\u00edjen\u00ed drak\u016f!&#8220; Zvolal nad\u0161en\u011b Ville. T\u00f3mas za\u010dal hr\u00e1t radostn\u00fd rytmus a brzy se ozval Vill\u016fv hlas, jasn\u011b a hlasit\u011b p\u0159es cel\u00e9 hlavn\u00ed pansk\u00e9 s\u00eddlo. Vesni\u010dan\u00e9 a farm\u00e1\u0159i tak ocenili dal\u0161\u00ed z jeho schopnost\u00ed.<\/div>\n<div style=\"text-align:center\"><em><\/p>\n<p>Jsem naz\u00fdv\u00e1n vzne\u0161en\u00fdm zv\u00ed\u0159etem<\/em><\/div>\n<div style=\"text-align:center\"><em>a temn\u00fd je m\u00e9 jm\u00e9no,<\/em><\/div>\n<div style=\"text-align:center\"><em>m\u016fj ostr\u00fd me\u010d podvrhl u\u0161lechtilou hostinu<\/em><\/div>\n<div style=\"text-align:center\"><em>a te\u010f bo\u017esky odpo\u010d\u00edv\u00e1.<\/em><\/div>\n<div style=\"text-align:center\"><em>Nikdy jsem nebyl mlad\u00fd se slab\u00fdm srdcem,<\/em><\/div>\n<div style=\"text-align:center\"><em>state\u010dnost ve v\u011bku odhalena.<\/em><\/div>\n<div style=\"text-align:center\"><em>Dobyto poddanstv\u00ed Vallfatherova um\u011bn\u00ed,<\/em><\/div>\n<div style=\"text-align:center\"><em>bla\u017een\u00e1 svoboda, smrt v\u00edt\u011bz\u00ed.<\/em><\/div>\n<div style=\"text-align:center\"><em>Naslouchej sv\u00e9mu posledn\u00edmu zvuku m\u00e9ho me\u010de.<\/em><\/div>\n<div style=\"text-align:center\"><em>Tv\u016fj, kat &#8211; Gram ob\u00e1van\u00fd,<\/em><\/div>\n<div style=\"text-align:center\"><em>stra\u0161n\u00fd maso\u017erav\u010de.<\/em><\/div>\n<div>\n<p>*Fleskvirki &#8211; Slaninov\u00e1 pevnost<\/p>\n<p><strong>autor: Synnie<\/strong><\/div>\n<div><strong>p\u0159eklad Emilia<\/strong><\/div>\n<div><strong>betaread: J. :o)<\/strong><\/div>\n<div><strong> <\/strong><\/div>\n<div><strong> <\/strong><\/div>\n<div><\/div>\n<div style=\"text-align:justify\"><a href=\"http:\/\/fiction.tokiohotelfiction.com\/viewstory.php?sid=13575\" target=\"_blank\" rel=\"noopener noreferrer\"><strong>original<\/strong><\/a><\/div>\n","protected":false},"excerpt":{"rendered":"<p>autor: Synnie Duchov\u00e9 vracej\u00edc\u00edch se mu\u017e\u016f byli vysoko. Ano, ztratili dobr\u00e9 voj\u00e1ky &#8211; p\u0159esn\u011b 3 &#8211; a jejich Jarl byl zran\u011bn\u00fd. Ale porazili draka! Nevykoupali se v jej\u00ed krvi, ale chystali se poslat povozy zp\u011bt do jeskyn\u011b kv\u016fli jej\u00edmu masu. Tenhle \u00falovek<\/p>\n<p class=\"link-more\"><a class=\"myButt \" href=\"https:\/\/twincestblog.cz\/domains\/twincestblog.cz\/2017\/08\/10\/die-wachter-12\/\">Read More<\/a><\/p>\n","protected":false},"author":1,"featured_media":0,"comment_status":"open","ping_status":"open","sticky":false,"template":"","format":"standard","meta":{"_exactmetrics_skip_tracking":false,"_exactmetrics_sitenote_active":false,"_exactmetrics_sitenote_note":"","_exactmetrics_sitenote_category":0,"footnotes":""},"categories":[677],"tags":[],"class_list":["post-1092","post","type-post","status-publish","format-standard","hentry","category-die-wachter"],"_links":{"self":[{"href":"https:\/\/twincestblog.cz\/domains\/twincestblog.cz\/wp-json\/wp\/v2\/posts\/1092","targetHints":{"allow":["GET"]}}],"collection":[{"href":"https:\/\/twincestblog.cz\/domains\/twincestblog.cz\/wp-json\/wp\/v2\/posts"}],"about":[{"href":"https:\/\/twincestblog.cz\/domains\/twincestblog.cz\/wp-json\/wp\/v2\/types\/post"}],"author":[{"embeddable":true,"href":"https:\/\/twincestblog.cz\/domains\/twincestblog.cz\/wp-json\/wp\/v2\/users\/1"}],"replies":[{"embeddable":true,"href":"https:\/\/twincestblog.cz\/domains\/twincestblog.cz\/wp-json\/wp\/v2\/comments?post=1092"}],"version-history":[{"count":0,"href":"https:\/\/twincestblog.cz\/domains\/twincestblog.cz\/wp-json\/wp\/v2\/posts\/1092\/revisions"}],"wp:attachment":[{"href":"https:\/\/twincestblog.cz\/domains\/twincestblog.cz\/wp-json\/wp\/v2\/media?parent=1092"}],"wp:term":[{"taxonomy":"category","embeddable":true,"href":"https:\/\/twincestblog.cz\/domains\/twincestblog.cz\/wp-json\/wp\/v2\/categories?post=1092"},{"taxonomy":"post_tag","embeddable":true,"href":"https:\/\/twincestblog.cz\/domains\/twincestblog.cz\/wp-json\/wp\/v2\/tags?post=1092"}],"curies":[{"name":"wp","href":"https:\/\/api.w.org\/{rel}","templated":true}]}}