{"id":11037,"date":"2010-08-06T15:30:00","date_gmt":"2010-08-06T14:30:00","guid":{"rendered":"http:\/\/twincestblog.cz\/?p=11010"},"modified":"2010-08-06T15:30:00","modified_gmt":"2010-08-06T14:30:00","slug":"liebe-du-bist-meine-1","status":"publish","type":"post","link":"https:\/\/twincestblog.cz\/domains\/twincestblog.cz\/2010\/08\/06\/liebe-du-bist-meine-1\/","title":{"rendered":"Liebe, du bist meine 1."},"content":{"rendered":"<div><strong>autor: Sch-Rei<\/strong><\/div>\n<div><strong><em><br \/><\/em><\/strong><\/div>\n<div style=\"text-align:center\"><strong>Pokra\u010dov\u00e1n\u00ed k&nbsp;Huren, Bordell\u2026 Und die Liebe, Krankheit<\/strong><\/div>\n<div style=\"text-align:center\"><strong>Familie\u2026 Und die Liebe<\/strong><\/div>\n<div><em>Ahojky,<\/em><\/div>\n<div><em>Ne\u010dekala bych a mysl\u00edm \u017ee nikdo, \u017ee je\u0161t\u011b s&nbsp;touhle pov\u00eddkou p\u0159ijdu. Je to t\u0159et\u00ed \u0159ada a mysl\u00edm \u017ee tentokr\u00e1t u\u017e posledn\u00ed, i kdy\u017e\u2026 uvid\u00edme, co vymysl\u00edm \ud83d\ude00 Tohle by m\u011bl b\u00fdt jen takov\u00fd \u00favodn\u00ed d\u00edl, tak\u017ee je tro\u0161ku krat\u0161\u00ed. To proto, aby se shrnul n\u011bjak ten rok, od toho, co se stalo v&nbsp;posledn\u00edm d\u00edle Krankheit.<\/em><\/div>\n<div><em>Tak komentujte a douf\u00e1m, \u017ee se bude l\u00edbit v\u00edc ne\u017e p\u0159edchoz\u00ed dv\u011b \u0159ady (: Pap\u00e1 Sch-Rei<\/em><\/div>\n<div><em><br \/><\/em><\/div>\n<div><img decoding=\"async\" title=\"426\" class=\"center\" src=\"http:\/\/twincestblog.cz\/wp-content\/uploads\/4b9bdd1692_67732382_o2.jpg\" alt=\"426\" \/><\/div>\n<div><\/div>\n<div>Dredat\u00fd chlapec sed\u011bl na seda\u010dce v&nbsp;ob\u00fdvac\u00edm pokoji. P\u0159em\u00fd\u0161lel a v&nbsp;rukou dr\u017eel fotoalbum. Plakal. D\u00edval se na fotky z&nbsp;d\u011btstv\u00ed. P\u0159ejel ukazov\u00e1\u010dkem p\u0159es tv\u00e1\u0159 na fotce mal\u00e9ho d\u00edt\u011bte. M\u00edrn\u011b \u017eensk\u00e9 rysy, \u010dokol\u00e1dov\u011b hn\u011bd\u00e9 o\u010di, pln\u00e9 rty. Potichu zavzlykal. Nen\u00ed mo\u017en\u00e9, \u017ee ode\u0161el. Nen\u00ed mo\u017en\u00e9, \u017ee u\u017e nen\u00ed na tomto sv\u011bt\u011b\u2026 \u017de u\u017e nen\u00ed s n\u00edm.<\/div>\n<div><strong><br \/><\/strong><\/div>\n<div><em>&#8222;Po tom, co se mu stalo, jsem se odst\u011bhoval zp\u011bt k&nbsp;matce. Nemohl jsem ho chodit nav\u0161t\u011bvovat, m\u011bl jsem to zak\u00e1zan\u00e9. Po p\u016fl roce mi m\u00e1m \u0159ekla, \u017ee\u2026 \u017de u\u017e ho nikdy neuvid\u00edm. Zem\u0159el\u2026 Odst\u011bhovali jsme se s&nbsp;m\u00e1mou sem do \u010ceska i s jej\u00edm nov\u00fdm p\u0159\u00edtelem a \u010dekaj\u00ed nov\u00fd p\u0159\u00edr\u016fstek do rodiny. V\u0161echno je jinak. J\u00e1 s\u00e1m u\u017e jsem pro\u017eil n\u011bkolik vztah\u016f, ale ani jeden mi nevydr\u017eel. V\u017edycky jsem si \u0159ekl, co by \u0159ekl Bill tomu, \u017ee si u\u017e\u00edv\u00e1m s&nbsp;jinou? Bylo by mu l\u00edto, \u017ee s&nbsp;jinou sp\u00edm, a p\u0159itom nemysl\u00edm na n\u011bj, netruchl\u00edm? Chyb\u00ed\u0161 mi, br\u00e1\u0161ko\u2026&#8220;<\/em><\/div>\n<div><em><br \/><\/em><\/div>\n<div>Chlapec s&nbsp;\u010dern\u00fdmi vlasy zvednut\u00fdmi dovrchu se proch\u00e1zel s&nbsp;rukama v&nbsp;kaps\u00e1ch po temn\u00e9 no\u010dn\u00ed ulici. Po jeho tv\u00e1\u0159i tancovaly \u010dern\u00e9 slzy. D\u00edval se do zem\u011b a vzpom\u00ednal. Ostatn\u011b\u2026 Tak jako ka\u017ed\u00fd den. Lid\u00e9 ho m\u011bli za bl\u00e1zna a on tak\u00e9 byl. Byl bl\u00e1zen, ale do n\u011bj. Do n\u011bkoho, o koho p\u0159i\u0161el.<\/div>\n<hr \/>\n<div><\/div>\n<div><em>&#8222;Byl jsem v&nbsp;nemocnici. Nejd\u0159\u00edv jsem si nemohl na posledn\u00edch p\u00e1r t\u00fddn\u016f vzpomenout, ale \u010dasem jsem si v\u0161echno dok\u00e1zal a\u017e moc \u017eiv\u011b vybavit. Musel jsem odjet k&nbsp;nevlastn\u00edmu otci, kter\u00fd mi \u0159ekl, \u017ee mamka s&nbsp;bratrem zam\u0159eli p\u0159i autonehod\u011b. Dote\u010f tomu nem\u016f\u017eu uv\u011b\u0159it, i kdy\u017e u\u017e to bude rok. Stalo se to b\u011bhem m\u00e9ho l\u00e9\u010den\u00ed v&nbsp;nemocnici. S&nbsp;nik\u00fdm se nebav\u00edm, nechci navazovat vztahy. Chci pouze b\u00fdt s&nbsp;osobou, do kter\u00e9 jsem se zamiloval, kter\u00e1 mi dala v\u0161e, co mohla, kter\u00e1 mi byla ze v\u0161ech ostatn\u00edch nejbl\u00ed\u017ee. S&nbsp;otcem jsme se pozd\u011bji p\u0159est\u011bhovali na Slovensko, ale n\u011bkdy doj\u00ed\u017ed\u00edme do \u010deska kv\u016fli jeho pr\u00e1ci. Ov\u0161em nenech\u00e1v\u00e1 m\u011b z&nbsp;n\u011bjak\u00e9ho d\u016fvodu bez dozoru. Ov\u0161em to pr\u00fd d\u016fvod m\u00e1, kter\u00fd mi nechce objasnit\u2026&#8220;<\/em><\/div>\n<div style=\"text-align:center\"><em><br \/><\/em><\/div>\n<div style=\"text-align:center\"><em>Flashback &#8211; p\u0159ed rokem<\/em><\/div>\n<div style=\"text-align:center\"><em><br \/><\/em><\/div>\n<div>&#8222;Tak\u017ee s&nbsp;tebou m\u016f\u017eu po\u010d\u00edtat?&#8220; ot\u00e1zala se Simone jej\u00edho druh\u00e9ho b\u00fdval\u00e9ho man\u017eela.<\/div>\n<div>&#8222;Nezapome\u0148, \u017ee ti to dlu\u017e\u00edm, i kdy\u017e se boj\u00edm, \u017ee to stejn\u011b \u010dasem vyjde napovrch. \u017d\u00e1dn\u00e1 le\u017e nez\u016fstane zatajen\u00e1 dlouho, Simone,&#8220; povzdechnul si Gordon.<\/div>\n<div>&#8222;Ale to u\u017e vy\u0159e\u0161\u00edme a\u017e ta chv\u00edle nastane. Nav\u00edc nebudou m\u00edt na sebe \u017e\u00e1dn\u00fd kontakt, ani se k&nbsp;sob\u011b nep\u0159ibl\u00ed\u017e\u00ed, budeme i ka\u017ed\u00fd v&nbsp;jin\u00e9 zemi.&#8220;<\/div>\n<div>&#8222;Ale v\u00ed\u0161, \u017ee v&nbsp;\u010cesk\u00e9 Republice m\u00edv\u00e1m slu\u017eebn\u00ed cesty.&#8220;<\/div>\n<div>&#8222;Ano, na druh\u00e9 stran\u011b republiky, Gordone,&#8220; zasm\u00e1la se Simone.<br \/>&#8222;Oh, ale to je pravda.&#8220; Simone za\u010dala n\u011bco hledat v&nbsp;kabelce.<br \/>&#8222;Tady m\u00e1\u0161 Billovy doklady a tak d\u00e1le. Bude\u0161 to v\u0161echno pot\u0159ebovat,&#8220; pousm\u00e1la se a podala mu je. Za\u010daly se j\u00ed hrnout slzy do o\u010d\u00ed. St\u00e1li u nemocni\u010dn\u00edho l\u016f\u017eka jej\u00edho mlad\u0161\u00edho syna. Simone si stoupla k&nbsp;posteli a naklonila se k&nbsp;n\u011bmu.<\/div>\n<div>&#8222;Billi, bude\u0161&#8230; Bude\u0161 mi chyb\u011bt, zlat\u00ed\u010dko,&#8220; potichu zavzlykala a l\u00edbla ho na \u010delo.<\/div>\n<div><\/div>\n<div style=\"text-align:center\"><em>Konec flashbacku<\/em><\/div>\n<div><\/div>\n<div><strong>autor: Sch-Rei<\/strong><\/div>\n<div><strong>betaread: Clarrkys<\/strong><\/div>\n","protected":false},"excerpt":{"rendered":"<p>autor: Sch-Rei Pokra\u010dov\u00e1n\u00ed k&nbsp;Huren, Bordell\u2026 Und die Liebe, Krankheit Familie\u2026 Und die Liebe Ahojky, Ne\u010dekala bych a mysl\u00edm \u017ee nikdo, \u017ee je\u0161t\u011b s&nbsp;touhle pov\u00eddkou p\u0159ijdu. Je to t\u0159et\u00ed \u0159ada a mysl\u00edm \u017ee tentokr\u00e1t u\u017e posledn\u00ed, i kdy\u017e\u2026 uvid\u00edme, co vymysl\u00edm \ud83d\ude00 Tohle<\/p>\n<p class=\"link-more\"><a class=\"myButt \" href=\"https:\/\/twincestblog.cz\/domains\/twincestblog.cz\/2010\/08\/06\/liebe-du-bist-meine-1\/\">Read More<\/a><\/p>\n","protected":false},"author":1,"featured_media":0,"comment_status":"open","ping_status":"open","sticky":false,"template":"","format":"standard","meta":{"_exactmetrics_skip_tracking":false,"_exactmetrics_sitenote_active":false,"_exactmetrics_sitenote_note":"","_exactmetrics_sitenote_category":0,"footnotes":""},"categories":[347],"tags":[],"class_list":["post-11037","post","type-post","status-publish","format-standard","hentry","category-liebe-du-bist-meine"],"_links":{"self":[{"href":"https:\/\/twincestblog.cz\/domains\/twincestblog.cz\/wp-json\/wp\/v2\/posts\/11037","targetHints":{"allow":["GET"]}}],"collection":[{"href":"https:\/\/twincestblog.cz\/domains\/twincestblog.cz\/wp-json\/wp\/v2\/posts"}],"about":[{"href":"https:\/\/twincestblog.cz\/domains\/twincestblog.cz\/wp-json\/wp\/v2\/types\/post"}],"author":[{"embeddable":true,"href":"https:\/\/twincestblog.cz\/domains\/twincestblog.cz\/wp-json\/wp\/v2\/users\/1"}],"replies":[{"embeddable":true,"href":"https:\/\/twincestblog.cz\/domains\/twincestblog.cz\/wp-json\/wp\/v2\/comments?post=11037"}],"version-history":[{"count":0,"href":"https:\/\/twincestblog.cz\/domains\/twincestblog.cz\/wp-json\/wp\/v2\/posts\/11037\/revisions"}],"wp:attachment":[{"href":"https:\/\/twincestblog.cz\/domains\/twincestblog.cz\/wp-json\/wp\/v2\/media?parent=11037"}],"wp:term":[{"taxonomy":"category","embeddable":true,"href":"https:\/\/twincestblog.cz\/domains\/twincestblog.cz\/wp-json\/wp\/v2\/categories?post=11037"},{"taxonomy":"post_tag","embeddable":true,"href":"https:\/\/twincestblog.cz\/domains\/twincestblog.cz\/wp-json\/wp\/v2\/tags?post=11037"}],"curies":[{"name":"wp","href":"https:\/\/api.w.org\/{rel}","templated":true}]}}