{"id":11290,"date":"2010-07-07T15:30:00","date_gmt":"2010-07-07T14:30:00","guid":{"rendered":"http:\/\/twincestblog.cz\/?p=11263"},"modified":"2010-07-07T15:30:00","modified_gmt":"2010-07-07T14:30:00","slug":"nejkrasnejsi-pohled-1","status":"publish","type":"post","link":"https:\/\/twincestblog.cz\/domains\/twincestblog.cz\/2010\/07\/07\/nejkrasnejsi-pohled-1\/","title":{"rendered":"Nejkr\u00e1sn\u011bj\u0161\u00ed pohled 1."},"content":{"rendered":"<div><strong>autor: Neilinka<\/strong><\/p>\n<\/div>\n<div><em>Pov\u00eddka z&nbsp;jezdeck\u00e9ho prost\u0159ed\u00ed. Kdo nem\u016f\u017ee vyst\u00e1t kon\u011b, ani to ne\u010dt\u011bte. Snad se bude l\u00edbit. Neili<\/em><\/p>\n<\/div>\n<div>&#8222;Bohu\u017eel, diagn\u00f3za je jasn\u00e1. Zran\u011bn\u00ed bylo p\u0159\u00edli\u0161 z\u00e1t\u011b\u017eov\u00e9. V\u00e1\u0161 syn u\u017e nikdy nebude chodit, nato\u017epak jezdit\u2026&#8220;<\/p>\n<\/div>\n<div>Mlad\u00edkovi se ta v\u011bta honila v&nbsp;hlav\u011b po\u0159\u00e1d dokola. Sly\u0161el tenkr\u00e1t, co nem\u011bl. Nem\u011bl sly\u0161et, \u017ee u\u017e se nikdy nepostav\u00ed, i kdy\u017e mu bylo sotva dvacet. Dokto\u0159i necht\u011bli, aby mu to sebralo s\u00edlu bojovat. &nbsp;<\/div>\n<div>Nen\u00e1vid\u011bl to datum. 1. z\u00e1\u0159\u00ed. Ten den, ka\u017ed\u00fd&nbsp;dal\u0161\u00ed rok si bude p\u0159ipom\u00ednat, \u017ee byl dal\u0161\u00edm rokem mrz\u00e1k. Na elektrick\u00e9m voz\u00ed\u010dku, aby se nemusel moc nam\u00e1hat. Stejn\u011b n\u011bkdy to\u010dil kole\u010dky rukama, aby na\u0161tval rodi\u010de. Chr\u00e1nili ho i te\u010f, kdy\u017e u\u017e vlastn\u011b nebylo p\u0159ed \u010d\u00edm. Nic hor\u0161\u00edho se mu st\u00e1t nemohlo. &nbsp;<\/div>\n<div>Zad\u00edval se na st\u011bnu plnou zar\u00e1movan\u00fdch fotek. Nen\u00ed to v\u016fbec d\u00e1vno. V\u011bt\u0161ina z&nbsp;nich byla po\u0159\u00edzen\u00e1 tak p\u0159ed necel\u00fdm rokem. Ale Billovi se to zd\u00e1lo jako v\u011b\u010dnost. Jako minul\u00fd \u017eivot. Tenhle nebyl jeho. Ale n\u011bjak\u00e9ho ciz\u00edho kluka, kter\u00fd m\u011bl jednoho dne pekelnou sm\u016flu. To se jemu nest\u00e1valo.<\/p>\n<\/div>\n<div>Jako vytou\u017een\u00e9 a jedin\u00e9 d\u00edt\u011b sv\u00fdch rodi\u010d\u016f m\u011bl Bill v\u017edy v\u0161echno, co si kdy p\u0159\u00e1l. Ale ne zadarmo. Musel o to projevit skute\u010dn\u00fd z\u00e1jem. Teprve pak se rodi\u010de nechali p\u0159emluvit. I k&nbsp;je\u017ed\u011bn\u00ed na koni.<\/p>\n<\/div>\n<div>Bill byl velice \u017eiv\u00e9&nbsp; d\u00edt\u011b. Byl ale tak\u00e9&nbsp;neskute\u010dn\u011b&nbsp;c\u00edlev\u011bdom\u00fd&nbsp;a u\u010denliv\u00fd, jak o n\u011bm v\u017edy prohla\u0161oval jeho tren\u00e9r. Jeho \u00fasp\u011bchy st\u00e1ly za tvrdou d\u0159inou a v des\u00edtk\u00e1ch hodin v&nbsp;sedle t\u00fddn\u011b. Kon\u00edm v\u011bnoval ve\u0161ker\u00fd sv\u016fj voln\u00fd \u010das. K&nbsp;tomu se ale st\u00edhal u\u010dit do \u0161koly a plnit tak podm\u00ednku rodi\u010d\u016f, \u017ee bude m\u00edt dobr\u00e9 zn\u00e1mky.&nbsp;<\/div>\n<hr \/>\n<div><\/div>\n<div>Za\u010dal jezdit ve sv\u00fdch p\u011bti letech, a u\u017e v&nbsp;osmi m\u011bl jezdeckou licenci na pon\u00edka. Hned pot\u00e9 za\u010dal obj\u00ed\u017ed\u011bt kdejak\u00e9 z\u00e1vody a z&nbsp;v\u011bt\u0161iny z&nbsp;nich odj\u00ed\u017ed\u011bl dom\u016f jako v\u00edt\u011bz nebo um\u00edst\u011bn\u00fd. Ale p\u0159ich\u00e1zely samoz\u0159ejm\u011b i p\u00e1dy, kter\u00fdch se zvl\u00e1\u0161t\u011b maminka, kv\u016fli jeho k\u0159ehk\u00e9 postav\u011b, hodn\u011b b\u00e1la. Bill byl ale tak\u00e9 mr\u0161tn\u00fd a jak se u ko\u0148\u00e1k\u016f \u0159\u00edk\u00e1 &#8222;um\u011bl padat&#8220;, tak\u017ee si nikdy nic nezlomil. Ani nehet. &nbsp;<\/div>\n<div>V&nbsp;ten osudn\u00fd den ale rozhodn\u011b padat neum\u011bl. M\u011bl to p\u0159ed o\u010dima ka\u017edou noc, kdy\u017e se mu poda\u0159ilo usnout. Jeho h\u0159ebce tenkr\u00e1t polekal proj\u00ed\u017ed\u011bj\u00edc\u00ed n\u00e1kla\u010f\u00e1k, kter\u00fd se m\u00e1lem srazil s&nbsp;osob\u00e1kem, a tak zatroubil. H\u0159ebec t\u011bsn\u011b p\u0159ed p\u0159ek\u00e1\u017ekou odsko\u010dil do strany a vymr\u0161til tak Billa ze sedla p\u0159\u00edmo do byteln\u00fdch d\u0159ev\u011bn\u00fdch kostek takzvan\u00e9 zdi. Noha se mu ale zasekla ve t\u0159menu a k\u016f\u0148 se polekal, co se mu to plete pod nohama. Po\u0161lapal Billa, kter\u00fd u\u017e byl v&nbsp;bezv\u011bdom\u00ed, a pak ut\u00edkal pry\u010d. &nbsp;<\/div>\n<div>Tolik pol\u00e1man\u00fdch kost\u00ed&nbsp; snad v&nbsp;\u017eivot\u011b dokto\u0159i pohromad\u011b nevid\u011bli. Od rukou, p\u0159es \u017eebra a p\u00e1nev, a\u017e po nohy. Nane\u0161t\u011bst\u00ed to odnesla i p\u00e1te\u0159, a to se Billovi stalo osudn\u00fdm. P\u0159estal c\u00edtit nohy. Ani operace, ani rehabilitace a podp\u016frn\u00e1 strava a l\u00e9ky, mu nepomohly. Bill to vzdal. Nem\u011bl u\u017e s\u00edlu to zkou\u0161et d\u00e1l. Bolelo to a nikam to nevedlo. Byl konec. I dokto\u0159i nad n\u00edm zlomili h\u016fl. Byl invalida.<\/p>\n<\/div>\n<div>Usly\u0161el klep\u00e1n\u00ed&nbsp;na dve\u0159e. P\u0159estal p\u0159em\u00fd\u0161let a odpov\u011bd\u011bl: &#8222;D\u00e1le.&#8220;<\/p>\n<\/div>\n<div>&#8222;Ahoj, zlato.&#8220; Rodi\u010de se posadili na gau\u010d. &#8222;P\u0159i\u0161li jsme si s&nbsp;tebou promluvit. \u2026 O kon\u00edch.&#8220;<\/p>\n<\/div>\n<div>A je to tady. Te\u010f&nbsp;je budou cht\u00edt prodat. Jeho v\u011brn\u00e9&nbsp;par\u0165\u00e1ky, se kter\u00fdmi vyhr\u00e1val. Se kter\u00fdmi d\u0159el. Byli to jeho p\u0159\u00e1tel\u00e9. Tohle nedopust\u00ed. &nbsp;<\/div>\n<div>&#8222;Billi, v\u00edme, co pro tebe znamenaj\u00ed. V\u00edme, \u017ee je m\u00e1\u0161 v\u0161echny r\u00e1d. Ale mysli na n\u011b. Oni jsou je\u0161t\u011b mlad\u00ed, perspektivn\u00ed a maj\u00ed p\u0159ed sebou budoucnost. Je \u0161koda, aby se jen tak pop\u00e1sali na louce, kdy\u017e m\u016f\u017eou d\u00e1l z\u00e1vodit a d\u011blat n\u011bkomu radost, nemysl\u00ed\u0161?&#8220;<\/p>\n<\/div>\n<div>&#8222;Jo, je mi jich l\u00edto, ale p\u00e1n\u00ed\u010dek se jim bohu\u017eel zmrza\u010dil. J\u00e1 je prost\u011b nem\u016f\u017eu prodat.&#8220;<\/p>\n<\/div>\n<div>&#8222;Ale Bille, vid\u00edme, jak ti je, kdy\u017e jde\u0161 za nimi do st\u00e1je. V\u017edycky kdy\u017e se vr\u00e1t\u00ed\u0161, jsi tak smutn\u00fd. Nem\u016f\u017eeme se d\u00edvat, jak se tr\u00e1p\u00ed\u0161 vzpom\u00ednkami.&#8220;<\/p>\n<\/div>\n<div>Rodi\u010de m\u011bli v&nbsp;n\u011b\u010dem pravdu. Bolelo ho, \u017ee u\u017e se nikdy neprojede ani na jednom z&nbsp;jeho kon\u00ed. Byli v\u0161ichni temperamentn\u00ed a jemu by sta\u010dil jeden p\u00e1d a mohl by m\u00edt ochrnutou i horn\u00ed \u010d\u00e1st t\u011bla. V\u011bd\u011bl to moc dob\u0159e, p\u0159esto si n\u011bkdy \u0159\u00edkal, \u017ee by to r\u00e1d risknul, jen za to, aby se mohl znovu posadit na ko\u0148sk\u00fd h\u0159bet. &nbsp;<\/div>\n<div>&#8222;A co je pronaj\u00edmat?&#8220; Vyhrkl najednou. &nbsp;<\/div>\n<div>&#8222;Pronaj\u00edmat? No\u2026&#8220; Rodi\u010de se po sob\u011b pod\u00edvali. &#8222;To\u2026 vlastn\u011b nen\u00ed ten nejhor\u0161\u00ed n\u00e1pad&#8230; jestli to tak chce\u0161 a n\u011bkoho najdeme\u2026 pro\u010d ne, zkusit se m\u00e1 v\u0161echno.&#8220;<\/p>\n<\/div>\n<div>Bill se c\u00edtil o n\u011bco \u0161\u0165astn\u011bj\u0161\u00ed, kdy\u017e rodi\u010de odch\u00e1zeli sm\u00ed\u0159en\u00ed s&nbsp;jeho n\u00e1vrhem. V\u011bd\u011bl, \u017ee kdyby jeho kon\u011b jen st\u00e1li v&nbsp;boxu, nebo se pop\u00e1sali ve v\u00fdb\u011bhu, byl by k&nbsp;nim nesm\u00edrn\u011b sobeck\u00fd. Tohle bylo \u0159e\u0161en\u00ed jak pro n\u011b, tak pro n\u011bj. Bude je m\u00edt na o\u010d\u00edch a z\u00e1rove\u0148 nevyjdou z&nbsp;kondice. &nbsp;<\/div>\n<div>O t\u00fdden pozd\u011bji: &nbsp;<\/div>\n<div>&#8222;Ne, promi\u0148te, v\u00edte, oni jsou zvykl\u00ed na lehkou v\u00e1hu. J\u00e1 m\u00e1m asi tak pades\u00e1t kilo.&#8220; Chl\u00e1pek se po Billovi divn\u011b pod\u00edval. V\u017edy\u0165 je na voz\u00ed\u010dku. Co to m\u00e1 spole\u010dn\u00e9ho s&nbsp;jeho vahou? A on nen\u00ed tlust\u00fd.<\/div>\n<div>Bez odpov\u011bdi ode\u0161el s&nbsp;ura\u017een\u011b vystr\u010den\u00fdm nosem nahoru. &nbsp;<\/div>\n<div>Rodi\u010de se p\u0159\u00edsn\u011b&nbsp;pod\u00edvali na Billa. &nbsp;<\/div>\n<div>&#8222;Co? Vid\u011bli jste ty jeho kila? V\u017edy\u0165 v\u00e1\u017eil snad sto pades\u00e1t, to by s&nbsp;n\u00edm nikdo nesko\u010dil ani dvaceticentimetrov\u00fd k\u0159\u00ed\u017eek!&#8220; &nbsp;<\/div>\n<div>&#8222;Billi, zlato. Zat\u00edm jsi odm\u00edtl v\u0161echny, kdo si cht\u011bli pronajmout tv\u00e9 kon\u011b. Nen\u00ed&nbsp;za t\u00edm n\u00e1hodou n\u011bco jin\u00e9ho? Ta pan\u00ed vypadala docela dob\u0159e, ta blond\u00fdnka, ta p\u0159ece byla huben\u00e1.&#8220; &nbsp;<\/div>\n<div>&#8222;Jo, mami, jen\u017ee byla \u00fapln\u00fd za\u010d\u00e1te\u010dn\u00edk a nepoznala zadek kon\u011b od p\u0159edku. Ty bys j\u00ed na\u0161e kon\u011b sv\u011b\u0159ila? J\u00e1 tedy ne.&#8220; Mo\u017en\u00e1 bylo n\u011bco na tom, \u017ee v\u0161echny odm\u00edtal, ale necht\u011bl si to p\u0159ipustit. &nbsp;<\/div>\n<div>&#8222;J\u00e1 zkr\u00e1tka jen chci, aby ten \u010dlov\u011bk, co na nich bude jezdit, byl zodpov\u011bdn\u00fd, zku\u0161en\u00fd jezdec, s&nbsp;pr\u016fm\u011brn\u011b stejnou postavou a stylem je\u017ed\u011bn\u00ed jako jsem j\u00e1. Nechci, aby si museli zvykat na n\u011bkoho \u00fapln\u011b jin\u00e9ho. Rozhod\u00ed je to.&#8220;<\/p>\n<\/div>\n<div>Rodi\u010de si povzdychli. &#8222;No tak dob\u0159e. Omez\u00edme nab\u00eddku na chlapce, ve v\u011bku 18 a\u017e 25 let, se \u0161t\u00edhlou postavou a zku\u0161enostmi a sportovn\u00edmi ambicemi. Sta\u010d\u00ed?&#8220;<\/p>\n<\/div>\n<div>&#8222;Sta\u010d\u00ed.&#8220; Bill potajmu doufal, \u017ee se nikdo takov\u00fd nenajde.<\/p>\n<\/div>\n<div><strong>autor: Neilinka<\/strong><\/div>\n<div><strong>betaread: Janule<\/strong><\/div>\n","protected":false},"excerpt":{"rendered":"<p>autor: Neilinka Pov\u00eddka z&nbsp;jezdeck\u00e9ho prost\u0159ed\u00ed. Kdo nem\u016f\u017ee vyst\u00e1t kon\u011b, ani to ne\u010dt\u011bte. Snad se bude l\u00edbit. Neili &#8222;Bohu\u017eel, diagn\u00f3za je jasn\u00e1. Zran\u011bn\u00ed bylo p\u0159\u00edli\u0161 z\u00e1t\u011b\u017eov\u00e9. V\u00e1\u0161 syn u\u017e nikdy nebude chodit, nato\u017epak jezdit\u2026&#8220; Mlad\u00edkovi se ta v\u011bta honila v&nbsp;hlav\u011b po\u0159\u00e1d dokola. Sly\u0161el<\/p>\n<p class=\"link-more\"><a class=\"myButt \" href=\"https:\/\/twincestblog.cz\/domains\/twincestblog.cz\/2010\/07\/07\/nejkrasnejsi-pohled-1\/\">Read More<\/a><\/p>\n","protected":false},"author":1,"featured_media":0,"comment_status":"open","ping_status":"open","sticky":false,"template":"","format":"standard","meta":{"_exactmetrics_skip_tracking":false,"_exactmetrics_sitenote_active":false,"_exactmetrics_sitenote_note":"","_exactmetrics_sitenote_category":0,"footnotes":""},"categories":[337],"tags":[],"class_list":["post-11290","post","type-post","status-publish","format-standard","hentry","category-nejkrasnejsi-pohled"],"_links":{"self":[{"href":"https:\/\/twincestblog.cz\/domains\/twincestblog.cz\/wp-json\/wp\/v2\/posts\/11290","targetHints":{"allow":["GET"]}}],"collection":[{"href":"https:\/\/twincestblog.cz\/domains\/twincestblog.cz\/wp-json\/wp\/v2\/posts"}],"about":[{"href":"https:\/\/twincestblog.cz\/domains\/twincestblog.cz\/wp-json\/wp\/v2\/types\/post"}],"author":[{"embeddable":true,"href":"https:\/\/twincestblog.cz\/domains\/twincestblog.cz\/wp-json\/wp\/v2\/users\/1"}],"replies":[{"embeddable":true,"href":"https:\/\/twincestblog.cz\/domains\/twincestblog.cz\/wp-json\/wp\/v2\/comments?post=11290"}],"version-history":[{"count":0,"href":"https:\/\/twincestblog.cz\/domains\/twincestblog.cz\/wp-json\/wp\/v2\/posts\/11290\/revisions"}],"wp:attachment":[{"href":"https:\/\/twincestblog.cz\/domains\/twincestblog.cz\/wp-json\/wp\/v2\/media?parent=11290"}],"wp:term":[{"taxonomy":"category","embeddable":true,"href":"https:\/\/twincestblog.cz\/domains\/twincestblog.cz\/wp-json\/wp\/v2\/categories?post=11290"},{"taxonomy":"post_tag","embeddable":true,"href":"https:\/\/twincestblog.cz\/domains\/twincestblog.cz\/wp-json\/wp\/v2\/tags?post=11290"}],"curies":[{"name":"wp","href":"https:\/\/api.w.org\/{rel}","templated":true}]}}