{"id":1181,"date":"2017-06-28T15:00:00","date_gmt":"2017-06-28T14:00:00","guid":{"rendered":"http:\/\/twincestblog.cz\/?p=1174"},"modified":"2017-06-28T15:00:00","modified_gmt":"2017-06-28T14:00:00","slug":"lykara-20","status":"publish","type":"post","link":"https:\/\/twincestblog.cz\/domains\/twincestblog.cz\/2017\/06\/28\/lykara-20\/","title":{"rendered":"Lykara 20."},"content":{"rendered":"<div><strong>autor: Bitter<\/strong><\/div>\n<div><\/div>\n<div><\/div>\n<div><\/div>\n<div style=\"text-align:center\"><img loading=\"lazy\" decoding=\"async\" width=\"750\" height=\"500\" src=\"http:\/\/twincestblog.cz\/wp-content\/uploads\/efc6bf123f_104140250_o2.jpg\" alt=\"\" \/><\/div>\n<div><\/div>\n<div><\/div>\n<div><\/div>\n<div style=\"text-align:justify\">&#8222;Billy&#8230; Nem\u011bli bychom se p\u0159evl\u00edct?&#8220; Zeptal se Tom a st\u00e1hl bratra bl\u00ed\u017e k sob\u011b, kdy\u017e rozja\u0159en\u011b vykro\u010dil na most v jeho obvykl\u00e9 lehk\u00e9 \u010dern\u00e9 ko\u0161ili bez pl\u00e1\u0161t\u011b.<\/div>\n<div style=\"text-align:justify\">&#8222;M\u00e1\u0161 pravdu, Darie nejsp\u00ed\u0161 bude trochu zima.&#8220; Ohl\u00e9dl se se starostliv\u00fdm v\u00fdrazem na princeznu, kter\u00e1 \u0161la vedle Trina notn\u00fd kus za nimi a Skay je\u0161t\u011b d\u00e1l. Trin si zase hr\u00e1l s jej\u00edm dr\u00e1\u010dkem, kter\u00fd byl viditeln\u011b v\u011bt\u0161\u00ed ne\u017e prvn\u00ed den. Sp\u00ed\u0161 ne\u017e veverka vypadal u\u017e jako p\u0159erostl\u00e1 ko\u010dka.<\/div>\n<div style=\"text-align:justify\">&#8222;Trochu? Je tam v\u0161ude sn\u00edh.&#8220;<\/div>\n<div style=\"text-align:justify\">&#8222;Jo ah\u00e1, Tome, nen\u00ed tam zima. Nemrzne tam. Na to jsi taky zapomn\u011bl? P\u0159ece v\u00ed\u0161, jak nesn\u00e1\u0161\u00edm promo\u010den\u00e9 oble\u010den\u00ed od b\u0159e\u010dky.&#8220; Nakr\u010dil nos, ale Toma neuklidnil.<\/div>\n<div style=\"text-align:justify\">&#8222;M\u011bl by sis vz\u00edt alespo\u0148 pl\u00e1\u0161\u0165&#8230;&#8220;<\/div>\n<div style=\"text-align:justify\">&#8222;Nebu\u010f po\u0159\u00e1d tak nerv\u00f3zn\u00ed, \u0159\u00edk\u00e1m ti, \u017ee tam nen\u00ed zima.&#8220;<\/div>\n<div style=\"text-align:justify\">&#8222;Nem\u016f\u017ee\u0161 to prost\u011b ud\u011blat?&#8220; Zasku\u010del Tom a Bill se zase zasm\u00e1l.<\/div>\n<div style=\"text-align:justify\">&#8222;Tys m\u011b nakreslil v zimn\u00edm kraji!&#8220;<\/div>\n<div style=\"text-align:justify\">&#8222;Jo&#8230;&#8220;<\/div>\n<div style=\"text-align:justify\">&#8222;Po\u010dkej&#8230; co jsi nakreslil tak stra\u0161n\u00e9ho, \u017ee mus\u00edm m\u00edt pl\u00e1\u0161\u0165?&#8220; Zarazil se a couvl od mostu, ke kter\u00e9mu od r\u00e1na tak kvaltoval.<\/div>\n<div style=\"text-align:justify\">&#8222;Bylo to pro jeden grafickej rom\u00e1n&#8230; nem\u011bl jsem inspiraci, tak jsem na\u010drtnul tebe&#8230; Na sn\u011bhu&#8230; jenom v nemocni\u010dn\u00ed ko\u0161ilce.&#8220; Zamumlal a Bill couvl je\u0161t\u011b v\u00edc.<\/div>\n<div style=\"text-align:justify\">&#8222;Co\u017ee jsi? Proboha, Tome&#8230; \u0160estn\u00e1ct let na to, abys na\u010dm\u00e1ral port\u00e1l, a ty mi na\u010dm\u00e1\u0159e\u0161 nemocni\u010dn\u00ed ko\u0161ilku?!&#8220; Vyjekl pobou\u0159en\u011b a Tom si rozlad\u011bn\u011b str\u010dil vypadl\u00e9 prameny za ucho.<\/div>\n<div style=\"text-align:justify\">&#8222;Neje\u010d. Promi\u0148&#8230; Byl to jen jeden obr\u00e1zek. Byla to skica bl\u00e1zince a ta postava utekla, ale u\u017e se tam pak neobjevila.&#8220;<\/div>\n<div style=\"text-align:justify\">&#8222;Bl\u00e1zen v ko\u0161ilce&#8230;&#8220; Zamumlal Bill.<\/div>\n<div style=\"text-align:justify\">&#8222;Zlob\u00ed\u0161 se?&#8220;<\/div>\n<div style=\"text-align:justify\">&#8222;Myslel jsi p\u0159i tom na Lykaru?&#8220;<\/div>\n<div style=\"text-align:justify\">&#8222;Co? Ne&#8230; na tebe&#8230;&#8220;<\/div>\n<div style=\"text-align:justify\">&#8222;Jestli jsi to nekreslil s v\u011bdom\u00edm, \u017ee je to Lykara, m\u011blo by to b\u00fdt v po\u0159\u00e1dku.&#8220; Broukl Bill, ale rad\u0161i si vzal Tom\u016fv pl\u00e1\u0161\u0165.<\/div>\n<div style=\"text-align:justify\">&#8222;J\u00e1 t\u011b fakt zabiju, Tome&#8230;&#8220; Zamumlal a vykro\u010dil.<\/div>\n<div style=\"text-align:justify\">&#8222;Jo, a hlavu odkope\u0161 do \u0159eky&#8230;&#8220; Doplnil Tom a s obavami hledal sv\u011bt\u00fdlka, kter\u00e1 se m\u011bla co nevid\u011bt objevit. Nic.<\/div>\n<div style=\"text-align:justify\">Bill s \u00falevou hodil pl\u00e1\u0161\u0165 Tomovi a r\u00e1zn\u011b pokra\u010doval d\u00e1l. To u\u017e je dohnali Trin s Dariou, a princezna se tv\u00e1\u0159ila t\u00e9m\u011b\u0159 vyd\u011b\u0161en\u011b.<\/div>\n<div style=\"text-align:justify\"><\/div>\n<div style=\"text-align:justify\"><\/div>\n<hr \/>\n<div style=\"text-align:justify\">&#8222;Trine, najdi pros\u00edm t\u011b ve v\u011bcech m\u016fj nov\u00fd pl\u00e1\u0161\u0165, je dost t\u011b\u017ek\u00fd, zah\u0159eje Dariu nejv\u00edc.&#8220; Houkl na v\u00edlen\u00edka Bill a pokra\u010doval v pochodu.<\/div>\n<div style=\"text-align:justify\">&#8222;Pr\u00fd tam nen\u00ed zima.&#8220; Zkusil se Tom na Dariu povzbudiv\u011b usm\u00e1t, ale ji to minulo.<\/div>\n<div style=\"text-align:justify\">&#8222;No tak n\u00e1m zmrzne&#8230; \u017e\u00e1dn\u00e1 \u0161koda.&#8220; Prskl Skay, kter\u00fd kolem nich pro\u0161el, a Trin za n\u00edm vypl\u00e1zl jazyk.<\/div>\n<div style=\"text-align:justify\">&#8222;Rampouch.&#8220; Tom nechal v\u00edlen\u00edka a princeznu hledat pl\u00e1\u0161\u0165 a rozb\u011bhl se za zimn\u00edm kr\u00e1lem.<\/div>\n<div style=\"text-align:justify\">&#8222;M\u00e1m toho dost.&#8220; Sykl na n\u011bj a chytil ho za nadlokt\u00ed.<\/div>\n<div style=\"text-align:justify\">&#8222;Nic ti, sakra, neud\u011blala a sna\u017e\u00ed se, jak m\u016f\u017ee. M\u011bl bys ji p\u0159estat d\u011bsit d\u0159\u00edv, ne\u017e ti v\u00e1\u017en\u011b nakopu tu tvoji kr\u00e1lovskou prdel.&#8220;<\/div>\n<div style=\"text-align:justify\">&#8222;Sn\u011bte d\u00e1l, Veli\u010denstvo, na to nebudete m\u00edt ani za sto let.&#8220; Sykl po n\u011bm Skay nazp\u011bt a Tom se jen u\u0161kl\u00edbl.<\/div>\n<div style=\"text-align:justify\">&#8222;Nane\u0161t\u011bst\u00ed pro tebe ani nemus\u00edm. Jako tv\u016fj lykarsk\u00fd Kr\u00e1l ti p\u0159ikazuju promluvit si s dra\u010d\u00ed princeznou a omluvit se j\u00ed. A bude\u0161 to myslet up\u0159\u00edmn\u011b&#8230;&#8220; dodal se \u0161kodolib\u00fdm \u00fa\u0161klebkem a dob\u011bhl Billa d\u0159\u00edv, ne\u017e ho mohl Skay zab\u00edt. Bill jen nech\u00e1pav\u011b zamrkal a klop\u00fdtl, kdy\u017e uc\u00edtil, \u017ee Tom pou\u017eil jejich moc.<\/div>\n<div style=\"text-align:justify\">Ne\u017e se mohl Toma zeptat, co to m\u00e1 znamenat, popohnal ho bratr je\u0161t\u011b v\u00edc dop\u0159edu.<\/div>\n<div style=\"text-align:justify\">\n<p>&#8222;Jak jsem \u0159\u00edkal, \u017ee m\u011b Skay moc nemus\u00ed a \u017ee to nen\u00ed osobn\u00ed&#8230; No te\u010f u\u017e to zcela jist\u011b je osobn\u00ed\u2026&#8220;<br \/>&#8222;Co jsi ud\u011blal?&#8220;<br \/>&#8222;Na\u0159\u00eddil mu, a\u0165 si promluv\u00ed s Dariou a sna\u017e\u00ed se, a\u0165 ji ned\u011bs\u00ed. A aby se omluvil.&#8220;<br \/>&#8222;Nem\u00e1\u0161 pravdu, nen\u00e1vid\u00ed t\u011b. Ale d\u0159\u00edv nebo pozd\u011bji bych mu to i na\u0159\u00eddil s\u00e1m.&#8220;<br \/>&#8222;Trin \u0159\u00edkal, \u017ee ty sis nev\u0161iml.&#8220;<br \/>&#8222;Eh, \u010deho jako? \u017de na ni Skay d\u011bl\u00e1 bububu a ona se kr\u010d\u00ed ve k\u0159ov\u00ed? To vid\u00ed i slepej.&#8220;<br \/>&#8222;Tak\u017ee m\u011bl pravdu, ty sis v\u00e1\u017en\u011b nev\u0161iml, jak na sebe u toho ha\u0161te\u0159en\u00ed z\u00edraj?&#8220;<br \/>&#8222;Ne?&#8220;<br \/>&#8222;Ale no tak? Po r\u00e1nu, kdy\u017e se Daria \u010de\u0161e, nebo minule, vzbudil jsem se po n\u011bm, vy jste je\u0161t\u011b spali a on nevn\u00edmal a jen na ni z\u00edral\u2026&#8220;<br \/>&#8222;Z\u00edral na ni, kdy\u017e spala, a z toho jsi vyvodil&#8230;? Tome, po\u0159\u00e1d \u010dek\u00e1, \u017ee n\u00e1s Daria zrad\u00ed. Hl\u00edd\u00e1 ji. I kdy\u017e je to hloupost.&#8220;<br \/>&#8222;Ale no tak? I tepl\u00e1 v\u00edla si toho v\u0161imnul.&#8220;<br \/>&#8222;Tepl\u00e1 v\u00edla?&#8220;<br \/>&#8222;No asi jo, ne? Jak se furt hih\u0148\u00e1 a v\u016fbec\u2026&#8220;<br \/>&#8222;Tome, je ti dob\u0159e?&#8220;<br \/>&#8222;V\u00ed\u0161 co, nech to bejt\u2026&#8220;<\/div>\n<div style=\"text-align:justify\">\n<p>Skay nasupen\u011b napochodoval p\u0159ed Trina a Dariu, vytrhl v\u00edlen\u00edkovi pl\u00e1\u0161\u0165, kter\u00fd Trin zrovna zv\u011bt\u0161il, a uk\u00e1zal sm\u011brem k Billovi a Tomovi.<\/p><\/div>\n<div style=\"text-align:justify\">&#8222;M\u016f\u017ee\u0161 krapet poodlet\u011bt?&#8220; Trin se jen nech\u00e1pav\u011b pod\u00edval na Kr\u00e1le vep\u0159edu, pokr\u010dil rameny a splnil, co Skay cht\u011bl. Ten te\u010f zam\u011b\u0159il svou pozornost na Dariu a ta couvla.<\/div>\n<div style=\"text-align:justify\">&#8222;Nemus\u00ed\u0161 p\u0159ede mnou po\u0159\u00e1d ut\u00edkat. Nic ti neud\u011bl\u00e1m.&#8220; Napomenul ji a Daria vystr\u010dila bojovn\u011b bradu.<br \/>&#8222;Neut\u00edk\u00e1m.&#8220; Zamumlala a nat\u00e1hla ruku, aby j\u00ed dr\u00e1\u010dek mohl vyl\u00e9zt na rameno.<\/div>\n<div style=\"text-align:justify\">&#8222;Omlouv\u00e1m se za to, jak se chov\u00e1m. V\u00edm, \u017ee ty jsi nezabila ani nezradila&#8230; ale jsi drak, nejde o to, \u017ee bych kv\u016fli tomu nen\u00e1vid\u011bl tebe, jen&#8230;&#8220;<br \/>&#8222;Rampouch se omlouv\u00e1. Kolem sn\u00edh, nev\u00edm, jestli jsem v\u016fbec vzh\u016fru, nebo se mi to zd\u00e1\u2026&#8220;<\/div>\n<div style=\"text-align:justify\">&#8222;Nehodl\u00e1\u0161 mi to uleh\u010dit, co, dr\u00e1\u010de?&#8220; Sykl jedovat\u011b a Daria zase o kus couvla. Skay p\u0159e\u0161l\u00e1pl. Tohle bylo uboh\u00e9. Tv\u00e1\u0159\u00ed se, jak je lep\u0161\u00ed ne\u017e v\u0161ichni draci dohromady, a nen\u00ed schopen se ani po\u0159\u00e1dn\u011b omluvit. Zatracen\u00fd Kr\u00e1l.<br \/>Daria se ho b\u00e1la a t\u00edmhle ji rozhodn\u011b neuklidnil.<\/p>\n<p>&#8222;Co se ti stalo?&#8220; Zeptal se m\u011bkce.<br \/>&#8222;Nemus\u00ed\u0161 ke mn\u011b b\u00fdt mil\u00fd, jestli nechce\u0161\u2026 Kr\u00e1li nic ne\u0159eknu\u2026&#8220;<br \/>&#8222;Tak to nen\u00ed\u2026 Jsi svobodn\u00e1 a jsi tady s n\u00e1mi. Mus\u00edme si v\u011b\u0159it, v p\u0159\u00edstavu jsem t\u011b vyd\u011bsil, a to jsem nem\u011bl. N\u011bkdo ti ubl\u00ed\u017eil, i tak se sna\u017e\u00ed\u0161 pomoct kr\u00e1l\u016fm stejn\u011b jako my.&#8220;<br \/>&#8222;Je to p\u0159ece na\u0161e posl\u00e1n\u00ed\u2026 chr\u00e1nit je\u2026&#8220;<br \/>&#8222;Ale m\u016f\u017eeme si vybrat, jestli to posl\u00e1n\u00ed p\u0159ijmeme a nen\u00ed to jen o korunovan\u00e9m a nekorunovan\u00e9m\u2026 je to i o ostatn\u00edch svobodn\u00fdch. Chr\u00e1n\u00edme i sebe navz\u00e1jem, tak\u017ee nikdo z n\u00e1s u\u017e nedovol\u00ed nikomu ti ubl\u00ed\u017eit, pokud to bude v na\u0161ich sil\u00e1ch. P\u0159\u00edsah\u00e1m ti to.&#8220;<br \/>&#8222;V\u00ed\u0161, co draci dok\u00e1\u017eou, a i tak m\u011b chce\u0161 chr\u00e1nit?&#8220; Zeptala se nev\u011b\u0159\u00edcn\u011b.<br \/>&#8222;Pr\u00e1v\u011b proto p\u0159\u00edsah\u00e1m, dr\u00e1\u010de. Vid\u011bl jsem to, a jestli jsi i p\u0159esto\u200b tady, zaslou\u017e\u00ed\u0161 m\u016fj respekt a ne pohrd\u00e1n\u00ed proto, \u017ee jsi taky drak.&#8220;<br \/>&#8222;Doram\u2026 zasnoubila m\u011b s n\u00edm matka, ale na\u0161el u m\u011b vr\u00e1n\u011b a myslel, \u017ee se sna\u017e\u00edm z\u00edskat vr\u00e1ny pro Doriena\u2026 kdy\u017e mu do\u0161lo, \u017ee je to naopak\u2026 nev\u00edm, jak se mi povedlo to vr\u00e1n\u011b dostat pry\u010d a potom ut\u00e9ct\u2026 nepamatuju se\u2026&#8220;  \u0160eptla a dr\u00e1\u010de zak\u0148ouralo. To sam\u00e9 u\u017e vypr\u00e1v\u011bla Billovi, a i kdy\u017e to byly t\u00fddny, co prchla, nebylo lehk\u00e9 o tom mluvit. Skay k n\u00ed pomalu do\u0161el a draka podrbal pod bradou jako \u0161t\u011bn\u011b.<\/div>\n<div style=\"text-align:justify\">&#8222;Jsi state\u010dn\u00e1.&#8220;<br \/>&#8222;Nen\u00ed to \u017e\u00e1dn\u00e1 odvaha, kdy\u017e si to ani po\u0159\u00e1dn\u011b nepamatuju.&#8220;<br \/>&#8222;Mo\u017en\u00e1 je to tak lep\u0161\u00ed. Jestli ale chce\u0161, m\u016f\u017eu t\u011b cvi\u010dit celou dobu, co budeme na cest\u011b. Bill je\u2026 nen\u00ed zrovna kreativn\u00ed u\u010ditel.&#8220;<br \/>&#8222;Ale co star\u0161\u00ed Kr\u00e1l?&#8220;<br \/>&#8222;Kr\u00e1le se m\u00e1 ujmout Valren.&#8220;<br \/>&#8222;Nev\u00edm, jestli bude me\u010d pro m\u011b to prav\u00e9\u2026 i s d\u00fdkou m\u00e1m probl\u00e9my.&#8220; Zavrt\u011bla hlavou a pod\u00edvala se na svoje ruce s dr\u00e1py.<\/div>\n<div style=\"text-align:justify\">&#8222;Jak \u0159\u00edk\u00e1m, Kr\u00e1l Bill nen\u00ed zrovna kreativn\u00ed u\u010ditel.&#8220;<\/div>\n<div style=\"text-align:justify\">\n<p>&#8222;No\u2026 tak tohle se povedlo.&#8220; Zazubil se Tom, kter\u00fd \u0161el celou dobu pozp\u00e1tku a bedliv\u011b sledoval, jak se Skay \u010din\u00ed. Podle toho, \u017ee Daria zat\u00edm neutekla a jej\u00ed drak toho rampoucha nese\u017eral, to \u0161lo evidentn\u011b dob\u0159e.<\/p><\/div>\n<div style=\"text-align:justify\">&#8222;No, jak\u00fd jsem?&#8220; Zazubil se, cht\u011bl se oto\u010dit a uv\u011bdomil si, \u017ee u\u017e je dva kroky p\u0159ed Billem, kter\u00fd se zarazil na m\u00edst\u011b a z\u00edral p\u0159ed sebe.<\/div>\n<div style=\"text-align:justify\">Pomalu se oto\u010dil ve chv\u00edli, kdy Bill vyslovil jedin\u00e9 jm\u00e9no, kter\u00e9ho se d\u011bsil v\u00edc ne\u017e Doriena.<\/div>\n<div>&#8222;Valrene\u2026&#8220;<a name=\"_GoBack\"><\/a><\/p>\n<p><strong>autor: Bitter<\/strong><\/div>\n<div><\/div>\n<div><strong>betaread: J. :o)<\/strong><\/div>\n","protected":false},"excerpt":{"rendered":"<p>autor: Bitter &#8222;Billy&#8230; Nem\u011bli bychom se p\u0159evl\u00edct?&#8220; Zeptal se Tom a st\u00e1hl bratra bl\u00ed\u017e k sob\u011b, kdy\u017e rozja\u0159en\u011b vykro\u010dil na most v jeho obvykl\u00e9 lehk\u00e9 \u010dern\u00e9 ko\u0161ili bez pl\u00e1\u0161t\u011b. &#8222;M\u00e1\u0161 pravdu, Darie nejsp\u00ed\u0161 bude trochu zima.&#8220; Ohl\u00e9dl se se starostliv\u00fdm v\u00fdrazem na<\/p>\n<p class=\"link-more\"><a class=\"myButt \" href=\"https:\/\/twincestblog.cz\/domains\/twincestblog.cz\/2017\/06\/28\/lykara-20\/\">Read More<\/a><\/p>\n","protected":false},"author":1,"featured_media":0,"comment_status":"open","ping_status":"open","sticky":false,"template":"","format":"standard","meta":{"_exactmetrics_skip_tracking":false,"_exactmetrics_sitenote_active":false,"_exactmetrics_sitenote_note":"","_exactmetrics_sitenote_category":0,"footnotes":""},"categories":[669],"tags":[],"class_list":["post-1181","post","type-post","status-publish","format-standard","hentry","category-lykara"],"_links":{"self":[{"href":"https:\/\/twincestblog.cz\/domains\/twincestblog.cz\/wp-json\/wp\/v2\/posts\/1181","targetHints":{"allow":["GET"]}}],"collection":[{"href":"https:\/\/twincestblog.cz\/domains\/twincestblog.cz\/wp-json\/wp\/v2\/posts"}],"about":[{"href":"https:\/\/twincestblog.cz\/domains\/twincestblog.cz\/wp-json\/wp\/v2\/types\/post"}],"author":[{"embeddable":true,"href":"https:\/\/twincestblog.cz\/domains\/twincestblog.cz\/wp-json\/wp\/v2\/users\/1"}],"replies":[{"embeddable":true,"href":"https:\/\/twincestblog.cz\/domains\/twincestblog.cz\/wp-json\/wp\/v2\/comments?post=1181"}],"version-history":[{"count":0,"href":"https:\/\/twincestblog.cz\/domains\/twincestblog.cz\/wp-json\/wp\/v2\/posts\/1181\/revisions"}],"wp:attachment":[{"href":"https:\/\/twincestblog.cz\/domains\/twincestblog.cz\/wp-json\/wp\/v2\/media?parent=1181"}],"wp:term":[{"taxonomy":"category","embeddable":true,"href":"https:\/\/twincestblog.cz\/domains\/twincestblog.cz\/wp-json\/wp\/v2\/categories?post=1181"},{"taxonomy":"post_tag","embeddable":true,"href":"https:\/\/twincestblog.cz\/domains\/twincestblog.cz\/wp-json\/wp\/v2\/tags?post=1181"}],"curies":[{"name":"wp","href":"https:\/\/api.w.org\/{rel}","templated":true}]}}