{"id":12275,"date":"2010-02-24T18:00:00","date_gmt":"2010-02-24T17:00:00","guid":{"rendered":"http:\/\/twincestblog.cz\/?p=12246"},"modified":"2010-02-24T18:00:00","modified_gmt":"2010-02-24T17:00:00","slug":"forgive-me-do-not-lie-6","status":"publish","type":"post","link":"https:\/\/twincestblog.cz\/domains\/twincestblog.cz\/2010\/02\/24\/forgive-me-do-not-lie-6\/","title":{"rendered":"Forgive me&#8230; do not lie 6."},"content":{"rendered":"<div><strong>autor: J\u00e1jinka<\/strong><\/p>\n<\/div>\n<div><\/div>\n<div><em>Cht\u011bla bych moc pod\u011bkovat lidem, kte\u0159\u00ed tuhle &#8222;sl\u00e1taninu&#8220; \u010dtou \ud83d\ude42 jste m\u016fj motor a inspirace k dal\u0161\u00edm d\u00edl\u016fm. D\u011bkuji moc v\u0161em za koment\u00e1\u0159e a v\u011bnovan\u00fd \u010das Forgive me..:) J\u00e1jinka.<\/em><\/div>\n<div><\/div>\n<div><img decoding=\"async\" title=\"356\" alt=\"\" class=\"right\" src=\"http:\/\/twincestblog.cz\/wp-content\/uploads\/32e06dc489_59538096_o2.jpg\" \/><\/div>\n<div>Vystupujeme z auta. Kdo je ta osoba? Asi m\u00e1m naivn\u00ed strach, \u017ee by to mohla&#8230; ne, to nen\u00ed ona. <em>Bille, nen\u00ed v\u0161ude<\/em>, opakuji si pro sebe st\u00e1le. P\u0159ich\u00e1z\u00edme ke vchodu, kdy\u017e n\u00e1s d\u00edvka oslov\u00ed.<\/div>\n<div>&#8222;Bille, pan\u00ed Kaulitzov\u00e1.&#8220;<\/div>\n<div>Oba na n\u00ed nech\u00e1pav\u011b kouk\u00e1me, co po n\u00e1s chce.<\/div>\n<div>&#8222;Lutzov\u00e1 Anita. Tomova p\u0159\u00edtelkyn\u011b.&#8220;<\/div>\n<div>Krve by se ve mn\u011b nedo\u0159ezal. Tak je to ona. M\u016fj \u0161est\u00fd smysl nezklamal. Ale co tu chce? To m\u00e1 tu drzost p\u0159ij\u00edt a\u017e sem?<\/div>\n<div>&#8222;Co po n\u00e1s chce\u0161? V\u00ed\u0161, kolik holek mi v\u010dera psalo, \u017ee je Anita?&#8220; chrl\u00edm slova, kter\u00e1 m\u011b napadaj\u00ed.<\/div>\n<div>V\u00edm, \u017ee se mnou mluvila v\u010dera, a byla to jedin\u00e1 Anita, kter\u00e1 se mi ozvala, ale to v\u011bd\u011bt nemus\u00ed. Ne te\u010f.<\/div>\n<div>&#8222;Bille, v\u010dera jsme spolu mluvili. Pros\u00edm, nech m\u011b ho aspo\u0148 vid\u011bt.&#8220;<\/div>\n<div>Nech\u00e1pav\u011b k\u00fdvu hlavou, ned\u00e1 si ta holka \u0159\u00edct?<\/div>\n<div>&#8222;Mil\u00e1 d\u00edvenko, te\u010f ne. M\u016fj star\u0161\u00ed syn je ve stavu, ve kter\u00e9m nev\u00edm, zda by na n\u011bj nebyla p\u0159\u00edt\u011b\u017e tolik lid\u00ed. P\u0159ij\u010f jindy, za\u0159\u00edd\u00edme u doktor\u016f, aby t\u011b pustili,&#8220; usm\u00edv\u00e1 se na ni m\u00e1ma.<\/div>\n<div>Co to d\u011bl\u00e1? Anita na ni k\u00fdv\u00e1 a d\u011bkuje j\u00ed. Oto\u010d\u00edme se a nech\u00e1v\u00e1me ji jej\u00edmu osudu.<\/div>\n<div>&#8222;Mami, myslela jsi to v\u00e1\u017en\u011b?&#8220; \u0161ept\u00e1m k n\u00ed.<\/div>\n<div>&#8222;Samoz\u0159ejm\u011b, \u017ee ne&#8230; nev\u011b\u0159\u00edm ji,&#8220; usm\u00edv\u00e1 se vychytrale.<\/div>\n<div>Dojdeme k recep\u010dn\u00edmu pultu.<\/div>\n<div>&#8222;Dobr\u00fd den, Elen,&#8220; zdrav\u00edm zn\u00e1mou sest\u0159i\u010dku.<\/div>\n<div>&#8222;Dobr\u00fd den, Bille, pan\u00ed Kaulitzov\u00e1. Tom je na pokoji 8, na neurologick\u00e9m odd\u011blen\u00ed.&#8220;<\/div>\n<div><\/div>\n<div>Dlouhou chodbou se dost\u00e1v\u00e1me k Tomovu pokoji. Od sest\u0159i\u010dky v\u00edme, \u017ee Tom ji\u017e sp\u00ed. To je pro n\u00e1s velk\u00e9 plus.<\/div>\n<div>&#8222;J\u00e1 je\u0161t\u011b jdu za doktorem Steinem,&#8220; vzpomene si m\u00e1ma, \u017ee za n\u00edm cht\u011bla j\u00edt.<\/div>\n<div>K\u00fdvnu hlavou na souhlas. Z\u016fst\u00e1v\u00e1m s\u00e1m p\u0159ede dve\u0159mi.<\/div>\n<hr \/>\n<div><\/div>\n<div><strong><em>Tom<\/em><\/strong><\/div>\n<div><\/div>\n<div>Le\u017e\u00edm na posteli. Nep\u0159\u00edtomn\u011b se d\u00edv\u00e1m na ze\u010f p\u0159ede mnou a p\u0159em\u00fd\u0161l\u00edm. Cht\u011bl bych si vzpomenout na sv\u016fj \u017eivot. V\u010dera jsem byl na terapii. Ukazovali mi fotky rodiny, abych zhruba v\u011bd\u011bl, kdo na m\u011b mluv\u00ed, a\u017e za mnou n\u011bkdo p\u0159ijde.<\/div>\n<div><\/div>\n<div><em>Flashback<\/em><\/div>\n<div><\/div>\n<div><em>&#8222;Tak, Tome, kdo je tohle?&#8220; uk\u00e1\u017ee doktor u\u017e po t\u0159et\u00ed dokola na fotku.<\/em><\/div>\n<div><em>Na n\u00ed se usm\u00edv\u00e1 \u010dernovlas\u00e9 stvo\u0159en\u00ed, o kter\u00e9m jsem si myslel, \u017ee je to m\u00e1 p\u0159\u00edtelkyn\u011b.<\/em><\/div>\n<div><em>&#8222;To je m\u016fj mlad\u0161\u00ed bratr. Jmenuje se Bill, je stejn\u011b star\u00fd jako j\u00e1.&#8220;<\/em><\/div>\n<div><em>Tuhle pitomou terapii m\u00e1m jen j\u00e1 jako standard. S jin\u00fdm \u010dlov\u011bkem to sjedou jednou denn\u011b, \u0159eknou mu jen jm\u00e9no a t\u00edm to hasne. Mu\u017e, doktor Stein, jak m\u00e1 na jmenovce, se spokojen\u011b usm\u00edv\u00e1.<\/em><\/div>\n<div><em>&#8222;M\u00e1ma a Gordon, m\u016fj nevlastn\u00ed otec.&#8220;<\/em><\/div>\n<div><em>Dal\u0161\u00ed fotka.<\/em><\/div>\n<div><em>&#8222;Gustav, Georg a David. Buben\u00edk, bas\u00e1k a mana\u017eer skupiny Tokio Hotel, ve kter\u00e9 hraju na kytaru.&#8220;<\/em><\/div>\n<div><em>P\u0159ipad\u00e1m si jako blbec.<\/em><\/div>\n<div><\/div>\n<div><em>Konec Flashbacku<\/em><\/div>\n<div><\/div>\n<div>Tohle bylo to nejblb\u011bj\u0161\u00ed cvi\u010den\u00ed, co jsme d\u011blali. Sly\u0161\u00edm cvaknut\u00ed kliky. N\u011bkdo sem zase jde s l\u00e9ky. Do dve\u0159\u00ed vkoukne osoba, zat\u00edm vid\u00edm jen \u010dern\u00e9 vlasy. U\u017e vid\u00edm do obli\u010deje. Ano, je to on. M\u016fj bratr.<\/div>\n<div>&#8222;Bille,&#8220; chrapt\u00edm na n\u011bj.<\/div>\n<div>Usm\u00edv\u00e1 se a jde ke mn\u011b. S \u00fasm\u011bvem se na m\u011b vrhne, obj\u00edm\u00e1 m\u011b, div je\u0161t\u011b d\u00fdch\u00e1m.<\/div>\n<div>&#8222;Tome, l\u00e1sko, jsi v po\u0159\u00e1dku.&#8220;<\/div>\n<div>L\u00e1sko? My si s bratrem \u0159\u00edk\u00e1me tak d\u016fv\u011brn\u011b? Nebo je tak v \u0161oku?<\/div>\n<div>&#8222;Pro\u010d jsi mi, Bille, \u0159ekl l\u00e1sko?&#8220; uji\u0161\u0165uji se osloven\u00edm, \u017ee je to on.<\/div>\n<div>Vyd\u011b\u0161en\u011b na m\u011b kouk\u00e1, za\u010d\u00edn\u00e1 se usm\u00edvat.<\/div>\n<div>&#8222;To ti ani nemohli \u0159\u00edct, nikdo nev\u00ed, \u017ee spolu m\u00e1me jak\u00fdsi vztah.&#8220;<\/div>\n<div>Vztah? J\u00e1 sp\u00edm se sv\u00fdm bratrem? Ale\u2026 ale to nen\u00ed mo\u017en\u00e9. Doktor Stein mi tu nechal n\u011bjak\u00e9 \u010dasopisy jeho dcery a v nich se p\u00ed\u0161e, \u017ee jsem d\u011bvka\u0159.<\/div>\n<div><\/div>\n<div><strong><em>Bill<\/em><\/strong><\/div>\n<div><\/div>\n<div>Jsem \u0161\u0165astn\u00fd, \u017ee je vzh\u016fru a j\u00e1 rozj\u00ed\u017ed\u00edm sv\u016fj pl\u00e1n. Osloven\u00ed &#8222;l\u00e1sko&#8220; ho vykolejilo, to jsem pot\u0159eboval. Tak\u017ee o Anit\u011b mu nikdo nevypr\u00e1v\u011bl.<\/div>\n<div>&#8222;My m\u00e1me n\u011bjak\u00fd vztah?&#8220; vyd\u011b\u0161en\u00fd pohled se vr\u00fdv\u00e1 do m\u00e9 tv\u00e1\u0159e.<\/div>\n<div>Mus\u00edm se pro sebe usm\u00e1t. V\u017edy\u0165 on je te\u010f tak roztomil\u00fd, kdy\u017e nev\u00ed, o co jde.<\/div>\n<div>&#8222;Ano, ale t\u00edm se te\u010f nezat\u011b\u017euj&#8230; jak ti je?&#8220; odv\u00e1d\u00edm \u0159e\u010d, abych odpo\u010dinul jeho &#8222;vymazan\u00e9mu&#8220; moze\u010dku.<\/div>\n<div>&#8222;Bol\u00ed m\u011b ret,&#8220; ukazuje na sv\u016fj piercing.<\/div>\n<div>V\u0161e je na sv\u00e9m m\u00edst\u011b. Jeho tunel v uchu, pierc, prost\u011b v\u0161e.<\/div>\n<div>&#8222;Museli ti ho sundat. Jinak ho m\u00e1\u0161 u\u017e&#8230;&#8220;<\/div>\n<div>Te\u010f si sakra nejsem jistej. Co m\u00e1m \u0159\u00edct?<\/div>\n<div>&#8222;Od 12-ti,&#8220; pl\u00e1c\u00e1m prvn\u00ed v\u011bk, kter\u00fd se mi jev\u00ed v hlav\u011b.<\/div>\n<div>V\u00edm, \u017ee si ve 12-ti d\u011blal dredy, tak nev\u00edm, jestli i pierc. Tenkr\u00e1t m\u011b to moc nezaj\u00edmalo. K\u00fdv\u00e1 hlavou, douf\u00e1m, \u017ee si tohle t\u0159eba nepamatuje. Asi ne, kdy\u017e nic.<\/div>\n<div>&#8222;Bille, jak dlouho spolu n\u011bco m\u00e1me?&#8220; pt\u00e1 se m\u011b opatrn\u011b.<\/div>\n<div>Rychle mi to \u0161rotuje v hlav\u011b.<\/div>\n<div>&#8222;No, u\u017e n\u011bjak\u00fd ten p\u00e1tek, asi rok a p\u016fl, ale aby to mezi n\u00e1mi nevypadalo, \u017ee spolu n\u011bco m\u00e1me. M\u00e1\u0161 p\u0159\u00edtelkyni Anitu. Nev\u00edm, v\u017edycky jsi mi \u0159\u00edkal, \u017ee miluje\u0161 jen m\u011b, ale&#8230; bydl\u00edte spolu v Hamburku, ale odte\u010f, br\u00e1\u0161ko, a\u017e t\u011b pust\u00ed, bude\u0161 bydlet se mnou. Tady v Berl\u00edn\u011b,&#8220; dokon\u010duji sv\u016fj v\u00fdlev srdce.<\/p>\n<\/div>\n<div>\u017de je to pravda, mu dok\u00e1\u017eu polibkem. Skl\u00e1n\u00edm se k n\u011bmu, v jeho o\u010d\u00edch c\u00edt\u00edm, \u017ee tu\u0161\u00ed, co p\u0159ijde. Pootev\u00edr\u00e1 \u00fasta a j\u00e1 se do nich vp\u00edj\u00edm t\u011bmi sv\u00fdmi. Jazykem mi vych\u00e1z\u00ed vst\u0159\u00edc. Je to n\u00e1\u0161 prvn\u00ed opravdov\u00fd polibek. Jsem tak nerv\u00f3zn\u00ed, ale c\u00edt\u00edm, \u017ee se Tom chv\u011bje, je nerv\u00f3zn\u011bj\u0161\u00ed ne\u017e j\u00e1. Tak to m\u00e1 b\u00fdt, aby to nepoznal na mn\u011b. C\u00edt\u00edm, jak jeho ruka stoup\u00e1 po m\u00e9m stehn\u011b, p\u0159es bok na z\u00e1da a odtud pod vlasy, a z\u016fst\u00e1v\u00e1 na z\u00e1tylku. M\u00edrn\u00edm tlakem jeho rukou na m\u016fj krk zvy\u0161uji intenzitu polibku. Skous\u00e1v\u00e1 m\u016fj jazyk, jen lehce, co\u017e mi p\u0159iv\u00e1d\u00ed vlny vzru\u0161en\u00ed do cel\u00e9ho t\u011bla, v\u010detn\u011b m\u00e9ho kl\u00edna. Klep\u00e1n\u00ed? Sakra n\u011bkdo klepe. Rychle se od Toma odtahuji, ruka mi st\u0159el\u00ed po rtech. Tom se usm\u00edv\u00e1 a o\u010dima nen\u00e1padn\u011b klou\u017ee k m\u00e9mu kl\u00ednu.<\/div>\n<div>&#8222;D\u00e1le,&#8220; vy\u0161le ke dve\u0159\u00edm.<\/div>\n<div><\/div>\n<div>Tohle ti, Tome, brzy vr\u00e1t\u00edm&#8230;<\/div>\n<div><\/div>\n<div><strong>autor: J\u00e1jinka<\/strong><\/div>\n<div><strong>betaread: Janule<br \/><\/strong><\/div>\n","protected":false},"excerpt":{"rendered":"<p>autor: J\u00e1jinka Cht\u011bla bych moc pod\u011bkovat lidem, kte\u0159\u00ed tuhle &#8222;sl\u00e1taninu&#8220; \u010dtou \ud83d\ude42 jste m\u016fj motor a inspirace k dal\u0161\u00edm d\u00edl\u016fm. D\u011bkuji moc v\u0161em za koment\u00e1\u0159e a v\u011bnovan\u00fd \u010das Forgive me..:) J\u00e1jinka. Vystupujeme z auta. Kdo je ta osoba? Asi m\u00e1m naivn\u00ed strach,<\/p>\n<p class=\"link-more\"><a class=\"myButt \" href=\"https:\/\/twincestblog.cz\/domains\/twincestblog.cz\/2010\/02\/24\/forgive-me-do-not-lie-6\/\">Read More<\/a><\/p>\n","protected":false},"author":1,"featured_media":0,"comment_status":"open","ping_status":"open","sticky":false,"template":"","format":"standard","meta":{"_exactmetrics_skip_tracking":false,"_exactmetrics_sitenote_active":false,"_exactmetrics_sitenote_note":"","_exactmetrics_sitenote_category":0,"footnotes":""},"categories":[301],"tags":[],"class_list":["post-12275","post","type-post","status-publish","format-standard","hentry","category-forgive-me-do-not-lie"],"_links":{"self":[{"href":"https:\/\/twincestblog.cz\/domains\/twincestblog.cz\/wp-json\/wp\/v2\/posts\/12275","targetHints":{"allow":["GET"]}}],"collection":[{"href":"https:\/\/twincestblog.cz\/domains\/twincestblog.cz\/wp-json\/wp\/v2\/posts"}],"about":[{"href":"https:\/\/twincestblog.cz\/domains\/twincestblog.cz\/wp-json\/wp\/v2\/types\/post"}],"author":[{"embeddable":true,"href":"https:\/\/twincestblog.cz\/domains\/twincestblog.cz\/wp-json\/wp\/v2\/users\/1"}],"replies":[{"embeddable":true,"href":"https:\/\/twincestblog.cz\/domains\/twincestblog.cz\/wp-json\/wp\/v2\/comments?post=12275"}],"version-history":[{"count":0,"href":"https:\/\/twincestblog.cz\/domains\/twincestblog.cz\/wp-json\/wp\/v2\/posts\/12275\/revisions"}],"wp:attachment":[{"href":"https:\/\/twincestblog.cz\/domains\/twincestblog.cz\/wp-json\/wp\/v2\/media?parent=12275"}],"wp:term":[{"taxonomy":"category","embeddable":true,"href":"https:\/\/twincestblog.cz\/domains\/twincestblog.cz\/wp-json\/wp\/v2\/categories?post=12275"},{"taxonomy":"post_tag","embeddable":true,"href":"https:\/\/twincestblog.cz\/domains\/twincestblog.cz\/wp-json\/wp\/v2\/tags?post=12275"}],"curies":[{"name":"wp","href":"https:\/\/api.w.org\/{rel}","templated":true}]}}