{"id":12357,"date":"2010-02-15T15:30:00","date_gmt":"2010-02-15T14:30:00","guid":{"rendered":"http:\/\/twincestblog.cz\/?p=12327"},"modified":"2010-02-15T15:30:00","modified_gmt":"2010-02-15T14:30:00","slug":"hlavne-mi-nerikej-ze-me-mas-rad","status":"publish","type":"post","link":"https:\/\/twincestblog.cz\/domains\/twincestblog.cz\/2010\/02\/15\/hlavne-mi-nerikej-ze-me-mas-rad\/","title":{"rendered":"Hlavn\u011b mi ne\u0159\u00edkej, \u017ee m\u011b m\u00e1\u0161 r\u00e1d&#8230;"},"content":{"rendered":"<div><strong>autor: Elis<\/strong><\/p>\n<\/div>\n<div><\/div>\n<div><img decoding=\"async\" title=\"6\" alt=\"\" class=\"right\" src=\"http:\/\/twincestblog.cz\/wp-content\/uploads\/48d225adf9_61405365_o2.jpg\" \/><\/div>\n<div>V\u00edm. Hled\u00edm te\u010f jako idiot. Stoj\u00edm tu na m\u00edst\u011b s otev\u0159enou pusou a kouk\u00e1m se p\u0159ekvapen\u011b do tv\u00fdch vystra\u0161en\u00fdch o\u010d\u00ed, \u010dekaj\u00edc\u00edch na\u2026<\/div>\n<div>Ne. Nev\u011b\u0159\u00edm tomu. V\u0161echno je ur\u010dit\u011b jenom sen.<\/div>\n<div>Zesmutn\u00ed\u0161. S ka\u017edou proml\u010denou vte\u0159inou se vzd\u00e1v\u00e1\u0161 nad\u011bje. Nem\u016f\u017eu se p\u0159esv\u011bd\u010dovat, \u017ee v\u0161echno se mi jen zd\u00e1. P\u0159ed&#8230; ani nev\u00edm, jak dlouho to je. Jak dlouho tu stoj\u00edm. \u0158ekl jsi t\u0159i slova. Jen t\u0159i slova, Bille! Jak t\u0159i zatracen\u00fd slova m\u016f\u017eou \u010dlov\u011bku p\u0159evr\u00e1tit \u017eivot\u2026<\/div>\n<div>J\u00e1 v\u00edm. M\u011bl bych n\u011bco \u0159\u00edct. Ale nejde to. V krku mi vyschlo.<\/div>\n<div>Kone\u010dn\u011b mi v\u0161echno doch\u00e1z\u00ed. Vrac\u00edm se ve vzpom\u00ednk\u00e1ch zp\u00e1tky. Je mi v\u0161e jasn\u00e9. Tv\u016fj vypla\u0161en\u00fd pohled, kdy\u017e jsem t\u011b nachytal, jak hypnotizuje\u0161 m\u00e9 rty. Tv\u00e1 reakce p\u0159i ka\u017ed\u00e9m sebemen\u0161\u00edm doteku. Usm\u00e1l jsem se na tebe a tv\u00e1\u0159e ti malinko z\u010dervenaly. Ka\u017ed\u00e9 r\u00e1no jsi vlet\u011bl do koupelny p\u0159ede mnou a nal\u00ed\u010dil se, i kdy\u017e ses zrovna nikam nechystal.<\/div>\n<div>Ach, Bille. Stalo se to, o \u010dem jsem byl a\u017e dote\u010f p\u0159esv\u011bd\u010den\u00fd, \u017ee se st\u00e1t nem\u016f\u017ee. Ne n\u00e1m. Ne tob\u011b.<\/div>\n<div>Jsem zmaten\u00fd. Bo\u017ee m\u016fj!<\/div>\n<hr \/>\n<div>St\u00e1le tu stoj\u00ed\u0161 a \u010dek\u00e1\u0161. \u010cek\u00e1\u0161, co ud\u011bl\u00e1m, proto\u017ee jsi mi pr\u00e1v\u011b \u0159ekl: &#8222;Miluju t\u011b, Tome.&#8220;<\/div>\n<div>Pro\u010d, Bille? Pro\u010d?<\/div>\n<div>Sklop\u00ed\u0161 hlavu. U\u017e se d\u00e1l nezvl\u00e1dne\u0161 d\u00edvat do m\u00fdch o\u010d\u00ed. Chv\u011bje\u0161 se. V\u00edm, \u017ee skr\u00fdv\u00e1\u0161 pl\u00e1\u010d. Je\u0161t\u011b v posledn\u00ed chv\u00edli se sna\u017e\u00ed\u0161 b\u00fdt siln\u00fd. Tak jako j\u00e1. Kdybych se ti tu te\u010f vyznal jako ty p\u0159ed chv\u00edl\u00ed, hnusn\u011b bych ti lhal. Dal bych ti fale\u0161nou nad\u011bji, kter\u00e1 by zmizela stejn\u011b rychle, jako se objevila. Ov\u0161em kdybych ti te\u010f \u0159ekl, jak se mi hnus\u00ed ta p\u0159edstava\u2026 Zabodl bych ti d\u00fdku do srdce a to j\u00e1 nechci.<\/div>\n<div>Tak co m\u00e1m d\u011blat?<\/div>\n<div>U\u017e to nevydr\u017e\u00ed\u0161. Pl\u00e1\u010de\u0161\u2026 Slzy ti kanou po l\u00edc\u00edch. P\u0159istoup\u00edm k tob\u011b.<\/div>\n<div>&#8222;Bille, nepla\u010d.&#8220; Pohlad\u00edm t\u011b po tv\u00e1\u0159i. &#8222;Br\u00e1\u0161ko, m\u00e1m t\u011b r\u00e1d.&#8220;<\/div>\n<div>Ale j\u00e1 v\u00edm, \u017ee to ti nesta\u010d\u00ed\u2026<\/p>\n<\/div>\n<div><strong>autor: Elis<\/strong><\/div>\n<div><strong>betaread: Janule<\/strong><\/div>\n","protected":false},"excerpt":{"rendered":"<p>autor: Elis V\u00edm. Hled\u00edm te\u010f jako idiot. Stoj\u00edm tu na m\u00edst\u011b s otev\u0159enou pusou a kouk\u00e1m se p\u0159ekvapen\u011b do tv\u00fdch vystra\u0161en\u00fdch o\u010d\u00ed, \u010dekaj\u00edc\u00edch na\u2026 Ne. Nev\u011b\u0159\u00edm tomu. V\u0161echno je ur\u010dit\u011b jenom sen. Zesmutn\u00ed\u0161. S ka\u017edou proml\u010denou vte\u0159inou se vzd\u00e1v\u00e1\u0161 nad\u011bje. Nem\u016f\u017eu se<\/p>\n<p class=\"link-more\"><a class=\"myButt \" href=\"https:\/\/twincestblog.cz\/domains\/twincestblog.cz\/2010\/02\/15\/hlavne-mi-nerikej-ze-me-mas-rad\/\">Read More<\/a><\/p>\n","protected":false},"author":1,"featured_media":0,"comment_status":"open","ping_status":"open","sticky":false,"template":"","format":"standard","meta":{"_exactmetrics_skip_tracking":false,"_exactmetrics_sitenote_active":false,"_exactmetrics_sitenote_note":"","_exactmetrics_sitenote_category":0,"footnotes":""},"categories":[45],"tags":[],"class_list":["post-12357","post","type-post","status-publish","format-standard","hentry","category-ff-jednodilky"],"_links":{"self":[{"href":"https:\/\/twincestblog.cz\/domains\/twincestblog.cz\/wp-json\/wp\/v2\/posts\/12357","targetHints":{"allow":["GET"]}}],"collection":[{"href":"https:\/\/twincestblog.cz\/domains\/twincestblog.cz\/wp-json\/wp\/v2\/posts"}],"about":[{"href":"https:\/\/twincestblog.cz\/domains\/twincestblog.cz\/wp-json\/wp\/v2\/types\/post"}],"author":[{"embeddable":true,"href":"https:\/\/twincestblog.cz\/domains\/twincestblog.cz\/wp-json\/wp\/v2\/users\/1"}],"replies":[{"embeddable":true,"href":"https:\/\/twincestblog.cz\/domains\/twincestblog.cz\/wp-json\/wp\/v2\/comments?post=12357"}],"version-history":[{"count":0,"href":"https:\/\/twincestblog.cz\/domains\/twincestblog.cz\/wp-json\/wp\/v2\/posts\/12357\/revisions"}],"wp:attachment":[{"href":"https:\/\/twincestblog.cz\/domains\/twincestblog.cz\/wp-json\/wp\/v2\/media?parent=12357"}],"wp:term":[{"taxonomy":"category","embeddable":true,"href":"https:\/\/twincestblog.cz\/domains\/twincestblog.cz\/wp-json\/wp\/v2\/categories?post=12357"},{"taxonomy":"post_tag","embeddable":true,"href":"https:\/\/twincestblog.cz\/domains\/twincestblog.cz\/wp-json\/wp\/v2\/tags?post=12357"}],"curies":[{"name":"wp","href":"https:\/\/api.w.org\/{rel}","templated":true}]}}