{"id":12372,"date":"2010-02-13T16:00:00","date_gmt":"2010-02-13T15:00:00","guid":{"rendered":"http:\/\/twincestblog.cz\/?p=12342"},"modified":"2010-02-13T16:00:00","modified_gmt":"2010-02-13T15:00:00","slug":"co-vypravela-lavicka-v-parku-elis","status":"publish","type":"post","link":"https:\/\/twincestblog.cz\/domains\/twincestblog.cz\/2010\/02\/13\/co-vypravela-lavicka-v-parku-elis\/","title":{"rendered":"Co vypr\u00e1v\u011bla lavi\u010dka v parku (Elis)"},"content":{"rendered":"<div><strong>autor: Elis<\/strong><\/p>\n<\/div>\n<div><\/div>\n<div><img decoding=\"async\" title=\"4\" alt=\"\" class=\"center\" src=\"http:\/\/twincestblog.cz\/wp-content\/uploads\/055e83cf71_61405285_o2.jpg\" \/><\/div>\n<div><\/div>\n<div>&#8222;Tak si b\u011b\u017e!&#8220; vyk\u0159ikl plavovlas\u00fd chlapec s k\u0161iltovkou na hlav\u011b a zlostn\u011b pohl\u00ed\u017eel na osobu, obl\u00e9kaj\u00edc\u00ed si \u010dernou bundu.<\/div>\n<div>&#8222;Taky \u017ee jdu! \u0158\u00edkal jsem ti snad stokr\u00e1t, a\u0165 s t\u00edm p\u0159estane\u0161. U\u017e m\u011b to nebav\u00ed&#8230;&#8220; Mluvil \u010dernovlas\u00fd hoch skrze za\u0165at\u00e9 zuby. &#8222;Letenku m\u00e1m. Nic m\u011b nezastav\u00ed.&#8220;<\/div>\n<div>&#8222;A co tvoje v\u011bci, hm?&#8220; zeptal se posm\u011b\u0161n\u011b druh\u00fd chlapec.<\/div>\n<div>&#8222;Nech si je.&#8220; Syknul mlad\u00edk a zlostn\u011b si zavazoval tkani\u010dku. &#8222;Moc jsi m\u011b zklamal. Myslel jsem, \u017ee to nikdy neud\u011bl\u00e1m, ale budu muset. Kdybys p\u0159ece jen cht\u011bl&#8230; kdyby ses nad sebou zamyslel&#8230; budu \u010dekat. Na na\u0161em m\u00edst\u011b. Jinak odlet\u00edm a u\u017e se nevr\u00e1t\u00edm&#8230;&#8220; t\u00f3n hochova hlasu zn\u011bl m\u00edrn\u011b v\u00fdhru\u017en\u011b.<\/div>\n<div>&#8222;Jen si le\u0165.&#8220; Odfrkl si dredat\u00fd chlapec a nechal sv\u00e9ho bratra odej\u00edt z jejich domu.<\/div>\n<div>Netu\u0161il, \u017ee nav\u017edy&#8230;<\/div>\n<hr \/>\n<div>~th~<\/p>\n<\/div>\n<div>Je tomu ji\u017e n\u011bkolik let a mn\u011b to st\u00e1le p\u0159ipad\u00e1 jako dnes. Jen m\u00e9 d\u0159evo ztratilo sv\u016fj lesk, poznamen\u00e1no tis\u00edci kapkami de\u0161t\u011b, denn\u011b \u0161lehan\u00e9 v\u011btrem. Jsem jen lavi\u010dka v mal\u00e9m parku a budu v\u00e1m vypr\u00e1v\u011bt p\u0159\u00edb\u011bh&#8230;<\/p>\n<\/div>\n<div>Lid\u00e9 p\u0159ich\u00e1zej\u00ed a odch\u00e1zej\u00ed. Jedni zahaleni v pl\u00e1\u0161t\u00edch, s velk\u00fdmi de\u0161tn\u00edky, jin\u00ed jen v letn\u00edch \u0161atech, jimi\u017e profukuje lehk\u00fd v\u00e1nek. Je jich mnoho, nedovedu je spo\u010d\u00edtat, nepamatuji si t\u00e9m\u011b\u0159 \u017e\u00e1dn\u00e9ho z nich, a p\u0159esto mi n\u011bkdo utkv\u011bl v pam\u011bti. Osoba tak zvl\u00e1\u0161tn\u00ed, \u017ee jej\u00ed energie mne napl\u0148ovala, a j\u00e1 tak mohla poc\u00edtit, co se uvnit\u0159 n\u00ed d\u011bje. Chlapec, sotva osmn\u00e1ctilet\u00fd, se nedo\u010dkav\u011b rozhl\u00ed\u017eel po cel\u00e9m okol\u00ed. Podzimem zbarven\u00e9 l\u00edstky tehdy padaly na jeho drobnou postavu, do \u010dern\u00fdch vlas\u016f. I na mne padaly. Jeho hru\u010f se jako v o\u010dek\u00e1v\u00e1n\u00ed nepravideln\u011b zvedala a zase klesala. Tajil dech poka\u017ed\u00e9, kdy\u017e zahl\u00e9dl bl\u00ed\u017e\u00edc\u00ed se postavu, ov\u0161em stejn\u011b tak v\u017edy s povzdechem sklopil zrak, kdy\u017e v n\u00ed nena\u0161el, koho o\u010dek\u00e1val. Roztr\u017eit\u011b poklep\u00e1val prsty a cel\u00e9 sv\u00e9 nap\u011bt\u00ed tak p\u0159en\u00e1\u0161el i do mne. Neust\u00e1le kontroloval mal\u00e9 ru\u010di\u010dky \u010dern\u00fdch hodinek. Ob\u010das se postavil, chv\u00edli se proch\u00e1zel, pohl\u00ed\u017eel na stromy, na list\u00ed v\u0161ude kolem, co h\u00fd\u0159ilo tepl\u00fdmi barvami. Bloudil o\u010dima, kde jen to bylo mo\u017en\u00e9, a pozd\u011bji op\u011bt usedl, zklam\u00e1n a smutn\u00fd. Osoba, na kterou \u010dekal, st\u00e1le nep\u0159ich\u00e1zela&#8230;<\/p>\n<\/div>\n<div>Tak jako jeho srdce plnily \u017eal a \u00fazkost, tak i p\u0159\u00edroda zahalila se do smute\u010dn\u00edho roucha. Mraky se st\u00e1hly, i posledn\u00ed slune\u010dn\u00ed paprsky p\u0159estaly dopadat na chlapcovu tv\u00e1\u0159. Sychrav\u00fd v\u00edtr jej \u0161lehal do tv\u00e1\u0159e, ale on tu z\u016fst\u00e1val. \u010cas ne\u00faprosn\u011b b\u011b\u017eel d\u00e1l. &#8222;P\u0159ij\u010f, pros\u00edm&#8230;&#8220; za\u0161eptal hoch do n\u00e1hl\u00e9ho ticha. Jeho slova v\u0161ak nebyla vysly\u0161ena. Ztratila se v tom tichu, stejn\u011b jako ony slune\u010dn\u00ed paprsky, kter\u00e9 mu sv\u00fdm odchodem braly i posledn\u00ed zbytky nad\u011bje.<\/p>\n<\/div>\n<div>Kap. Kap. Ze z\u0161edl\u00fdch mra\u010den po\u010daly padat prvn\u00ed kapky \u010dist\u00fdch perel, ov\u0161em na chlapcov\u011b tv\u00e1\u0159i se objevily jin\u00e9 perly. Perly smutku a bolesti. Naposledy se rozhl\u00e9dl, ti\u0161e vstal a jakoby lou\u010d\u00edc se s p\u0159\u00edrodou, se v\u0161\u00edm co jej obklopovalo, \u0159ekl: &#8222;Sbohem.&#8220;, a se sklon\u011bnou hlavou, se zlomen\u00fdm srdcem, odkr\u00e1\u010del pry\u010d. T\u011b\u017ek\u00e9 kroky. Bolest. Z\u00e1rmutek. Nesly\u0161n\u00e9 prosby v\u011btru doprov\u00e1zely jeho du\u0161i.<\/p>\n<\/div>\n<div>St\u00e1le na mn\u011b dopadalo tis\u00edce drobn\u00fdch kapi\u010dek, ale j\u00e1 je nevn\u00edmala. Vid\u011bla jsem jen postavu ti\u0161e kr\u00e1\u010dej\u00edc\u00ed v d\u00e1l. Nad\u011bje se rozplynula a s n\u00ed i v\u00edra, kterou tu po sob\u011b chlapec zanechal. Zmizel nadobro a mne zahalil st\u00edn. Tu v\u0161ak ke mn\u011b p\u0159ib\u011bhla jin\u00e1 vysok\u00e1 postava, zachumlan\u00e1 do tepl\u00e9, b\u00edl\u00e9 bundy. Tv\u00e1\u0159e j\u00ed ho\u0159ely. Sv\u011btl\u00e9 vlasy vl\u00e1ly ve v\u011btru. Cel\u00e1 se t\u0159\u00e1sla. Chv\u00edli jen st\u00e1la, nepravideln\u011b oddechuj\u00edc, ale jisk\u0159i\u010dky se z jej\u00edch o\u010d\u00ed vytratily. &#8222;Je pozd\u011b.&#8220; Vyslovila ti\u0161e. &#8222;Odpus\u0165&#8230;&#8220;<\/div>\n<div>Vich\u0159ice \u017eenouc\u00ed se krajinou. List\u00ed v\u00ed\u0159\u00edc\u00ed vzduchem. Tich\u00fd n\u00e1\u0159ek. Nesly\u0161\u00ed.<\/div>\n<div>Tak jako on p\u0159edt\u00edm, tak se mi i tato postava po\u010dala vzdalovat. Se stejn\u011b zlomen\u00fdm srdcem, vydala se na druhou stranu. Osud k nim nebyl p\u0159\u00edv\u011btiv\u00fd. Ne\u0161\u0165astn\u00e1 l\u00e1ska zde z\u016fstane nav\u017edy. Na tomto m\u00edst\u011b, kde dosud stoj\u00edm. V korun\u00e1ch strom\u016f, v listech, rozfoukan\u00fdch do v\u0161ech stran. To jsem v\u00e1m cht\u011bla pov\u011bd\u011bt, smutn\u00fd p\u0159\u00edb\u011bh, jen\u017e hal\u00ed mne celou smutkem. Je tomu ji\u017e n\u011bkolik let a mn\u011b to st\u00e1le p\u0159ipad\u00e1 jako dnes.<\/p>\n<\/div>\n<div><strong>autor: Elis<\/strong><\/div>\n<div><strong>betaread: Janule<\/strong><\/div>\n","protected":false},"excerpt":{"rendered":"<p>autor: Elis &#8222;Tak si b\u011b\u017e!&#8220; vyk\u0159ikl plavovlas\u00fd chlapec s k\u0161iltovkou na hlav\u011b a zlostn\u011b pohl\u00ed\u017eel na osobu, obl\u00e9kaj\u00edc\u00ed si \u010dernou bundu. &#8222;Taky \u017ee jdu! \u0158\u00edkal jsem ti snad stokr\u00e1t, a\u0165 s t\u00edm p\u0159estane\u0161. U\u017e m\u011b to nebav\u00ed&#8230;&#8220; Mluvil \u010dernovlas\u00fd hoch skrze za\u0165at\u00e9<\/p>\n<p class=\"link-more\"><a class=\"myButt \" href=\"https:\/\/twincestblog.cz\/domains\/twincestblog.cz\/2010\/02\/13\/co-vypravela-lavicka-v-parku-elis\/\">Read More<\/a><\/p>\n","protected":false},"author":1,"featured_media":0,"comment_status":"open","ping_status":"open","sticky":false,"template":"","format":"standard","meta":{"_exactmetrics_skip_tracking":false,"_exactmetrics_sitenote_active":false,"_exactmetrics_sitenote_note":"","_exactmetrics_sitenote_category":0,"footnotes":""},"categories":[45],"tags":[],"class_list":["post-12372","post","type-post","status-publish","format-standard","hentry","category-ff-jednodilky"],"_links":{"self":[{"href":"https:\/\/twincestblog.cz\/domains\/twincestblog.cz\/wp-json\/wp\/v2\/posts\/12372","targetHints":{"allow":["GET"]}}],"collection":[{"href":"https:\/\/twincestblog.cz\/domains\/twincestblog.cz\/wp-json\/wp\/v2\/posts"}],"about":[{"href":"https:\/\/twincestblog.cz\/domains\/twincestblog.cz\/wp-json\/wp\/v2\/types\/post"}],"author":[{"embeddable":true,"href":"https:\/\/twincestblog.cz\/domains\/twincestblog.cz\/wp-json\/wp\/v2\/users\/1"}],"replies":[{"embeddable":true,"href":"https:\/\/twincestblog.cz\/domains\/twincestblog.cz\/wp-json\/wp\/v2\/comments?post=12372"}],"version-history":[{"count":0,"href":"https:\/\/twincestblog.cz\/domains\/twincestblog.cz\/wp-json\/wp\/v2\/posts\/12372\/revisions"}],"wp:attachment":[{"href":"https:\/\/twincestblog.cz\/domains\/twincestblog.cz\/wp-json\/wp\/v2\/media?parent=12372"}],"wp:term":[{"taxonomy":"category","embeddable":true,"href":"https:\/\/twincestblog.cz\/domains\/twincestblog.cz\/wp-json\/wp\/v2\/categories?post=12372"},{"taxonomy":"post_tag","embeddable":true,"href":"https:\/\/twincestblog.cz\/domains\/twincestblog.cz\/wp-json\/wp\/v2\/tags?post=12372"}],"curies":[{"name":"wp","href":"https:\/\/api.w.org\/{rel}","templated":true}]}}