{"id":12430,"date":"2010-02-06T17:00:00","date_gmt":"2010-02-06T16:00:00","guid":{"rendered":"http:\/\/twincestblog.cz\/?p=12400"},"modified":"2010-02-06T17:00:00","modified_gmt":"2010-02-06T16:00:00","slug":"sedmikraska","status":"publish","type":"post","link":"https:\/\/twincestblog.cz\/domains\/twincestblog.cz\/2010\/02\/06\/sedmikraska\/","title":{"rendered":"Sedmikr\u00e1ska"},"content":{"rendered":"<div><strong>autor: Elis<\/strong><\/p>\n<\/div>\n<div><strong><em>Tak dneska za\u010d\u00edn\u00e1me s jednod\u00edlkami od Elis, kter\u00e9 jsou vesm\u011bs pasn\u00e9 v letech 2007 &#8211; 2008. Jsou smutn\u00e9 i vesel\u00e9, kr\u00e1tk\u00e9 i del\u0161\u00ed, n\u011bkter\u00e9 dokonce extra kr\u00e1tk\u00e9, ale mysl\u00edm, \u017ee s nimi budete spokojeni. Pa J. :o)<\/em><\/strong><\/div>\n<div><em><strong>PS: m\u00e1m vy\u0159\u00eddit od Elis, \u017ee to v\u0161echno pr\u00fd psala v rann\u00e9m teenagerovsk\u00e9m \u0161\u00edlenstv\u00ed \ud83d\ude00 Mysl\u00edm, \u017ee to nen\u00ed nikde zn\u00e1t.<\/strong><\/em><\/div>\n<div><\/div>\n<div><img decoding=\"async\" title=\"3\" alt=\"\" class=\"right\" src=\"http:\/\/twincestblog.cz\/wp-content\/uploads\/08f8be2582_61405200_o2.jpg\" \/><\/div>\n<div>&#8222;M\u00e1 m\u011b r\u00e1d&#8230; nem\u00e1 m\u011b r\u00e1d&#8230; m\u00e1 m\u011b r\u00e1d&#8230; nem\u00e1 m\u011b r\u00e1d&#8230;&#8220; mumlal si \u010dernovlas\u00fd chlapec ti\u0161e, kdy\u017e sed\u011bl ve vysok\u00e9 tr\u00e1v\u011b rozkvetl\u00e9 louky a trhal l\u00edste\u010dky z mal\u00e9 neboh\u00e9 sedmikr\u00e1sky.<\/div>\n<div>Rostlinka po chv\u00edli let\u011bla vzduchem, doprov\u00e1zena t\u00ed\u017eiv\u00fdm povzdechem. Bill si clonil o\u010di p\u0159ed sluncem a pozoroval mal\u00e9 naducan\u00e9 mr\u00e1\u010dky, l\u00edn\u011b pluj\u00edc\u00ed po obloze. P\u0159\u00e1l si le\u017eet na jednom z nich, nechat se un\u00e1\u0161et nezn\u00e1mo kam, v\u011b\u010dnost\u00ed okam\u017eiku&#8230;<\/div>\n<div>Kdyby tak bylo v\u0161e snadn\u00e9. Kdyby m\u011bl jen trochu v\u00edce odvahy. Kdyby jen nazna\u010dil&#8230; Kdyby&#8230;<\/div>\n<div>Po\u0159\u00e1d sam\u00e9 kdyby. A skute\u010dnost? Prch\u00e1 v d\u00e1l. Za obzor.<\/div>\n<div>Lehl si do m\u011bkk\u00e9 tr\u00e1vy, v zubech p\u0159evaloval st\u00e9blo a p\u0159em\u00fd\u0161lel. P\u0159em\u00fd\u0161lel o \u017eivot\u011b, o smrti, o l\u00e1sce&#8230;<\/div>\n<div>A tak jako prve, i nyn\u00ed se nap\u0159\u00edmil a utrhl dal\u0161\u00ed sedmikr\u00e1sku, sna\u017e\u00edc\u00ed se p\u0159ibl\u00ed\u017eit t\u011bm h\u0159ejiv\u00fdm slune\u010dn\u00edm paprsk\u016fm.<\/div>\n<div>Chv\u00edli v\u00e1hal. Potom utrhl prvn\u00ed l\u00edste\u010dek..<\/div>\n<div>&#8222;M\u00e1 m\u011b r\u00e1d&#8230;?&#8220; a druh\u00fd&#8230;<\/div>\n<div>&#8222;Nem\u00e1 m\u011b r\u00e1d&#8230;?&#8220; a t\u0159et\u00ed&#8230; a&#8230;<\/div>\n<div>&#8222;M\u00e1 m\u011b r\u00e1d&#8230; nem\u00e1 m\u011b r\u00e1d&#8230; m\u00e1 m\u011b r\u00e1d&#8230; nem\u00e1 m\u011b r\u00e1d&#8230; m\u00e1 m\u011b r\u00e1d&#8230;nem\u00e1 m\u011b r\u00e1d&#8230; m\u00e1 m\u011b r\u00e1d&#8230;&#8220;<\/div>\n<hr \/>\n<div>Zarazil se. U\u017e zb\u00fdval posledn\u00ed l\u00edstek, hromad\u00edc\u00ed v du\u0161i bolest a stesk. Chmurn\u00e9 my\u0161lenky v\u00ed\u0159ily hlavou. Beznad\u011bj prostupovala cel\u00fdm t\u011blem. <em>V\u017edycky to skon\u010d\u00ed stejn\u011b, v\u017edycky&#8230;<\/em><\/div>\n<div>Chystal se utrhnout i posledn\u00ed l\u00edstek, ale n\u011b\u010d\u00ed hork\u00e1 dla\u0148 mu v tom zabr\u00e1nila. Sebrala sedmikr\u00e1sku s jedn\u00edm l\u00edste\u010dkem a p\u0159ilo\u017eila si ji k srdci.<\/div>\n<div>Tomovy o\u010di vyhledaly ty Billovy.<\/div>\n<div>&#8222;M\u00e1 t\u011b r\u00e1d&#8230;&#8220;<\/div>\n<div>A dva mal\u00e9 mr\u00e1\u010dky na nebi se spojily a jako jeden celek se vydaly oblohou vst\u0159\u00edc osudu.<\/p>\n<\/div>\n<div><strong>autor: Elis<\/strong><\/div>\n<div><strong>betaread: Janule<\/strong><\/div>\n","protected":false},"excerpt":{"rendered":"<p>autor: Elis Tak dneska za\u010d\u00edn\u00e1me s jednod\u00edlkami od Elis, kter\u00e9 jsou vesm\u011bs pasn\u00e9 v letech 2007 &#8211; 2008. Jsou smutn\u00e9 i vesel\u00e9, kr\u00e1tk\u00e9 i del\u0161\u00ed, n\u011bkter\u00e9 dokonce extra kr\u00e1tk\u00e9, ale mysl\u00edm, \u017ee s nimi budete spokojeni. Pa J. :o) PS: m\u00e1m vy\u0159\u00eddit<\/p>\n<p class=\"link-more\"><a class=\"myButt \" href=\"https:\/\/twincestblog.cz\/domains\/twincestblog.cz\/2010\/02\/06\/sedmikraska\/\">Read More<\/a><\/p>\n","protected":false},"author":1,"featured_media":0,"comment_status":"open","ping_status":"open","sticky":false,"template":"","format":"standard","meta":{"_exactmetrics_skip_tracking":false,"_exactmetrics_sitenote_active":false,"_exactmetrics_sitenote_note":"","_exactmetrics_sitenote_category":0,"footnotes":""},"categories":[45],"tags":[],"class_list":["post-12430","post","type-post","status-publish","format-standard","hentry","category-ff-jednodilky"],"_links":{"self":[{"href":"https:\/\/twincestblog.cz\/domains\/twincestblog.cz\/wp-json\/wp\/v2\/posts\/12430","targetHints":{"allow":["GET"]}}],"collection":[{"href":"https:\/\/twincestblog.cz\/domains\/twincestblog.cz\/wp-json\/wp\/v2\/posts"}],"about":[{"href":"https:\/\/twincestblog.cz\/domains\/twincestblog.cz\/wp-json\/wp\/v2\/types\/post"}],"author":[{"embeddable":true,"href":"https:\/\/twincestblog.cz\/domains\/twincestblog.cz\/wp-json\/wp\/v2\/users\/1"}],"replies":[{"embeddable":true,"href":"https:\/\/twincestblog.cz\/domains\/twincestblog.cz\/wp-json\/wp\/v2\/comments?post=12430"}],"version-history":[{"count":0,"href":"https:\/\/twincestblog.cz\/domains\/twincestblog.cz\/wp-json\/wp\/v2\/posts\/12430\/revisions"}],"wp:attachment":[{"href":"https:\/\/twincestblog.cz\/domains\/twincestblog.cz\/wp-json\/wp\/v2\/media?parent=12430"}],"wp:term":[{"taxonomy":"category","embeddable":true,"href":"https:\/\/twincestblog.cz\/domains\/twincestblog.cz\/wp-json\/wp\/v2\/categories?post=12430"},{"taxonomy":"post_tag","embeddable":true,"href":"https:\/\/twincestblog.cz\/domains\/twincestblog.cz\/wp-json\/wp\/v2\/tags?post=12430"}],"curies":[{"name":"wp","href":"https:\/\/api.w.org\/{rel}","templated":true}]}}