{"id":13073,"date":"2009-11-11T17:30:00","date_gmt":"2009-11-11T16:30:00","guid":{"rendered":"http:\/\/twincestblog.cz\/?p=13042"},"modified":"2009-11-11T17:30:00","modified_gmt":"2009-11-11T16:30:00","slug":"poradna-fotka-pro-intro","status":"publish","type":"post","link":"https:\/\/twincestblog.cz\/domains\/twincestblog.cz\/2009\/11\/11\/poradna-fotka-pro-intro\/","title":{"rendered":"Poradna (fotka pro Intro)"},"content":{"rendered":"<div>Selene mi pos\u00edlala tuhle fotku s trefnou pozn\u00e1mkou, \u017ee to vypad\u00e1, jako kdyby sed\u011bli v man\u017eelsk\u00e9 poradn\u011b..xD Mus\u00edm j\u00ed d\u00e1t za pravdu..xD<\/div>\n<div>Ve skute\u010dnosti je to z rozhovoru pro \u010dasopis <strong>Intro<\/strong>&#8230;mali\u010dk\u00e1 reklama, proto\u017ee tenhle \u010dl\u00e1nek byl..sv\u00fdm zp\u016fsobem tak zvl\u00e1\u0161tn\u00ed..po t\u011bch t\u0159ech letech, co m\u011b &#8222;zn\u00e1te&#8220;, v\u00e1m mus\u00ed b\u00fdt jasn\u00e9, \u017ee co m\u011b p\u0159ijde <em>zvl\u00e1\u0161tn\u00ed<\/em> se ostatn\u00edm m\u016f\u017ee zd\u00e1t naprosto oby\u010dejn\u00e9, mo\u017en\u00e1 i nesmysln\u00e9, tak\u017ee berme s rezervou, ale v\u00e1\u017en\u011b..ten \u010dl\u00e1nek m\u011b zaujal skoro v\u00edc ne\u017e jak\u00fdkoliv jin\u00fd \u010dl\u00e1nek, a to vynech\u00e1v\u00e1m ten rozhovor, mluv\u00edm o tom \u010dl\u00e1nku&#8230;<br \/>Ten \u010dasopis se zam\u011b\u0159uje na spoustu v\u011bc\u00ed, rozhodn\u011b to nen\u00ed \u010dasopis o hv\u011bzd\u00e1ch, a ty dv\u011b sle\u010dny, co s nima d\u011blaly interview se hodn\u011b specializovaly na t\u00e9matiku dvoj\u010dat a tak n\u011bjak to cel\u00fd bylo napsan\u00fd rozumn\u011b, s nads\u00e1zkou, zjistily si informace, ne\u017e o nich n\u011bco slep\u011b napsaly..mal\u00fd detaily p\u0159esn\u011b pro moje pot\u011b\u0161en\u00ed..:) okay, jsem schopn\u00e1 rozpl\u00fdvat se nad detailem typu pou\u017eit\u00e9ho p\u0159\u00edvlastku &#8222;kaffees\u00fcchtig&#8220;, nebo celkov\u00fdm pojmem intervia jako &#8222;zwillings-treffen&#8220;, ale to nechme stranou..;)<br \/>Ten \u010dl\u00e1nek s\u00e1m o sob\u011b se mysl\u00edm na internetu sehnat ned\u00e1, asi jen to interview..ten \u010dasopis snad ani nebyl v prodeji, rozd\u00e1vali to zadarmo p\u0159ed O2 world arenou po MTV EMAs, samoz\u0159ejm\u011b mi to bylo pov\u011bdom\u00fd, ten cover m\u011bl Tom na blogu..:)<br \/>J\u00e1 v\u00e1m to snad n\u011bkdy oskenuju..xD<\/div>\n<div><\/div>\n<div>Jo, a dal\u0161\u00ed z t\u011bch skv\u011bl\u00fdch v\u011bc\u00ed je, \u017ee z toho \u010dasopisu je <em>ta<\/em> fotografka..u\u017e jsem tu o n\u00ed m\u00e1m dojem i psala..nev\u011bd\u011bla jsem, kdo to je, a milovala jsem jej\u00ed fotky u\u017e n\u011bjakou dobu, co byly na internetu..je to ta, co fotila tu s\u00e9rii <a href=\"http:\/\/www.imagebam.com\/image\/d5634153302744\">twin-portr\u00e9t\u016f<\/a>, tuhle fotku tady dole, a hlavn\u011b mou <a href=\"http:\/\/www.imagebam.com\/image\/6e089d53302743\">milovanou<\/a>..nem\u016f\u017eu slovama vyj\u00e1d\u0159it, jak na m\u011b ta fotka p\u016fsob\u00ed..xD<br \/>Jmenuje se <strong>Katja Ruge<\/strong>, kdyby n\u011bco..;)<\/div>\n<div><\/div>\n<div>No dob\u0159e..te\u010f u\u017e ta fotka..:))<\/div>\n<div><\/div>\n<div><img decoding=\"async\" title=\"1908\" alt=\"\" class=\"center\" src=\"http:\/\/twincestblog.cz\/wp-content\/uploads\/9b8b8bb1be_56293890_o2.jpg\" \/><\/div>\n<div>Je\u0161t\u011b n\u011bco xD <sub>(fl\u00e1kn\u011bte mi n\u011bkdo, poukl\u00e1d\u00e1m v deseti minut\u00e1ch deset \u010dl\u00e1nk\u016f s jedn\u00edm \u0159\u00e1dkem textu a pak nap\u00ed\u0161u slohovku na p\u016fl hodiny k jedn\u00fd fotce..? my haters, I understand you..xD)<\/sub><\/div>\n<div><sub><br \/><\/sub>&#8211; miluju to prost\u0159ed\u00ed, kde to fotili..byl tam i ten shooting pro Bravo, a ve stejnej den asi fotili i pro to intro a musim \u0159\u00edct, \u017ee je to podle m\u011b nejhez\u010d\u00ed m\u00edstnost, ve kter\u00fd m\u011bli focen\u00ed&#8230;ach, pro\u010d nem\u016f\u017eu p\u0159ed\u011bl\u00e1vat interi\u00e9rovej design sv\u00fdho pokoje ka\u017ed\u00fd dva t\u00fddny ? xD<\/div>\n","protected":false},"excerpt":{"rendered":"<p>Selene mi pos\u00edlala tuhle fotku s trefnou pozn\u00e1mkou, \u017ee to vypad\u00e1, jako kdyby sed\u011bli v man\u017eelsk\u00e9 poradn\u011b..xD Mus\u00edm j\u00ed d\u00e1t za pravdu..xD Ve skute\u010dnosti je to z rozhovoru pro \u010dasopis Intro&#8230;mali\u010dk\u00e1 reklama, proto\u017ee tenhle \u010dl\u00e1nek byl..sv\u00fdm zp\u016fsobem tak zvl\u00e1\u0161tn\u00ed..po t\u011bch t\u0159ech letech,<\/p>\n<p class=\"link-more\"><a class=\"myButt \" href=\"https:\/\/twincestblog.cz\/domains\/twincestblog.cz\/2009\/11\/11\/poradna-fotka-pro-intro\/\">Read More<\/a><\/p>\n","protected":false},"author":1,"featured_media":0,"comment_status":"open","ping_status":"open","sticky":false,"template":"","format":"standard","meta":{"_exactmetrics_skip_tracking":false,"_exactmetrics_sitenote_active":false,"_exactmetrics_sitenote_note":"","_exactmetrics_sitenote_category":0,"footnotes":""},"categories":[20],"tags":[],"class_list":["post-13073","post","type-post","status-publish","format-standard","hentry","category-interviews-foto"],"_links":{"self":[{"href":"https:\/\/twincestblog.cz\/domains\/twincestblog.cz\/wp-json\/wp\/v2\/posts\/13073","targetHints":{"allow":["GET"]}}],"collection":[{"href":"https:\/\/twincestblog.cz\/domains\/twincestblog.cz\/wp-json\/wp\/v2\/posts"}],"about":[{"href":"https:\/\/twincestblog.cz\/domains\/twincestblog.cz\/wp-json\/wp\/v2\/types\/post"}],"author":[{"embeddable":true,"href":"https:\/\/twincestblog.cz\/domains\/twincestblog.cz\/wp-json\/wp\/v2\/users\/1"}],"replies":[{"embeddable":true,"href":"https:\/\/twincestblog.cz\/domains\/twincestblog.cz\/wp-json\/wp\/v2\/comments?post=13073"}],"version-history":[{"count":0,"href":"https:\/\/twincestblog.cz\/domains\/twincestblog.cz\/wp-json\/wp\/v2\/posts\/13073\/revisions"}],"wp:attachment":[{"href":"https:\/\/twincestblog.cz\/domains\/twincestblog.cz\/wp-json\/wp\/v2\/media?parent=13073"}],"wp:term":[{"taxonomy":"category","embeddable":true,"href":"https:\/\/twincestblog.cz\/domains\/twincestblog.cz\/wp-json\/wp\/v2\/categories?post=13073"},{"taxonomy":"post_tag","embeddable":true,"href":"https:\/\/twincestblog.cz\/domains\/twincestblog.cz\/wp-json\/wp\/v2\/tags?post=13073"}],"curies":[{"name":"wp","href":"https:\/\/api.w.org\/{rel}","templated":true}]}}