{"id":13365,"date":"2009-10-02T14:30:00","date_gmt":"2009-10-02T13:30:00","guid":{"rendered":"http:\/\/twincestblog.cz\/?p=13334"},"modified":"2009-10-02T14:30:00","modified_gmt":"2009-10-02T13:30:00","slug":"zivot-na-prkne-s-kolecky-5","status":"publish","type":"post","link":"https:\/\/twincestblog.cz\/domains\/twincestblog.cz\/2009\/10\/02\/zivot-na-prkne-s-kolecky-5\/","title":{"rendered":"\u017divot na prkn\u011b s kole\u010dky 5."},"content":{"rendered":"<div><strong>autor: Pajule<\/strong><\/p>\n<\/div>\n<div><\/div>\n<div><em>Tohle je v\u00edce m\u00e9n\u011b takov\u00fd d\u00edl, kdy se v\u0161ichni navz\u00e1jem mezi sebou p\u0159edstavuj\u00ed. P\u016fvodn\u011b jsem to cht\u011bla ud\u011blat tro\u0161ku jinak, ale necht\u011bla jsem to Janul zt\u011b\u017eovat, tak\u017ee to m\u00e1te takhle v d\u00edlku. Snad se neunud\u00edte k smrti\u2026 Pajul ;o)<\/em><\/p>\n<\/div>\n<div><strong>&#8222;Erik? Roli? D\u016fle\u017eitou?&#8220;<\/strong><\/p>\n<\/div>\n<div>BILL<\/p>\n<\/div>\n<div>Hod\u00edm si posledn\u00ed tri\u010dko do sk\u0159\u00edn\u011b a sval\u00edm se na postel. M\u00e1m je\u0161t\u011b p\u011bt minut \u010dasu. Aha, tak nem\u00e1m. Na dve\u0159e od m\u00e9 chatky n\u00e1hle n\u011bkdo zaklepe. Donut\u00ed m\u011b to vst\u00e1t a j\u00edt otev\u0159\u00edt.<\/div>\n<div>&#8222;Ano&#8230; ehm\u2026?&#8220; za\u010dnu p\u0159em\u00fd\u0161let a t\u00e1zav\u011b se na toho klu\u010dinu pod\u00edv\u00e1m. Je\u0161t\u011b je nezn\u00e1m.<\/div>\n<div>&#8222;Adame. Jsem Adam,&#8220; promluv\u00ed na m\u011b jen a zalo\u017e\u00ed ruce v bok. Usm\u011bji se a douf\u00e1m, \u017ee si to jm\u00e9no budu pamatovat.<\/div>\n<div>&#8222;Dob\u0159e, Adame. Promi\u0148, je\u0161t\u011b v\u00e1s nezn\u00e1m. Pot\u0159ebuje\u0161 n\u011bco?&#8220; opt\u00e1m se ho a \u010dek\u00e1m, co z n\u011bj vypadne. Nic. Mohl by se vym\u00e1\u010dknout?!<\/div>\n<div>&#8222;Ehm\u2026 nejde n\u00e1m s Nickem povl\u00edknout pe\u0159ina. Pomohl bys n\u00e1m, pros\u00edm?&#8220; pod\u00edv\u00e1 se na m\u011b sv\u00fdma z\u00e1\u0159iv\u011b zelen\u00fdma o\u010dima. Povl\u00edknout postel? V\u017edy\u0165 to sotva um\u00edm j\u00e1! Pral jsem se tady s t\u00edm skoro hodinu. A nakonec jsem stejn\u011b zjistil, \u017ee jsem to povl\u00edknul opa\u010dn\u011b, tud\u00ed\u017e jsem to povle\u010den\u00ed zase musel sundat a pr\u00e1t se s t\u00edm znovu. Podruh\u00e9 u\u017e to sice bylo o n\u011bco lep\u0161\u00ed, ale \u017e\u00e1dn\u00e1 sl\u00e1va.<\/div>\n<div>&#8222;Ehm\u2026&#8220; podrbu se na hlav\u011b a p\u0159em\u00fd\u0161l\u00edm, jak se z toho vymluvit.<\/div>\n<div>&#8222;Ano?&#8220;<\/div>\n<div>&#8222;V\u00ed\u0161, je\u0161t\u011b tu mus\u00edm pro v\u00e1s n\u011bco p\u0159ipravit. \u0158ekni si kluk\u016fm z \u0161estky, ano? \u017de jim to vy\u0159izuju a je to jejich prvn\u00ed t\u00e1borov\u00e1&#8230;&#8220; zaseknu se. Jak je to slovo n\u011bmecky?<\/div>\n<div>&#8222;Jasn\u011b, vy\u0159\u00edd\u00edm, \u017ee jim vzkazuje\u0161, \u017ee n\u00e1m maj\u00ed j\u00edt povl\u00edknout,&#8220; dokon\u010d\u00ed to za m\u011b ten prcek. Toho budu m\u00edt r\u00e1d.<\/div>\n<div>&#8222;P\u0159esn\u011b tak,&#8220; mrknu na n\u011bj. On ud\u011bl\u00e1 to sam\u00e9 a odkr\u00e1\u010d\u00ed mezi stromy zase pry\u010d. Tak tohle bude zaj\u00edmav\u00e9.<\/div>\n<hr \/>\n<div>TOM<\/p>\n<\/div>\n<div>Povle\u010du si postel a z\u00e1hy se na ni sval\u00edm. Vybral jsem si tu za rohem, jsem sp\u00ed\u0161 ten, co je rad\u0161i s\u00e1m, ne\u017e ve spole\u010dnosti. M\u00e1m r\u00e1d takov\u00fd ten sv\u016fj vlastn\u00ed prostor. Tud\u00ed\u017e jsem od kluk\u016f trochu mimo, i kdy\u017e&#8230; odd\u011bluje m\u011b jen sk\u0159\u00ed\u0148 a to jen na mal\u00fd kousek.<\/div>\n<div>&#8222;Tome? Jmenuje\u0161 se tak, \u017ee jo?&#8220; promluv\u00ed na m\u011b jeden z nich. Mysl\u00edm, \u017ee tenhle je Simon, ale t\u011b\u017eko \u0159\u00edct, zda jsem si to nespletl.<\/div>\n<div>&#8222;Hmmm?&#8220;<\/div>\n<div>&#8222;Kde vlastn\u011b bydl\u00ed\u0161?&#8220; p\u0159ijde za mnou a posad\u00ed se na okraj postele k m\u00fdm noh\u00e1m. Vyhoupnu se na lokty, abych na n\u011bj vid\u011bl. Ano, Simon.<\/div>\n<div>&#8222;V Hamburgu. Konkr\u00e9tn\u011b v centru. Kousek od hlavn\u00edho vlakov\u00e9ho n\u00e1dra\u017e\u00ed, ale vlaky tam sly\u0161et nejsou, je to docela klidn\u00e1 \u010dtvr\u0165. M\u00e1me tam takov\u00fd mal\u00fd d\u016fm. Co ty?&#8220;<\/div>\n<div>&#8222;Ach, aha. J\u00e1 bydl\u00edm mimo Hamburg. Je to sice asi jen p\u011bt kilometr\u016f, ale i tak. Jak jsi vlastn\u011b na tohle soust\u0159ed\u011bn\u00ed p\u0159i\u0161el? A u\u017e jsi n\u011bkdy na skatu jezdil nebo u\u017e jezd\u00ed\u0161?&#8220; vychrl\u00ed na m\u011b tunu ot\u00e1zek. Nadechnu se, \u017ee odpov\u00edm, ale v kapse mi za\u010dne vibrovat mobil. Je tu sice slab\u00fd sign\u00e1l, jen dv\u011b \u010d\u00e1rky z p\u011bti, ale i tak\u2026<\/div>\n<div>&#8222;Promi\u0148, mus\u00edm to vz\u00edt,&#8220; omluvn\u011b se usm\u011bji a z kapsy vyt\u00e1hnu mobil. Ani se nepod\u00edv\u00e1m, kdo vol\u00e1 a hovor p\u0159ijmu. Mobil si natisknu k uchu, abych volaj\u00edc\u00edho dob\u0159e sly\u0161el. Simon se zvedne a odejde.<\/div>\n<div>&#8222;Ano?&#8220; zahuhl\u00e1m do telefonu je\u0161t\u011b s \u00fasm\u011bvem.<\/div>\n<div>&#8222;Tady Erik, ahoj Tomi,&#8220; usly\u0161\u00edm vesel\u00fd hlas Erika.<\/div>\n<div>&#8222;Eriku?!&#8220; vyp\u00edsknu tak nahlas, a\u017e se ke mn\u011b oto\u010d\u00ed jak Simon, tak i John, kter\u00fd pr\u00e1v\u011b p\u0159i\u0161el do chatky. Str\u010d\u00edm ruku p\u0159ed pusu, pohledem se omluv\u00edm za svoje chov\u00e1n\u00ed a rad\u011bji vypadnu z chatky ven, tohle si budu rad\u011bji \u0159e\u0161it mimo kluky.<\/div>\n<div>&#8222;P\u0159esn\u011b tak, Tomi. Zdrav\u00edm t\u011b z N\u011bmecka\u2026&#8220;<\/div>\n<div>&#8222;Z N\u011bmecka? Jak jako z N\u011bmecka?&#8220; nech\u00e1pav\u011b si s\u00e1m pro sebe krout\u00edm hlavou, on to vid\u011bt nem\u016f\u017ee. Popojdu dal\u0161\u00edch p\u00e1r krok\u016f d\u00e1l od chatky a posad\u00edm se na pa\u0159ez. \u010cek\u00e1m na vysv\u011btlen\u00ed. Minule mi vlastn\u011b volal jen proto, aby mi to v\u0161echno ud\u011blal je\u0161t\u011b t\u011b\u017e\u0161\u00ed. Vyl\u00edval si mi srd\u00ed\u010dko. Pr\u00fd mu hrozn\u011b sch\u00e1z\u00edm a dal\u0161\u00ed a dal\u0161\u00ed v\u011bci. Jen\u017ee&#8230; to on se se mnou roze\u0161el, ne j\u00e1 s n\u00edm.<\/p>\n<\/div>\n<div>***<\/p>\n<\/div>\n<div>&#8222;Erik? Co zase Erik?&#8220;<\/div>\n<div>&#8222;No, ono je to trochu slo\u017eit\u011bj\u0161\u00ed. Bude lep\u0161\u00ed nep\u0159edb\u00edhat ud\u00e1losti. Napov\u00edm ti snad jen to, \u017ee Erik zde bude m\u00edt je\u0161t\u011b hodn\u011b d\u016fle\u017eitou roli\u2026&#8220;<\/div>\n<div>&#8222;Erik? Roli? D\u016fle\u017eitou?&#8220;<\/div>\n<div>&#8222;P\u0159esn\u011b tak. Je to jako hledat jehlu v kupce sena, jak se \u0159\u00edk\u00e1. Je tu seno, kter\u00e9 je to nejpodstatn\u011bj\u0161\u00ed a v nejv\u011bt\u0161\u00edm mno\u017estv\u00ed. Ale pak tu st\u00e1le je\u0161t\u011b z\u016fst\u00e1v\u00e1 ta jehla. Po\u0159\u00e1d m\u00e1 jistou roli, ne? Po\u0159\u00e1d se o n\u00ed mluv\u00ed\u2026&#8220;<\/div>\n<div>&#8222;Asi ano.&#8220;<\/div>\n<div>&#8222;P\u0159esn\u011b tak. Jehla v kupce sena.&#8220;<\/div>\n<div>&#8222;Zaj\u00edmav\u00e1 my\u0161lenka. Ale\u2026 jehla se jednoho dne m\u016f\u017ee dostat na vr\u0161ek t\u00e9 hromady sena a ty si ji m\u016f\u017ee\u0161 p\u00edchnout do prstu, nemysl\u00ed\u0161? A r\u00e1zem je seno pry\u010d a je jen ta jehla\u2026&#8220;<\/div>\n<div>&#8222;To m\u016f\u017ee\u0161, ale taky nemus\u00ed\u0161. V tomto p\u0159\u00edb\u011bhu se tomu vyhneme. Jehla z\u016fstane tam, kde m\u00e1. Jen ob\u010das vystr\u010d\u00ed svoji \u0161pi\u010dku. Nikdo se v\u0161ak nep\u00edchne.&#8220;<\/div>\n<div>&#8222;M\u00e1m to ch\u00e1pat tak, \u017ee Erik je mimo, ale i p\u0159esto o n\u011bm je\u0161t\u011b usly\u0161\u00edm?&#8220;<\/div>\n<div>&#8222;No, dalo by se to tak \u0159\u00edct\u2026&#8220;<\/p>\n<\/div>\n<div>***<\/p>\n<\/div>\n<div><img decoding=\"async\" title=\"329\" alt=\"\" class=\"right\" src=\"http:\/\/twincestblog.cz\/wp-content\/uploads\/1e5dc4dfb0_54086612_o2.jpg\" \/><\/div>\n<div>Kopnu do kam\u00ednku p\u0159ed sebou a na\u0161tvan\u011b na sv\u00e9m mobilu zm\u00e1\u010dknu \u010derven\u00fd telefonek. Pokr\u010d\u00edm nohy a hlavu slo\u017e\u00edm mezi kolena. Kret\u00e9n! Co si o sob\u011b mysl\u00ed? Zase mi vol\u00e1, zase si st\u011b\u017euje. A ke v\u0161emu je v N\u011bmecku. Co tu chce? Nev\u00edm, proto\u017ee ten blbec mi to zav\u011bsil.<\/div>\n<div>&#8222;Ehm\u2026&#8220; usly\u0161\u00edm jak\u00fdsi zvuk za sebou. Polekan\u011b zvednu hlavu a spat\u0159\u00edm p\u0159ed sebou Billa, vedouc\u00edho soust\u0159ed\u011bn\u00ed. Ani jsem nev\u011bd\u011bl, \u017ee jsem za\u0161el tak daleko.<\/div>\n<div>&#8222;Ano?&#8220; vstanu a za\u010dnu nemotorn\u011b m\u00e1chat rukama. Pak se k n\u011bmu oto\u010d\u00edm \u010delem.<\/div>\n<div>&#8222;Nen\u00ed ti nic?&#8220; pod\u00edv\u00e1 se na m\u011b a ud\u011bl\u00e1 krok vp\u0159ed. Zam\u011b\u0159\u00ed se na moje opuchl\u00e9 \u010derven\u00e9 o\u010di. P\u0159izn\u00e1v\u00e1m, trochu jsem bre\u010del.<\/div>\n<div>&#8222;Ne, to je v po\u0159\u00e1dku. To je jen alergie,&#8220; zamuml\u00e1m a o\u010di si ot\u0159u dlouh\u00fdm ruk\u00e1vem mikiny.<\/div>\n<div>&#8222;Aha. V pap\u00edrech u tebe alergii nem\u00e1m, ale to je jedno. Te\u010f poj\u010f, m\u00e1me prvn\u00ed spole\u010dnou sch\u016fzku ve spole\u010densk\u00e9 m\u00edstnosti.&#8220;<\/p>\n<\/div>\n<div>BILL<\/p>\n<\/div>\n<div><em>O p\u00e1r minut pozd\u011bji<\/em><\/p>\n<\/div>\n<div>&#8222;Tak\u017ee&#8230; jsme tu v\u0161ichni?&#8220; pod\u00edv\u00e1m se po lidech sed\u00edc\u00edch na zemi. Docela m\u011b p\u0159ekvapilo, \u017ee je tu j\u00eddelna a spole\u010densk\u00e1 m\u00edstnost zvl\u00e1\u0161\u0165. Ale je to vyhovuj\u00edc\u00ed. Spole\u010densk\u00e1 m\u00edstnost nevypad\u00e1 tak steriln\u011b, nen\u00ed tak stresuj\u00edc\u00ed. Na rozd\u00edl od j\u00eddelny, je tu koberec na zemi. Zdi jsou nat\u0159en\u00e9 na sv\u011btlince h\u0159ejiv\u011b oran\u017eovou. U st\u011bn m\u00edstnosti jsou psac\u00ed stoly se \u017eidlemi z tmav\u00e9ho d\u0159eva. Je to tu moc p\u0159\u00edjemn\u00e9.<\/div>\n<div>&#8222;Jo, jsme tu v\u0161ichni,&#8220; ozve se z davu od Adama. Toho jedin\u00e9ho si pamatuji. Tedy, k tomu je\u0161t\u011b Toma.<\/div>\n<div>&#8222;Tak\u017ee, jak za\u010d\u00edt? Uch, abych pravdu \u0159ekl, nikdy jsem takhle je\u0161t\u011b nikde nebyl. T\u00e1bory a podobn\u00e9 v\u011bci jsem odmala nesn\u00e1\u0161el a prvn\u00ed m\u016fj t\u00e1bor dopadl tak, \u017ee si pro m\u011b rodi\u010de po dvou dnech museli p\u0159ijet, proto\u017ee jsem rozbil postel a dve\u0159e. Proto douf\u00e1m, \u017ee nebudu tak otravn\u00fd jako ti moji vedouc\u00ed, a spole\u010dn\u011b si to tu u\u017eijeme jako jedna velk\u00e1 parta. Kdybych se tak za\u010dal chovat, d\u00e1te mi v \u010das v\u011bd\u011bt, ano?&#8220; pod\u00edv\u00e1m se na v\u0161echny. N\u00e1hle vylet\u00ed Adamova ruka vzh\u016fru. K\u00fdvnut\u00edm hlavy mu nazna\u010d\u00edm, aby mluvil.<\/div>\n<div>&#8222;Mus\u00ed\u0161 mluvit tak spisovn\u011b? Je to hrozn\u00fd.&#8220;<\/div>\n<div>&#8222;Nev\u00edm, jestli to p\u016fjde. Sami asi v\u00edte, \u017ee \u017eiji v Americe, tud\u00ed\u017e mluv\u00edm americkou angli\u010dtinou. N\u011bm\u010dina je sice m\u016fj rodn\u00fd jazyk, ale jsem tu teprve jeden den, mus\u00edm si zvyknout. Oukej?&#8220;<\/div>\n<div>&#8222;Oukej,&#8220; ozve se sborov\u011b.<\/div>\n<div>&#8222;Tak dob\u0159e. Co \u0159\u00edk\u00e1te na to, kdybychom se navz\u00e1jem p\u0159edstavili? J\u00e1 v\u00e1s nezn\u00e1m a mnoz\u00ed z v\u00e1s se z\u0159ejm\u011b neznaj\u00ed mezi sebou. Prost\u011b ka\u017ed\u00fd \u0159ekn\u011bte, co pova\u017eujete za vhodn\u00e9, dob\u0159e?&#8220;<\/div>\n<div>&#8222;Dob\u0159e,&#8220; ozve se op\u011bt sborov\u011b. Kouknu na kluka vedle sebe a ten pochop\u00ed, \u017ee m\u00e1 za\u010d\u00edt.<\/div>\n<div>&#8222;No&#8230; j\u00e1 jsem Sebastian Laichter, ale v\u0161ichni mi \u0159\u00edkaj\u00ed Seby. P\u0159ed t\u00fddnem mi bylo patn\u00e1ct. Jinak bydl\u00edm v Hamburgu. Asi bych m\u011bl \u0159\u00edct, \u017ee jezd\u00edm u\u017e t\u0159i roky z\u00e1vodn\u011b na snowboardu. Mimo jin\u00e9 taky hraju na kytaru. A&#8230; Bill&#8217;s, hl\u00e1s\u00edm, \u017ee jsem ku\u0159\u00e1k,&#8220; dokon\u010d\u00ed svoji \u0159e\u010d klu\u010dina se sv\u011btle hn\u011bd\u00fdmi vlasy, kter\u00e9 jsou ost\u0159\u00edh\u00e1ny na je\u017eka. Postavu m\u00e1 vypracovanou, sportovn\u011b zalo\u017eenou.<\/p>\n<\/div>\n<div>&#8222;Dob\u0159e. O kou\u0159en\u00ed jsme se bavili. Sice se mi to nel\u00edb\u00ed, je ti teprve 15, ale budi\u017e. Tak, pokra\u010dujeme\u2026&#8220; uk\u00e1\u017eu na klu\u010dinu, kter\u00fd m\u00e1 na hlav\u011b ten sam\u00fd sest\u0159ih, jen v blond barv\u011b.<\/div>\n<div>&#8222;Ehm, tak nazdar. J\u00e1 jsem Hans Leuthereuhessnerer. Stejn\u011b jako Sebymu mi je 15 a bydl\u00edm v Hamburgu. Stejn\u011b jako Seb jezn\u00edm z\u00e1vodn\u011b na prkn\u011b a hraju na baskytaru. Vlastn\u011b jsme se Sebym kamar\u00e1di u\u017e odmalinka. A jo, jsem taky ku\u0159\u00e1k,&#8220; dokon\u010d\u00ed i on svoji \u0159e\u010d. Tak pokra\u010dujeme d\u00e1l. Dva lidi m\u00e1me za sebou, je\u0161t\u011b n\u00e1s tu je 12.<\/div>\n<div>&#8222;Tak\u017ee, j\u00e1 jsem Vanessa Becker, ale nikdo mi ne\u0159ekne jinak Ness\u00ed. Je mi 15, ale u\u017e mi bude jako 16. No, jinak jako maluju, r\u00e1da, ale jako na skatu nejezd\u00edm. A jako jedu sem spole\u010dn\u011b s Es,&#8220; zacukruje sm\u011brem ke mn\u011b ta b\u00e1rb\u00ednka s blond mik\u00e1dem pod u\u0161i. To bude s\u00edla, tyhle holky nem\u00e1m r\u00e1d.<\/div>\n<div>&#8222;Tak- &#8220; mil\u00e1 Ness\u00ed m\u011b p\u0159eru\u0161\u00ed.<\/div>\n<div>&#8222;Jo! Jsem ku\u0159a\u010dka,&#8220; vyp\u00edskne s rukou p\u0159ed pusou a p\u0159ihlouple se zachichot\u00e1. Super.<\/div>\n<div>&#8222;Tak dob\u0159e, d\u00edky. Jedeme d\u00e1l. Za \u010dtvrt hodiny m\u00e1me ve\u010de\u0159i,&#8220; usm\u011bju se p\u0159\u00edjemn\u011b a uk\u00e1\u017eu na hol\u010dinu vedle B\u00e1rb\u00ednky. To bude asi ta zmi\u0148ovan\u00e1 Es. Hoperka s pihat\u00fdm obli\u010dejem.<\/div>\n<div>&#8222;Hey, j\u00e1 jsem Esther. Esther Molf. Stejn\u011b jako Ness\u00ed je mi 15. Ob\u011b bydl\u00edme v Hamburgu. Jinak jsem jako mal\u00e1 plavala, ale potom m\u011b to p\u0159estalo bavit, tak jsem toho nechala. Na skatu n\u011bco m\u00e1lo um\u00edm, ale \u017e\u00e1dn\u00e1 sl\u00e1va. Pro tvoji informaci, Bill&#8217;s, jsem siln\u00e1 ku\u0159a\u010dka, a tak trochu party girl. Na jedn\u00fd oslav\u011b jsme se poznaly tady s Ness\u00ed,&#8220; za\u010d\u00edn\u00e1 se tady z toho klubat zaj\u00edmav\u00e1 parta, opravdu.<\/div>\n<div>&#8222;Pokra\u010dujeme&#8230;&#8220; uk\u00e1\u017eu na klu\u010dinu vedle Es.<\/p>\n<\/div>\n<div>TOM<\/p>\n<\/div>\n<div>Moc to cel\u00e9 nevn\u00edm\u00e1m, my\u0161lenkami jsem n\u011bkde jinde. Jinde? U Erika. Pamatuji si jen n\u011bco. Te\u010f mluvila Esther, se kterou jsem se bavil p\u0159ed Saturnem, kdy\u017e jsme \u010dekali na odvoz do t\u00e1bora.<\/div>\n<div>&#8222;J\u00e1 jsem Nick, je mi deset, bydl\u00edm ve vesnici 10 km od Hamburgu. Vlastn\u011b jsem tu z donucen\u00ed rodi\u010d\u016f. Rad\u0161i bych sed\u011bl doma u televize nebo po\u010d\u00edta\u010de,&#8220; promluv\u00ed takov\u00fd p\u011bkn\u00fd cvalda. Super. Cvalda? Nick. Nick? Cvalda. To p\u016fjde. Slovo padne na Johna, kter\u00fd je se mnou v chatce.<\/div>\n<div>&#8222;Ahoj. Mn\u011b je 17, bydl\u00edm jako v\u011bt\u0161ina z v\u00e1s v Hamburgu. Na skatu jsem je\u0161t\u011b nejezdil. Mimo jin\u00e9 jsem bl\u00e1zen do po\u010d\u00edta\u010dov\u00fdch her. A mo\u017en\u00e1 proto mi nikdo jin\u00fd ne\u0159ekne jinak ne\u017e Nero. A Nero kou\u0159\u00ed,&#8220; skon\u010d\u00ed br\u00fdlat\u00fd Nero. Toho \u010dernovlas\u00e9ho kluka jsem si moc neobl\u00edbil. Zat\u00edm.<\/div>\n<div>&#8222;D\u00edky\u2026 ehm, Nero. Pokra\u010dujeme d\u00e1l. A pokra\u010dujte po krou\u017eku sami, automaticky, a\u0165 v\u00e1s nemus\u00edm vyz\u00fdvat,&#8220; promluv\u00ed k n\u00e1m Bill&#8217;s. Je docela sympatick\u00fd. Mo\u017en\u00e1 mi je sympatick\u00fd proto, \u017ee je tu je\u0161t\u011b n\u011bkdo v m\u00e9m v\u011bku.<\/div>\n<div>&#8222;Dob\u0159e, tak\u017ee j\u00e1 jsem Matt (Mathias) Grauman a ned\u00e1vnou jsem oslavil 13. Jsem a\u017e z m\u011bste\u010dka Soltau, co\u017e je n\u011bjak\u00fdch 150 km pod Hamburgem. U\u017e asi 5 let hraju fotbal a asi p\u0159ed rokem jsem p\u0159i\u0161el na skateboard, ale nem\u00e1m se od koho u\u010dit,&#8220; pronese blon\u010f\u00e1k a p\u0159ed\u00e1 slovo klukovi vedle sebe.<\/p>\n<\/div>\n<div>&#8222;J\u00e1 jsem Wolfgang Schubert. Je mi 14. V\u0161ichni mi ale \u0159\u00edkaj\u00ed Bobo. P\u0159ezd\u00edvku m\u00e1m z tenisu, kterej profesion\u00e1ln\u011b hraju. P\u0159ijel jsem spole\u010dn\u011b s Mattem, jsem taky ze Soltau,&#8220; och bo\u017ee, tenhle kluk &#8211; to je maso. Na hlav\u011b m\u00e1 obrovsk\u00e9, tmav\u011b hn\u011bd\u00e9 kudrnat\u00e9 afro. Toho si budu pamatovat na 100%!<\/div>\n<div>&#8222;Tak, j\u00e1 jsem Philips Gebayer a je mi 16. \u017diju ve vesni\u010dce asi p\u011bt kil\u00e1\u010dk\u016f od Hamburgu. Mus\u00edm p\u0159iznat, \u017ee jsem bl\u00e1zen do hip-hopu a v\u0161eho, co se ho t\u00fdk\u00e1, je p\u0159esn\u011b pro m\u011b! Proto i tancuju. Pro v\u0161echny jsem Fidlajz, oukej?&#8220; za\u017eertuje hoper se \u0161pinav\u011b blond vlasy, ale nikdo se tomu nesm\u011bje. Slova se te\u010f ujme Simon.<\/div>\n<div>&#8222;\u2026a je mi 17. Jsme tu spole\u010dn\u011b s nevlastn\u00edm br\u00e1chou, Nickem. Na rozd\u00edl od n\u011bj se ale pou\u0161t\u00edm do nov\u00fdch v\u011bc\u00ed a nejsem tlust\u00fd prase, co po\u0159\u00e1d \u017eere,&#8220; dokon\u010d\u00ed Simmo svoji p\u0159edstavovac\u00ed \u0159e\u010d a j\u00e1 se mus\u00edm u\u0161kl\u00edbnout. Ano, Simmo je naprost\u00fd opak Nicka.<\/div>\n<div>&#8222;Hey! \u010cau lidi!&#8220; ze zkoum\u00e1n\u00ed nevlastn\u00edch bratr\u016f m\u011b vytrhne pi\u0161tiv\u00fd hlas kluka, co sed\u00ed skoro vedle m\u011b. &#8222;J\u00e1 Winkler, jm\u00e9nem Adam. A co nev\u00edte? Nev\u00edte, \u017ee mi je 12, co? Tak teda, te\u010f u\u017e to v\u00edte. A vlastn\u011b nev\u00edm, pro\u010d jsem sem z Hamburgu p\u0159ijel. Na skatu jezd\u00edm u\u017e n\u011bkolik let. Ale neboj, Bill&#8217;s, tebe fakt nep\u0159ekon\u00e1m. Jo, kdyby to n\u011bkdo nev\u011bd\u011bl &#8211; co\u017e nev\u00edm, kdo by to nem\u011bl v\u011bd\u011bt, proto\u017ee v\u0161ichni vid\u00edte &#8211; m\u00e1m vlasy \u010dern\u00fd od p\u0159\u00edrody, ale p\u0159em\u00fd\u0161l\u00edm o blond, jo. Jak mysl\u00edte, \u017ee by to vy- &#8220; Bill ho v tu chv\u00edli p\u0159eru\u0161\u00ed. Neuv\u011b\u0159iteln\u011b ukecan\u00fd kluk. Ten se ale um\u011bl narodit. Je\u0161t\u011b tak t\u0159i roky a holky od sebe bude muset odh\u00e1n\u011bt. \u010cern\u00e9 vlasy se mu doslova bij\u00ed se sv\u00edtiv\u011b zeln\u00fdma o\u010dima. Tomu se \u0159\u00edk\u00e1 kr\u00e1sa.<\/div>\n<div>&#8222;Adame, to probereme jindy. Te\u010f dej p\u0159ednost dal\u0161\u00edm.&#8220;<\/div>\n<div>&#8222;Jo, sorry, j\u00e1 necht\u011bl,&#8220; and\u011blsky se na n\u00e1s v\u0161echny usm\u011bje a posad\u00ed se. A\u017e te\u010f jsem si v\u0161iml, \u017ee se asi pono\u0159il do p\u0159edstavov\u00e1n\u00ed sv\u00e9 osoby natolik, a\u017e se z toho postavil. Bo\u017ee, tohle je grupa.<\/p>\n<\/div>\n<div>&#8222;Ehm\u2026 Tak\u017ee, j\u00e1 jsem Andre Kelly, je mi \u0161estn\u00e1ct let. Jsem vlastn\u011b ze sm\u00ed\u0161en\u00e9 rodiny. T\u00e1ta poch\u00e1z\u00ed z Malty, m\u00e1ma z N\u011bmecka. Na Malt\u011b jsem se i narodil, ale rodi\u010de se rozvedli, a te\u010f bydl\u00edm s m\u00e1mou asi deset kilometr\u016f od Hamburgu. Mimo jin\u00e9 jsem byl jako mal\u00fd atletem, ale ze zdravotn\u00edch d\u016fvod\u016f jsem toho musel nechat. Jsem neku\u0159\u00e1k.&#8220;<\/div>\n<div>Och bo\u017ee, ne! Tenhle kluk je podobn\u00fd Erikovi. Co m\u011b to zase popad\u00e1? Erik? Ale&#8230; on m\u00e1 stejn\u011b ost\u0159\u00edhan\u00fd vlasy\u2026 a ty o\u010di\u2026 a\u2026<\/div>\n<div>&#8222;Tome? Jsi tu s n\u00e1mi?&#8220; probud\u00ed m\u011b z p\u0159em\u00fd\u0161len\u00ed Bill&#8217;s. Aha, je \u0159ada na m\u011b, jsem posledn\u00ed. Zak\u00fdv\u00e1m hlavou na souhlas a p\u0159ejedu rychle o\u010dima lidi v m\u00edstnosti. V\u0161ichni se na m\u011b d\u00edvaj\u00ed a \u010dekaj\u00ed, co ze m\u011b vypadne.<\/div>\n<div>&#8222;Ahoj. J\u00e1 jsem Tom Kaulitz. Je mi 18let a bydl\u00edm v centru Hamburgu. R\u00e1d bych se zde nau\u010dil na skateboardu. U\u017e jsem to zkou\u0161el s\u00e1m, ale moc to ne\u0161lo, nev\u011bd\u011bl jsem jak. P\u0159edev\u0161\u00edm bych cht\u011bl \u0159\u00edct, \u017ee jsem velk\u00fd bl\u00e1zen do hudby. Hraji na kytaru, baskytaru, klav\u00edr, bic\u00ed a z donucen\u00ed babi\u010dky a rodi\u010d\u016f jsem se jeden \u010das u\u010dil hr\u00e1t i na fl\u00e9tnu a banjo. Av\u0161ak nejrad\u011bji m\u00e1m kytaru. Tak\u00e9 r\u00e1d zp\u00edv\u00e1m, ale\u2026 ne p\u0159ed lidmi. Mimo jin\u00e9, nekou\u0159\u00edm,&#8220; ukon\u010d\u00edm svoji \u0159e\u010d a Bill&#8217;s se na m\u011b z\u00e1\u0159iv\u011b usm\u011bje. Otev\u0159e pusu, \u017ee za\u010dne i on s\u00e1m n\u011bco \u0159\u00edkat, ale ozve se hul\u00e1kaj\u00edc\u00ed kucha\u0159, \u017ee je ve\u010de\u0159e.<\/div>\n<div>&#8222;Tak, j\u00e1 v\u00e1m n\u011bco o sob\u011b \u0159eknu po ve\u010de\u0159i. Te\u010f jdeme j\u00edst,&#8220; ukon\u010d\u00ed cel\u00e9 p\u0159edstavov\u00e1n\u00ed a na\u017eene n\u00e1s do j\u00eddelny na j\u00eddlo.<\/p>\n<\/div>\n<div><strong>autor: Pajule<\/strong><\/div>\n<div><strong>betaread: Janule<\/strong><\/div>\n","protected":false},"excerpt":{"rendered":"<p>autor: Pajule Tohle je v\u00edce m\u00e9n\u011b takov\u00fd d\u00edl, kdy se v\u0161ichni navz\u00e1jem mezi sebou p\u0159edstavuj\u00ed. P\u016fvodn\u011b jsem to cht\u011bla ud\u011blat tro\u0161ku jinak, ale necht\u011bla jsem to Janul zt\u011b\u017eovat, tak\u017ee to m\u00e1te takhle v d\u00edlku. Snad se neunud\u00edte k smrti\u2026 Pajul ;o) &#8222;Erik?<\/p>\n<p class=\"link-more\"><a class=\"myButt \" href=\"https:\/\/twincestblog.cz\/domains\/twincestblog.cz\/2009\/10\/02\/zivot-na-prkne-s-kolecky-5\/\">Read More<\/a><\/p>\n","protected":false},"author":1,"featured_media":0,"comment_status":"open","ping_status":"open","sticky":false,"template":"","format":"standard","meta":{"_exactmetrics_skip_tracking":false,"_exactmetrics_sitenote_active":false,"_exactmetrics_sitenote_note":"","_exactmetrics_sitenote_category":0,"footnotes":""},"categories":[260],"tags":[],"class_list":["post-13365","post","type-post","status-publish","format-standard","hentry","category-zivot-na-prkne-s-kolecky"],"_links":{"self":[{"href":"https:\/\/twincestblog.cz\/domains\/twincestblog.cz\/wp-json\/wp\/v2\/posts\/13365","targetHints":{"allow":["GET"]}}],"collection":[{"href":"https:\/\/twincestblog.cz\/domains\/twincestblog.cz\/wp-json\/wp\/v2\/posts"}],"about":[{"href":"https:\/\/twincestblog.cz\/domains\/twincestblog.cz\/wp-json\/wp\/v2\/types\/post"}],"author":[{"embeddable":true,"href":"https:\/\/twincestblog.cz\/domains\/twincestblog.cz\/wp-json\/wp\/v2\/users\/1"}],"replies":[{"embeddable":true,"href":"https:\/\/twincestblog.cz\/domains\/twincestblog.cz\/wp-json\/wp\/v2\/comments?post=13365"}],"version-history":[{"count":0,"href":"https:\/\/twincestblog.cz\/domains\/twincestblog.cz\/wp-json\/wp\/v2\/posts\/13365\/revisions"}],"wp:attachment":[{"href":"https:\/\/twincestblog.cz\/domains\/twincestblog.cz\/wp-json\/wp\/v2\/media?parent=13365"}],"wp:term":[{"taxonomy":"category","embeddable":true,"href":"https:\/\/twincestblog.cz\/domains\/twincestblog.cz\/wp-json\/wp\/v2\/categories?post=13365"},{"taxonomy":"post_tag","embeddable":true,"href":"https:\/\/twincestblog.cz\/domains\/twincestblog.cz\/wp-json\/wp\/v2\/tags?post=13365"}],"curies":[{"name":"wp","href":"https:\/\/api.w.org\/{rel}","templated":true}]}}