{"id":13460,"date":"2009-09-21T15:00:00","date_gmt":"2009-09-21T14:00:00","guid":{"rendered":"http:\/\/twincestblog.cz\/?p=13428"},"modified":"2009-09-21T15:00:00","modified_gmt":"2009-09-21T14:00:00","slug":"idn-in-koln-27-8-2009","status":"publish","type":"post","link":"https:\/\/twincestblog.cz\/domains\/twincestblog.cz\/2009\/09\/21\/idn-in-koln-27-8-2009\/","title":{"rendered":"IDN in K\u00f6ln (27.8. 2009)"},"content":{"rendered":"<div style=\"text-align:left\">M\u016fj bo\u017ee..nevid\u011bla jsem je\u0161t\u011b ani jedno video z In die Nacht odtamtud..n\u00e1dhera..&lt;3<br \/>My se hlavn\u011b zam\u011b\u0159\u00edme na moment od 03:00, kdy Bill nakr\u00e1\u010d\u00ed k br\u00e1\u0161kovi..zrovna ten, co jsem &gt;nevid\u011bla&lt;, p\u0159es v\u0161echny ty hlavy p\u0159ede mnou..&gt;=o\/ xD<br \/>Vid\u00edte ten pohled, co po n\u011bm Tom hod\u00ed, kdy\u017e dohraje ? Awww..dokonalost \u2665<\/div>\n<div style=\"text-align:center\"><\/div>\n<div style=\"text-align:center\"><iframe loading=\"lazy\" width=\"425\" height=\"349\" src=\"http:\/\/www.youtube.com\/embed\/rKYZ3HkECnU\" frameborder=\"0\" allowfullscreen><\/iframe><\/div>\n","protected":false},"excerpt":{"rendered":"<p>M\u016fj bo\u017ee..nevid\u011bla jsem je\u0161t\u011b ani jedno video z In die Nacht odtamtud..n\u00e1dhera..&lt;3My se hlavn\u011b zam\u011b\u0159\u00edme na moment od 03:00, kdy Bill nakr\u00e1\u010d\u00ed k br\u00e1\u0161kovi..zrovna ten, co jsem &gt;nevid\u011bla&lt;, p\u0159es v\u0161echny ty hlavy p\u0159ede mnou..&gt;=o\/ xDVid\u00edte ten pohled, co po n\u011bm Tom hod\u00ed,<\/p>\n<p class=\"link-more\"><a class=\"myButt \" href=\"https:\/\/twincestblog.cz\/domains\/twincestblog.cz\/2009\/09\/21\/idn-in-koln-27-8-2009\/\">Read More<\/a><\/p>\n","protected":false},"author":1,"featured_media":0,"comment_status":"open","ping_status":"open","sticky":false,"template":"","format":"standard","meta":{"_exactmetrics_skip_tracking":false,"_exactmetrics_sitenote_active":false,"_exactmetrics_sitenote_note":"","_exactmetrics_sitenote_category":0,"footnotes":""},"categories":[25],"tags":[],"class_list":["post-13460","post","type-post","status-publish","format-standard","hentry","category-concert-vid"],"_links":{"self":[{"href":"https:\/\/twincestblog.cz\/domains\/twincestblog.cz\/wp-json\/wp\/v2\/posts\/13460","targetHints":{"allow":["GET"]}}],"collection":[{"href":"https:\/\/twincestblog.cz\/domains\/twincestblog.cz\/wp-json\/wp\/v2\/posts"}],"about":[{"href":"https:\/\/twincestblog.cz\/domains\/twincestblog.cz\/wp-json\/wp\/v2\/types\/post"}],"author":[{"embeddable":true,"href":"https:\/\/twincestblog.cz\/domains\/twincestblog.cz\/wp-json\/wp\/v2\/users\/1"}],"replies":[{"embeddable":true,"href":"https:\/\/twincestblog.cz\/domains\/twincestblog.cz\/wp-json\/wp\/v2\/comments?post=13460"}],"version-history":[{"count":0,"href":"https:\/\/twincestblog.cz\/domains\/twincestblog.cz\/wp-json\/wp\/v2\/posts\/13460\/revisions"}],"wp:attachment":[{"href":"https:\/\/twincestblog.cz\/domains\/twincestblog.cz\/wp-json\/wp\/v2\/media?parent=13460"}],"wp:term":[{"taxonomy":"category","embeddable":true,"href":"https:\/\/twincestblog.cz\/domains\/twincestblog.cz\/wp-json\/wp\/v2\/categories?post=13460"},{"taxonomy":"post_tag","embeddable":true,"href":"https:\/\/twincestblog.cz\/domains\/twincestblog.cz\/wp-json\/wp\/v2\/tags?post=13460"}],"curies":[{"name":"wp","href":"https:\/\/api.w.org\/{rel}","templated":true}]}}