{"id":14347,"date":"2009-06-05T14:00:00","date_gmt":"2009-06-05T13:00:00","guid":{"rendered":"http:\/\/twincestblog.cz\/?p=14314"},"modified":"2009-06-05T14:00:00","modified_gmt":"2009-06-05T13:00:00","slug":"andel-z-hlubin-3","status":"publish","type":"post","link":"https:\/\/twincestblog.cz\/domains\/twincestblog.cz\/2009\/06\/05\/andel-z-hlubin-3\/","title":{"rendered":"And\u011bl z hlubin 3."},"content":{"rendered":"<div><strong>autor: Tessyna<\/strong><\/p>\n<\/div>\n<div><\/div>\n<div><em>Ahojte twinces\u0165\u00e1tka&#8230;<\/em><\/div>\n<div><em>Jen sem v\u00e1m a z\u00e1rove\u0148 i autork\u00e1m cht\u011bla \u0159\u00edct, \u017ee tuhle FF dop\u00ed\u0161u sama&#8230;<\/em><\/div>\n<div><em>KaTt.Y.nKa u\u017e ji ps\u00e1t nechce&#8230; tak to dod\u011bl\u00e1m j\u00e1&#8230; nebude nijak extra dlouh\u00e1 ale snad se v\u00e1m bude l\u00edbit&#8230; tak se m\u011bjte hezu&#8230; a \u010d\u00edtejte to, co sem po hoooodn\u011b dlouh\u00e9 prodlev\u011b ve psan\u00ed stvo\u0159ila&#8230;<\/em><\/p>\n<\/div>\n<div><img loading=\"lazy\" decoding=\"async\" width=\"400\" height=\"300\" title=\"256\" alt=\"\" class=\"center\" src=\"http:\/\/twincestblog.cz\/wp-content\/uploads\/3ebf86899a_44574266_o2.jpg\" \/><\/div>\n<div><\/div>\n<div>TOM<\/p>\n<\/div>\n<div>&#8222;Bi&#8230; Bille to je dobr\u00fd&#8230;&#8220; zase se k n\u011bmu p\u0159isaju a l\u00edb\u00e1me se d\u00e1l. Vysvle\u010de si tri\u010dko&#8230; a j\u00e1 za chv\u00edli taky. Pod\u00edv\u00e1 se na m\u011b t\u011bma jeho kr\u00e1sn\u00fdma \u010dokol\u00e1dov\u00fdma o\u010dkama a j\u00e1 snad ned\u00fdch\u00e1m. Fakt ho miluju, je fakt dokonal\u00fd! Pro m\u011b jo! Jen\u017ee to, co jsem fakt ne\u010dekal, je to, \u017ee n\u011bkdo zaklepe na dve\u0159e.<\/div>\n<div>&#8222;Mo-moment,&#8220; zak\u0159i\u010d\u00edm a sna\u017e\u00edm se dostat Billa pod postel, kam z\u00e1rove\u0148 s n\u00edm souk\u00e1m i sv\u00e9 tri\u010dko. V moment\u011b, kdy\u017e se mi ho tam povede zpacifikovat, se rozlet\u00ed dve\u0159e a v nich stoj\u00ed ten n\u00e1\u0161 v\u016fl Gustav. Pozdrav\u00ed a sedne si na postel.<\/div>\n<div>&#8222;A-ahoj, Gus\u0165o, tak co m\u00e1\u0161 za probl\u00e9m?&#8220; zept\u00e1m se, proto\u017ee se netv\u00e1\u0159\u00ed zrovna dvakr\u00e1t \u0161\u0165astn\u011b.<\/div>\n<div>&#8222;J-j\u00e1&#8230; Tome&#8230; pot\u0159ebuju poradit&#8230; v\u00ed\u0161&#8230; ty&#8230; ty jsi m\u011bl u\u017e spoustu vztah\u016f a&#8230; a j\u00e1 nev\u00edm, jak m\u00e1m tomu&#8230; ehm&#8230; doty\u010dn\u00e9mu \u0159\u00edct&#8230; co k n\u011bmu c\u00edt\u00edm&#8230;&#8220; dokon\u010dil nejistou v\u011btu Gust\u00edk. Ale po\u010dkat, sly\u0161el jsem dob\u0159e DOTY\u010cN\u00c9MU&#8230;?? Jako \u017ee je to chlap?? To nen\u00ed mo\u017en\u00fd. Ale&#8230; ale co kdy\u017e jo&#8230;??<\/div>\n<div>&#8222;Ehm&#8230; no&#8230; a o&#8230; o koho jde?&#8220; zept\u00e1m se \u00fapln\u011b logicky a po odpov\u011bdi, \u017ee Bill, mi spadne pusa a uc\u00edt\u00edm, \u017ee se Bill bouchnul pod postel\u00ed do hlavy. &#8222;C-co\u017ee? Bill&#8230;? Ale jak&#8230; jak to, \u017ee Bill? V\u017edy\u0165 jsi byl v\u017edycky na holky, ne?&#8220; pt\u00e1m se d\u00e1l a nem\u016f\u017eu tomu po\u0159\u00e1d uv\u011b\u0159it.<\/div>\n<hr \/>\n<div>&#8222;J\u00e1&#8230; ne&#8230; vlastn\u011b ne&#8230; v\u017edycky jsem to jen hr\u00e1l&#8230; a posledn\u00edho p\u016fl roku nem\u016f\u017eu z hlavy vymazat Billa&#8230; mus\u00edm na n\u011bj po\u0159\u00e1d myslet&#8230; a\u0165 d\u011bl\u00e1m cokoliv&#8230; furt p\u0159ed o\u010dima vid\u00edm jeho&#8230; je tak kr\u00e1sn\u00fd, nevinn\u00fd, vzru\u0161uj\u00edc\u00ed, a p\u0159itom tak \u010f\u00e1belsky divok\u00fd. N\u011bkoho jako on jsem je\u0161t\u011b nepoznal. A proto jsem se rozhodl, \u017ee ty, jako jeho dvoj\u010de, ho bude\u0161 zn\u00e1t nejl\u00edp. A chci poradit jak na n\u011bj. Stra\u0161n\u011b moc bych ho cht\u011bl. Ne jenom na sex, ale na dlouh\u00fd vztah. Je to takovej and\u00edlek. Tome, pros\u00ed\u00edm, pomoz mi&#8230; zachra\u0148 mn\u011b&#8230; nebo se utr\u00e1p\u00edm, pros\u00ed\u00edm,&#8220; ud\u011blal mi dlouhej monolog o tom, jakej Bill je, jen\u017ee on netu\u0161\u00ed, \u017ee j\u00e1 to v\u0161echno v\u00edm, \u017ee jsem ho je\u0161t\u011b p\u0159ed chv\u00edl\u00ed l\u00edbal a neb\u00fdt jeho, l\u00edbal bych ho i te\u010f.<\/div>\n<div>&#8222;J\u00e1&#8230; v\u00ed\u0161, Gustave&#8230; je sice fakt, \u017ee Bill taky nen\u00ed ehm&#8230; norm\u00e1ln\u011b orientovanej&#8230; jen\u017ee&#8230; on&#8230;.&#8220; nesta\u010dil jsem to do\u0159\u00edct, proto\u017ee mi do toho ten blb sko\u010dil.<\/div>\n<div>&#8222;Super&#8230; to znamen\u00e1, \u017ee m\u00e1m u n\u011bj \u0161anci&#8230; a velkou&#8230; nebo&#8230; nebo mysl\u00ed\u0161, \u017ee ne?&#8220; pod\u00edval se na m\u011b t\u00edm sv\u00fdm kuku\u010dem a mn\u011b bylo hned jasn\u00e9, \u017ee je v tom a\u017e po u\u0161i.<\/div>\n<div>&#8222;No&#8230; Gust\u00e1vku, kdybys m\u011b nechal domluvit, tak se dozv\u00ed\u0161, \u017ee Bill u\u017e je zadanej. A je d\u011bsn\u011b zamilovanej, tak\u017ee tam ta \u0161ance je hodn\u011b mal\u00e1,&#8220; v\u00edm, \u017ee jsem mu t\u00edmhle ubl\u00ed\u017eil, jen\u017ee j\u00e1 musel. Nem\u016f\u017eu si nechat Billa vz\u00edt, a u\u017e v\u016fbec ne Gustavem. Ten na m\u011b nev\u011b\u0159\u00edcn\u011b z\u00edral, ale nakonec se zvedl a se smutn\u00fdm d\u00edky a sklopenou hlavou ode\u0161el. Bylo mi ho moc l\u00edto, jen\u017ee j\u00e1 nem\u011bl na vybranou. Toho sv\u00fdho mal\u00fdho and\u00edlka mu d\u00e1t nem\u016f\u017eu a vlastn\u011b ani nechci, no. V\u0161ak on se z toho dostane. Alespo\u0148 v to douf\u00e1m.<\/p>\n<\/div>\n<div>BILL<\/div>\n<div>Panebo\u017ee&#8230; Gustav m\u011b chce? To nen\u00ed mo\u017en\u00fd. To bych nikdy do Gustava ne\u0159ek. My\u0161lenky mi v\u00ed\u0159\u00ed hlavou jako pominut\u00e9 a j\u00e1 si ani nev\u0161iml, \u017ee u\u017e ode\u0161el. A Tom: v\u017edy\u0165 on mu \u0159ekl, \u017ee n\u011bkoho m\u00e1m. Ale pro\u010d? V\u017edy\u0165 nem\u00e1m. Nebo&#8230; \u017ee by&#8230;. Ne, to nen\u00ed mo\u017en\u00fd. Ur\u010dit\u011b to nemyslel tak, \u017ee m\u00e1m jeho. Te\u010f mi to \u0159ekne, \u017ee to byl jen \u00falet, zkrat a j\u00e1 se m\u016f\u017eu j\u00edt zahrabat. Bo\u017ee&#8230; j\u00e1 snad sn\u00edm&#8230; takov\u00e9 v\u011bci&#8230;<\/div>\n<div>Najednou se u m\u00e9 hlavy uk\u00e1\u017ee je\u0161t\u011b jedna st\u0159apat\u00e1 a po mal\u00e9m &#8222;BAF!&#8220; jsem se lehnul a&#8230;<\/p>\n<\/div>\n<div><strong>autor: Tessyna<\/strong><\/div>\n<div><strong>betaread: Janule<\/strong><\/div>\n<div style=\"text-align:center\"><strong>Klikni na anketku, d\u00edky. J. :o)<\/strong><\/div>\n","protected":false},"excerpt":{"rendered":"<p>autor: Tessyna Ahojte twinces\u0165\u00e1tka&#8230; Jen sem v\u00e1m a z\u00e1rove\u0148 i autork\u00e1m cht\u011bla \u0159\u00edct, \u017ee tuhle FF dop\u00ed\u0161u sama&#8230; KaTt.Y.nKa u\u017e ji ps\u00e1t nechce&#8230; tak to dod\u011bl\u00e1m j\u00e1&#8230; nebude nijak extra dlouh\u00e1 ale snad se v\u00e1m bude l\u00edbit&#8230; tak se m\u011bjte hezu&#8230; a<\/p>\n<p class=\"link-more\"><a class=\"myButt \" href=\"https:\/\/twincestblog.cz\/domains\/twincestblog.cz\/2009\/06\/05\/andel-z-hlubin-3\/\">Read More<\/a><\/p>\n","protected":false},"author":1,"featured_media":0,"comment_status":"open","ping_status":"open","sticky":false,"template":"","format":"standard","meta":{"_exactmetrics_skip_tracking":false,"_exactmetrics_sitenote_active":false,"_exactmetrics_sitenote_note":"","_exactmetrics_sitenote_category":0,"footnotes":""},"categories":[224],"tags":[],"class_list":["post-14347","post","type-post","status-publish","format-standard","hentry","category-andel-z-hlubin"],"_links":{"self":[{"href":"https:\/\/twincestblog.cz\/domains\/twincestblog.cz\/wp-json\/wp\/v2\/posts\/14347","targetHints":{"allow":["GET"]}}],"collection":[{"href":"https:\/\/twincestblog.cz\/domains\/twincestblog.cz\/wp-json\/wp\/v2\/posts"}],"about":[{"href":"https:\/\/twincestblog.cz\/domains\/twincestblog.cz\/wp-json\/wp\/v2\/types\/post"}],"author":[{"embeddable":true,"href":"https:\/\/twincestblog.cz\/domains\/twincestblog.cz\/wp-json\/wp\/v2\/users\/1"}],"replies":[{"embeddable":true,"href":"https:\/\/twincestblog.cz\/domains\/twincestblog.cz\/wp-json\/wp\/v2\/comments?post=14347"}],"version-history":[{"count":0,"href":"https:\/\/twincestblog.cz\/domains\/twincestblog.cz\/wp-json\/wp\/v2\/posts\/14347\/revisions"}],"wp:attachment":[{"href":"https:\/\/twincestblog.cz\/domains\/twincestblog.cz\/wp-json\/wp\/v2\/media?parent=14347"}],"wp:term":[{"taxonomy":"category","embeddable":true,"href":"https:\/\/twincestblog.cz\/domains\/twincestblog.cz\/wp-json\/wp\/v2\/categories?post=14347"},{"taxonomy":"post_tag","embeddable":true,"href":"https:\/\/twincestblog.cz\/domains\/twincestblog.cz\/wp-json\/wp\/v2\/tags?post=14347"}],"curies":[{"name":"wp","href":"https:\/\/api.w.org\/{rel}","templated":true}]}}