{"id":14724,"date":"2009-04-19T16:30:00","date_gmt":"2009-04-19T15:30:00","guid":{"rendered":"http:\/\/twincestblog.cz\/?p=14690"},"modified":"2009-04-19T16:30:00","modified_gmt":"2009-04-19T15:30:00","slug":"modena-11-7-08","status":"publish","type":"post","link":"https:\/\/twincestblog.cz\/domains\/twincestblog.cz\/2009\/04\/19\/modena-11-7-08\/","title":{"rendered":"Modena 11.7. 08"},"content":{"rendered":"<div style=\"text-align:left\">Aww, moje milovan\u00e1 Modena, nejlep\u0161\u00ed koncert <em>ever<\/em>..x)) (tohle slovo by m\u011bli vymyslet i v \u010de\u0161tin\u011b, je v\u00fdsti\u017en\u00fd..xD) Ta prvn\u00ed fotka je jedna z nejroztomilej\u0161\u00edch fotek, co jsem kdy vid\u011bla.. Ty \u00fasm\u011bvy, Bill\u016fv koukaj\u00edc\u00ed kus zubu, ten jeho zasn\u011bnej pohled a Tom..aa bo\u017ee bo\u017ee bo\u017ee bo\u017ee..xD N\u00e1dhera..x)) U\u017eijte si ty fotky..;))<\/div>\n<div style=\"text-align:center\"><\/div>\n<div style=\"text-align:center\"><a href=\"http:\/\/s369.photobucket.com\/albums\/oo138\/Ketty-TH8\/?action=view&amp;current=modena_italy_jul_06_2008_fan_sei-2.jpg\"><img decoding=\"async\" src=\"http:\/\/twincestblog.cz\/wp-content\/uploads\/modena_italy_jul_06_2008_fan_sei-2.jpg\" alt=\"Photobucket\" title=\"Photobucket\" \/><\/a><\/div>\n<div style=\"text-align:center\"><\/div>\n<div style=\"text-align:center\"><a href=\"http:\/\/s369.photobucket.com\/albums\/oo138\/Ketty-TH8\/?action=view&amp;current=modena_italy_jul_06_2008_fan_seipth.jpg\"><img decoding=\"async\" src=\"http:\/\/twincestblog.cz\/wp-content\/uploads\/modena_italy_jul_06_2008_fan_seipth.jpg\" alt=\"Photobucket\" title=\"Photobucket\" \/><\/a><\/div>\n<div style=\"text-align:center\"><\/div>\n<div style=\"text-align:center\"><a href=\"http:\/\/s369.photobucket.com\/albums\/oo138\/Ketty-TH8\/?action=view&amp;current=modena_italy_jul_06_2008_fan_sei-3.jpg\"><img decoding=\"async\" src=\"http:\/\/twincestblog.cz\/wp-content\/uploads\/modena_italy_jul_06_2008_fan_sei-3.jpg\" alt=\"Photobucket\" title=\"Photobucket\" \/><\/a><\/div>\n<div style=\"text-align:center\"><\/div>\n<div style=\"text-align:left\">&#8222;Za deset minut v \u0161atn\u011b, brouku, jasn\u00fd ?&#8220; x)<\/div>\n<div style=\"text-align:center\"><\/div>\n<div style=\"text-align:center\"><a href=\"http:\/\/s369.photobucket.com\/albums\/oo138\/Ketty-TH8\/?action=view&amp;current=ebcedfeaa6c3544fa2.jpg\"><img decoding=\"async\" src=\"http:\/\/twincestblog.cz\/wp-content\/uploads\/ebcedfeaa6c3544fa2.jpg\" alt=\"Photobucket\" title=\"Photobucket\" \/><\/a><\/div>\n<div style=\"text-align:left\">Aa trojit\u00e1 perli\u010dka na z\u00e1v\u011br..x)) Jedin\u00fd slovo, kdy\u017e tohle na koncertech d\u011blaj &#8211; ned\u00e1v\u00e1m..xD<\/div>\n<div style=\"text-align:center\"><\/div>\n<div style=\"text-align:center\"><a href=\"http:\/\/s369.photobucket.com\/albums\/oo138\/Ketty-TH8\/?action=view&amp;current=modena_italy_jul_06_2008_fan_sei-1.jpg\"><img decoding=\"async\" src=\"http:\/\/twincestblog.cz\/wp-content\/uploads\/modena_italy_jul_06_2008_fan_sei-1.jpg\" alt=\"Photobucket\" title=\"Photobucket\" \/><\/a><\/div>\n","protected":false},"excerpt":{"rendered":"<p>Aww, moje milovan\u00e1 Modena, nejlep\u0161\u00ed koncert ever..x)) (tohle slovo by m\u011bli vymyslet i v \u010de\u0161tin\u011b, je v\u00fdsti\u017en\u00fd..xD) Ta prvn\u00ed fotka je jedna z nejroztomilej\u0161\u00edch fotek, co jsem kdy vid\u011bla.. Ty \u00fasm\u011bvy, Bill\u016fv koukaj\u00edc\u00ed kus zubu, ten jeho zasn\u011bnej pohled a Tom..aa bo\u017ee<\/p>\n<p class=\"link-more\"><a class=\"myButt \" href=\"https:\/\/twincestblog.cz\/domains\/twincestblog.cz\/2009\/04\/19\/modena-11-7-08\/\">Read More<\/a><\/p>\n","protected":false},"author":1,"featured_media":0,"comment_status":"open","ping_status":"open","sticky":false,"template":"","format":"standard","meta":{"_exactmetrics_skip_tracking":false,"_exactmetrics_sitenote_active":false,"_exactmetrics_sitenote_note":"","_exactmetrics_sitenote_category":0,"footnotes":""},"categories":[17],"tags":[],"class_list":["post-14724","post","type-post","status-publish","format-standard","hentry","category-concert-foto"],"_links":{"self":[{"href":"https:\/\/twincestblog.cz\/domains\/twincestblog.cz\/wp-json\/wp\/v2\/posts\/14724","targetHints":{"allow":["GET"]}}],"collection":[{"href":"https:\/\/twincestblog.cz\/domains\/twincestblog.cz\/wp-json\/wp\/v2\/posts"}],"about":[{"href":"https:\/\/twincestblog.cz\/domains\/twincestblog.cz\/wp-json\/wp\/v2\/types\/post"}],"author":[{"embeddable":true,"href":"https:\/\/twincestblog.cz\/domains\/twincestblog.cz\/wp-json\/wp\/v2\/users\/1"}],"replies":[{"embeddable":true,"href":"https:\/\/twincestblog.cz\/domains\/twincestblog.cz\/wp-json\/wp\/v2\/comments?post=14724"}],"version-history":[{"count":0,"href":"https:\/\/twincestblog.cz\/domains\/twincestblog.cz\/wp-json\/wp\/v2\/posts\/14724\/revisions"}],"wp:attachment":[{"href":"https:\/\/twincestblog.cz\/domains\/twincestblog.cz\/wp-json\/wp\/v2\/media?parent=14724"}],"wp:term":[{"taxonomy":"category","embeddable":true,"href":"https:\/\/twincestblog.cz\/domains\/twincestblog.cz\/wp-json\/wp\/v2\/categories?post=14724"},{"taxonomy":"post_tag","embeddable":true,"href":"https:\/\/twincestblog.cz\/domains\/twincestblog.cz\/wp-json\/wp\/v2\/tags?post=14724"}],"curies":[{"name":"wp","href":"https:\/\/api.w.org\/{rel}","templated":true}]}}