{"id":14799,"date":"2009-04-11T14:30:00","date_gmt":"2009-04-11T13:30:00","guid":{"rendered":"http:\/\/twincestblog.cz\/?p=14765"},"modified":"2009-04-11T14:30:00","modified_gmt":"2009-04-11T13:30:00","slug":"vesnicky-prazdniny-17","status":"publish","type":"post","link":"https:\/\/twincestblog.cz\/domains\/twincestblog.cz\/2009\/04\/11\/vesnicky-prazdniny-17\/","title":{"rendered":"Vesnick\u00fd pr\u00e1zdniny 17."},"content":{"rendered":"<div><strong>autor: Ivetka<\/strong><\/p>\n<\/div>\n<div>,,Ne, po\u010dkej, to u\u017e sta\u010d\u00ed\u2026&#8220; odt\u00e1hnu se od n\u011bj a pomalu si stoupnu. V hlav\u011b mi b\u011bh\u00e1 tolik my\u0161lenek, kdyby se m\u011b dot\u00fdkal a l\u00edbal m\u011b je\u0161t\u011b chvilku, neudr\u017eel bych se. Musel bych p\u0159istoupit na jeho po\u010d\u00edn\u00e1n\u00ed a za\u010d\u00edt spolupracovat. Ale j\u00e1 nem\u016f\u017eu!<\/div>\n<div>,,D\u011bkuju, Bille\u2026&#8220; taky vstane a automaticky se vyd\u00e1 ke dve\u0159\u00edm, asi u\u017e je \u010das vyrazit za kluky. Vyraz\u00edm tedy za n\u00edm, skoro celou cestu ml\u010d\u00edme\u2026<\/div>\n<div>&#8212;<\/div>\n<div>,,To je od tebe moc hezk\u00fd, Lukasi, \u017ee sis vzpomn\u011bl. D\u011bkuju\u2026&#8220; ochotn\u011b od n\u011bj p\u0159ijmu sv\u011btle r\u016f\u017eovou r\u016f\u017ei a p\u0159ivon\u00edm k n\u00ed. ,,Je n\u00e1dhern\u00e1,&#8220; \u0159eknu zasn\u011bn\u011b. V\u017edycky jsem miloval r\u016f\u017ee\u2026<\/div>\n<div>,,Jsem r\u00e1d, \u017ee ti ud\u011blala radost. M\u011bj se hezky, Bille, zase za rok\u2026&#8220; obejme m\u011b Lukas.<\/div>\n<div>,,Ano&#8230;&#8220; p\u0159ik\u00fdvnu a taky ho obejmu. Postupn\u011b se s kluky v\u0161ichni obejmeme, potom p\u0159ijde \u0159ada na m\u011b a na Toma.<\/div>\n<div>Mamka m\u011b u\u017e prozvonila na znamen\u00ed, \u017ee u\u017e jsou p\u0159ipraveni vyrazit.<\/div>\n<div>,,No, tak j\u00e1 budu muset j\u00edt&#8230; Tak\u2026&#8220; \u0159eknu a je\u0161t\u011b obejmu Toma\u2026 ,,M\u011bjte se v\u0161ichni moc kr\u00e1sn\u011b\u2026&#8220; m\u00e1vnu jim a ka\u017ed\u00e9mu je\u0161t\u011b vlep\u00edm pusu na tv\u00e1\u0159.<\/div>\n<hr \/>\n<div>&#8212;<\/div>\n<div>,,Po\u010dkej, Bille! Jdu kousek s tebou\u2026&#8220; k\u0159ikne po mn\u011b po chvilce Tom. Po\u010dk\u00e1m na n\u011bj u\u017e jenom kv\u016fli m\u00e9mu, douf\u00e1m \u017ee slu\u0161n\u00e9mu, vychov\u00e1n\u00ed. P\u0159ijde mi to tro\u0161ku nebezpe\u010dn\u00e9 s n\u00edm j\u00edt, ale budi\u017e.<\/div>\n<div>,,Douf\u00e1m, \u017ee si aspo\u0148 budeme ps\u00e1t p\u0159es net, co \u0159\u00edk\u00e1\u0161?&#8220; nahod\u00ed t\u00e9ma Tom.<\/div>\n<div>,,Jo, jasn\u011b,&#8220; k\u00fdvnu.<\/div>\n<div>,,To je dob\u0159e, to jsem r\u00e1d\u2026&#8220; usm\u011bje se\u2026 ,,Po\u010dkej chvilku, pros\u00edm\u2026&#8220; \u0159ekne, kdy\u017e jdeme okolo klubovny. Vb\u011bhne dovnit\u0159, jenom douf\u00e1m, \u017ee mu to nebude moc trvat, nechci poslouchat m\u00e1miny nar\u00e1\u017eky na to, \u017ee mi to zase dlouho trv\u00e1 apod.<\/p>\n<\/div>\n<div>Jdu pomalinku nap\u0159ed, v\u0161ak on m\u011b do\u017eene\u2026<\/div>\n<div>,,Tak\u2026 u\u017e jsem tu\u2026 n\u011bco jsem ti taky koupil&#8230; ale ve v\u011bt\u0161\u00edm proveden\u00ed&#8230;&#8220; pod\u00e1 mi ohromnou kytici r\u016f\u017e\u00ed stejn\u00e9 barvy, jako mi dal Lukas.<\/div>\n<div>,,Odpus\u0165 mi to, Bille, pros\u00edm\u2026 Nechci, aby to bylo jako\u2026 jako je\u0161t\u011b p\u0159ed 3mi dny. Chci s tebou dob\u0159e vych\u00e1zet\u2026 Nech\u00e1m to na tob\u011b,&#8220; co mu na tohle m\u00e1m odpov\u011bd\u011bt? M\u00e1m odtud odjet rozh\u00e1dan\u00fd s Tomem, nebo m\u00e1m odjet tak, aby bylo v\u0161echno v po\u0159\u00e1dku? Nikdy jsme se je\u0161t\u011b s klukama neh\u00e1dali, pro\u010d bychom te\u010f m\u011bli\u2026?<\/div>\n<div>Jenom souhlasn\u011b k\u00fdvnu a tro\u0161ku se pousm\u011bju.<\/div>\n<div>,,Musela b\u00fdt drah\u00e1, je dokonal\u00e1, moc d\u011bkuju\u2026&#8220; pousm\u011bju se. Ud\u011blal mi radost, dokonce v\u011bt\u0161\u00ed ne\u017e Lukas\u2026<\/div>\n<div>,,To j\u00e1 d\u011bkuju, Bille\u2026&#8220; d\u00e1 mi pusu na \u010delo. Nechci mu dovolovat p\u0159\u00edli\u0161, jenom\u017ee\u2026 Po\u0159\u00e1d ho p\u0159ece miluju, nikdy jsem se takhle nepobl\u00e1znil. Je pr\u00e1v\u011b Tom ta osoba, kter\u00e1 m\u011b v \u017eivot\u011b nau\u010dila milovat?<\/div>\n<div>,,Jak dlouho se neuvid\u00edme, Tome?&#8220; kouknu se na n\u011bj\u2026<\/div>\n<div>,,To nev\u00edm. Snad to nebude dlouh\u00e1 doba. Snad se uvid\u00edme brzy, Bille\u2026&#8220; nel\u00edb\u00ed se mi, kdy\u017e mi \u0159\u00edk\u00e1 Bille, hez\u010d\u00ed bylo, kdy\u017e mi \u0159\u00edkal l\u00e1sko, nebo ko\u0165\u00e1tko\u2026 pro\u010d u\u017e j\u00edm pro n\u011bj nejsem? ,,Ne\u0159\u00edkej mi tak, Tome\u2026&#8220; sklop\u00edm hlavu. Nikdy jsem se v t\u011bchto situac\u00edch moc nedok\u00e1zal d\u00edvat p\u0159\u00edmo tomu druh\u00e9mu do o\u010d\u00ed.<\/div>\n<div>,,A jak ti m\u00e1m \u0159\u00edkat?&#8220; na to u\u017e nic neodpov\u00edm a p\u0159itul\u00edm se k n\u011bmu. Mo\u017en\u00e1 d\u011bl\u00e1m dal\u0161\u00ed, mnohem naivn\u011bj\u0161\u00ed hloupost\u2026 To je mi ale jedno, pokud naraz\u00edm znovu, budu na to u\u017e p\u0159ipraven\u00fd. Hlavu si polo\u017e\u00edm pod jeho hlavu na dekolt a spokojen\u011b zav\u0159u o\u010di.<\/div>\n<div>,,Takhle se ke mn\u011b tulilo jenom moje mal\u00fd ko\u0165\u00e1tko\u2026&#8220; po\u0161ept\u00e1 a pohlad\u00ed m\u011b po vlasech. Ani si neum\u00edte p\u0159edstavit, jak kr\u00e1sn\u011b mi te\u010f je. \u0160koda, \u017ee se tohle \u010dlov\u011bk nikdy nenau\u010dil popisovat, pod\u011blil bych se s v\u00e1mi o m\u016fj z\u00e1\u017eitek i jin\u00fdmi slovy, ne\u017e \u017ee je mi dokonale apod.<\/div>\n<div>,,Jsem tvoje ko\u0165\u00e1tko, Tommy\u2026&#8220; po\u0161ept\u00e1m a pohlad\u00edm ho po z\u00e1dech\u2026<\/p>\n<\/div>\n<div><strong>autor: Ivetka<\/strong><\/div>\n<div><strong>betaread: Janule<\/strong><\/div>\n","protected":false},"excerpt":{"rendered":"<p>autor: Ivetka ,,Ne, po\u010dkej, to u\u017e sta\u010d\u00ed\u2026&#8220; odt\u00e1hnu se od n\u011bj a pomalu si stoupnu. V hlav\u011b mi b\u011bh\u00e1 tolik my\u0161lenek, kdyby se m\u011b dot\u00fdkal a l\u00edbal m\u011b je\u0161t\u011b chvilku, neudr\u017eel bych se. Musel bych p\u0159istoupit na jeho po\u010d\u00edn\u00e1n\u00ed a za\u010d\u00edt spolupracovat.<\/p>\n<p class=\"link-more\"><a class=\"myButt \" href=\"https:\/\/twincestblog.cz\/domains\/twincestblog.cz\/2009\/04\/11\/vesnicky-prazdniny-17\/\">Read More<\/a><\/p>\n","protected":false},"author":1,"featured_media":0,"comment_status":"open","ping_status":"open","sticky":false,"template":"","format":"standard","meta":{"_exactmetrics_skip_tracking":false,"_exactmetrics_sitenote_active":false,"_exactmetrics_sitenote_note":"","_exactmetrics_sitenote_category":0,"footnotes":""},"categories":[177],"tags":[],"class_list":["post-14799","post","type-post","status-publish","format-standard","hentry","category-vesnicky-prazdniny"],"_links":{"self":[{"href":"https:\/\/twincestblog.cz\/domains\/twincestblog.cz\/wp-json\/wp\/v2\/posts\/14799","targetHints":{"allow":["GET"]}}],"collection":[{"href":"https:\/\/twincestblog.cz\/domains\/twincestblog.cz\/wp-json\/wp\/v2\/posts"}],"about":[{"href":"https:\/\/twincestblog.cz\/domains\/twincestblog.cz\/wp-json\/wp\/v2\/types\/post"}],"author":[{"embeddable":true,"href":"https:\/\/twincestblog.cz\/domains\/twincestblog.cz\/wp-json\/wp\/v2\/users\/1"}],"replies":[{"embeddable":true,"href":"https:\/\/twincestblog.cz\/domains\/twincestblog.cz\/wp-json\/wp\/v2\/comments?post=14799"}],"version-history":[{"count":0,"href":"https:\/\/twincestblog.cz\/domains\/twincestblog.cz\/wp-json\/wp\/v2\/posts\/14799\/revisions"}],"wp:attachment":[{"href":"https:\/\/twincestblog.cz\/domains\/twincestblog.cz\/wp-json\/wp\/v2\/media?parent=14799"}],"wp:term":[{"taxonomy":"category","embeddable":true,"href":"https:\/\/twincestblog.cz\/domains\/twincestblog.cz\/wp-json\/wp\/v2\/categories?post=14799"},{"taxonomy":"post_tag","embeddable":true,"href":"https:\/\/twincestblog.cz\/domains\/twincestblog.cz\/wp-json\/wp\/v2\/tags?post=14799"}],"curies":[{"name":"wp","href":"https:\/\/api.w.org\/{rel}","templated":true}]}}