{"id":14940,"date":"2009-03-25T16:30:00","date_gmt":"2009-03-25T15:30:00","guid":{"rendered":"http:\/\/twincestblog.cz\/?p=14906"},"modified":"2009-03-25T16:30:00","modified_gmt":"2009-03-25T15:30:00","slug":"bravo-gala-50-jahre","status":"publish","type":"post","link":"https:\/\/twincestblog.cz\/domains\/twincestblog.cz\/2009\/03\/25\/bravo-gala-50-jahre\/","title":{"rendered":"Bravo GALA 50 Jahre"},"content":{"rendered":"<div style=\"text-align:left\">Ta prvn\u00ed je dokonal\u00e1..&lt;33 Kone\u010dn\u011b bez copyright\u016f, ani jsem v to u\u017e nedoufala..xD A ty mikr\u00e1ky v t\u011blov\u00fd barv\u011b m\u011b v\u017edycky fascinovaly..xD A Tom se na t\u00fd posledn\u00ed dokonale usm\u00edv\u00e1..x)<br \/>Pos\u00edlala Erresiel, d\u00edky..;)<\/div>\n<div style=\"text-align:center\"><\/div>\n<div style=\"text-align:center\"><a href=\"http:\/\/s537.photobucket.com\/albums\/ff337\/Ketty-TH4\/?action=view&amp;current=erresiel_Bravogala211020061.jpg\"><img decoding=\"async\" src=\"http:\/\/twincestblog.cz\/wp-content\/uploads\/erresiel_Bravogala211020061.jpg\" alt=\"Photobucket\" title=\"Photobucket\" \/><\/a><\/div>\n<div style=\"text-align:center\"><\/div>\n<div style=\"text-align:center\"><a href=\"http:\/\/s537.photobucket.com\/albums\/ff337\/Ketty-TH4\/?action=view&amp;current=erresiel_Bravogala211020062.jpg\"><img decoding=\"async\" src=\"http:\/\/twincestblog.cz\/wp-content\/uploads\/erresiel_Bravogala211020062.jpg\" alt=\"Photobucket\" title=\"Photobucket\" \/><\/a><\/div>\n<div style=\"text-align:center\"><\/div>\n<div style=\"text-align:center\"><a href=\"http:\/\/s537.photobucket.com\/albums\/ff337\/Ketty-TH4\/?action=view&amp;current=erresiel_Bravogala21102006.jpg\"><img decoding=\"async\" src=\"http:\/\/twincestblog.cz\/wp-content\/uploads\/erresiel_Bravogala21102006.jpg\" alt=\"Photobucket\" title=\"Photobucket\" \/><\/a><\/div>\n","protected":false},"excerpt":{"rendered":"<p>Ta prvn\u00ed je dokonal\u00e1..&lt;33 Kone\u010dn\u011b bez copyright\u016f, ani jsem v to u\u017e nedoufala..xD A ty mikr\u00e1ky v t\u011blov\u00fd barv\u011b m\u011b v\u017edycky fascinovaly..xD A Tom se na t\u00fd posledn\u00ed dokonale usm\u00edv\u00e1..x)Pos\u00edlala Erresiel, d\u00edky..;)<\/p>\n","protected":false},"author":1,"featured_media":0,"comment_status":"open","ping_status":"open","sticky":false,"template":"","format":"standard","meta":{"_exactmetrics_skip_tracking":false,"_exactmetrics_sitenote_active":false,"_exactmetrics_sitenote_note":"","_exactmetrics_sitenote_category":0,"footnotes":""},"categories":[19],"tags":[],"class_list":["post-14940","post","type-post","status-publish","format-standard","hentry","category-awards-foto"],"_links":{"self":[{"href":"https:\/\/twincestblog.cz\/domains\/twincestblog.cz\/wp-json\/wp\/v2\/posts\/14940","targetHints":{"allow":["GET"]}}],"collection":[{"href":"https:\/\/twincestblog.cz\/domains\/twincestblog.cz\/wp-json\/wp\/v2\/posts"}],"about":[{"href":"https:\/\/twincestblog.cz\/domains\/twincestblog.cz\/wp-json\/wp\/v2\/types\/post"}],"author":[{"embeddable":true,"href":"https:\/\/twincestblog.cz\/domains\/twincestblog.cz\/wp-json\/wp\/v2\/users\/1"}],"replies":[{"embeddable":true,"href":"https:\/\/twincestblog.cz\/domains\/twincestblog.cz\/wp-json\/wp\/v2\/comments?post=14940"}],"version-history":[{"count":0,"href":"https:\/\/twincestblog.cz\/domains\/twincestblog.cz\/wp-json\/wp\/v2\/posts\/14940\/revisions"}],"wp:attachment":[{"href":"https:\/\/twincestblog.cz\/domains\/twincestblog.cz\/wp-json\/wp\/v2\/media?parent=14940"}],"wp:term":[{"taxonomy":"category","embeddable":true,"href":"https:\/\/twincestblog.cz\/domains\/twincestblog.cz\/wp-json\/wp\/v2\/categories?post=14940"},{"taxonomy":"post_tag","embeddable":true,"href":"https:\/\/twincestblog.cz\/domains\/twincestblog.cz\/wp-json\/wp\/v2\/tags?post=14940"}],"curies":[{"name":"wp","href":"https:\/\/api.w.org\/{rel}","templated":true}]}}