{"id":15083,"date":"2009-03-07T18:00:00","date_gmt":"2009-03-07T17:00:00","guid":{"rendered":"http:\/\/twincestblog.cz\/?p=15048"},"modified":"2009-03-07T18:00:00","modified_gmt":"2009-03-07T17:00:00","slug":"mezi-nami-dvojcaty-1","status":"publish","type":"post","link":"https:\/\/twincestblog.cz\/domains\/twincestblog.cz\/2009\/03\/07\/mezi-nami-dvojcaty-1\/","title":{"rendered":"Mezi n\u00e1mi dvoj\u010daty 1."},"content":{"rendered":"<div><span style=\"false\">autor: <strong>Bajik<\/strong><\/span><\/div>\n<div><\/div>\n<div><span style=\"false\"><em>Ahoj zlata,<\/em><\/span><\/div>\n<div><span style=\"false\"><em>Ne\u010dekan\u011b jsem tu si se sv\u00fdm \u010dekan\u00fdm p\u0159ekvapen\u00edm nejsp\u00ed\u00ed\u0161 d\u0159\u00edv, ne\u017e jsem saama cht\u011blla, alle nestoj\u00ed\u00ed\u00ed za to to \u0159e\u0161iiit\u2026 \ud83d\ude42<\/em><\/span><\/div>\n<div><span style=\"false\"><em>Jak u\u017e n\u00e1\u00e1zev napov\u00edd\u00e1\u00e1, jedu ve stylu filmu Mezi n\u00e1mi d\u011bv\u010daty. A omlouv\u00e1\u00e1m se Ketty, jestli jsem j\u00ed\u00ed\u00ed ukradla n\u00e1\u00e1pad, ale pov\u00ed\u00eddku Ich bin nich&#8216; ich jsem vid\u011bla v\u00e1\u017en\u011b\u011b jen &#8222;z rychl\u00ed\u00edku&#8220;, i kdy\u017e\u017e jsem pl\u00e1\u00e1novala jej\u00ed p\u0159e\u010dten\u00ed\u00ed\u00ed\u2026<\/em><\/span><\/div>\n<div><span style=\"false\"><em>So kr\u00e1\u00e1sn\u00fd \u010dten\u00ed\u00ed, p\u0159\u00edpadn\u00e9 p\u0159ipom\u00ednky v komentech<\/em><\/span><\/div>\n<div><span style=\"false\"><em>Bajik<\/em><\/span><\/div>\n<div><\/div>\n<div><span style=\"false\">~<\/span> <span style=\"false\">Bill<\/span> <span style=\"false\">~<\/span><\/p>\n<\/div>\n<div><img loading=\"lazy\" decoding=\"async\" width=\"303\" height=\"397\" title=\"246\" alt=\"\" class=\"left\" src=\"http:\/\/twincestblog.cz\/wp-content\/uploads\/8a2acc730f_42194464_o2.jpg\" \/><\/div>\n<div><span style=\"false\">Ten den za\u010dal stejn\u011b jako ka\u017edej jinej &#8211; \u0159in\u010den\u00edm bud\u00edku vedle m\u00fd hlavy. Zcela ne\u010dekan\u011b\u2026<\/span><\/div>\n<div><span style=\"false\">Po\u010dkat, digit\u00e1ln\u00ed bud\u00edky asi ne\u0159in\u010d\u00ed, co? No, to je fuk. Hodiny ukazovaly p\u016fl osm\u00fd, \u010das stvo\u0159en\u00fd pro vst\u00e1v\u00e1n\u00ed. Jen\u017ee jak pro koho. Pro m\u011b to je nap\u0159\u00edklad naprost\u00fd utrpen\u00ed vst\u00e1vat tak brzo, kdy\u017e nemus\u00edm do \u0161koly.<\/span><\/div>\n<div><span style=\"false\">Neust\u00e1l\u00e9 p\u00edp\u00e1n\u00ed m\u011b donutilo nat\u00e1hnout ruku a zastavit ho. To p\u00edp\u00e1n\u00ed, samo sebou. Je\u0161t\u011b jsem se chvilku ospale p\u0159evaloval a nakonec jsem zhruba o p\u011bt minut pozd\u011bji vylezl z m\u00e9 vyh\u0159\u00e1t\u00e9 postele. Rozespale jsem si prot\u00edral o\u010di\u010dka a m\u00ed\u0159il jsem p\u0159\u00edmo do br\u00e1chovy cimry. Rozrazil jsem dve\u0159e a \u0161el rovnou k jeho posteli. P\u00e1rkr\u00e1t jsem do n\u011bj \u0161\u0165ouchnul sv\u00fdm dlouh\u00fdm nehtem.<\/span><\/div>\n<div><span style=\"false\">&#8222;Vst\u00e1vej, Tome,&#8220; \u0159ekl jsem n\u011b\u017en\u011b a \u0161t\u00edpnul jej do jeho nah\u00e9ho ramene.<\/span><\/div>\n<div><span style=\"false\">Z jeho rt\u016f vyklouzlo bolestn\u00e9 zamru\u010den\u00ed a neidentifikovateln\u00e1 nad\u00e1vka. J\u00e1 jsem mu teda nerozum\u011bl a beztak to bylo n\u011bco ve stylu, \u017ee jsem b\u016fhv\u00edco. Jako bych to ne\u010dekal. I kdy\u017e\u2026<\/span><\/div>\n<div><span style=\"false\">\u0160el jsem p\u0159\u00edmo do koupelny a dal jsem si sprchu na probuzen\u00ed. A p\u011bkn\u011b studenou! Poka\u017ed\u00fd n\u011bjak zapomenu, \u017ee si m\u00e1m vodu nechat odt\u00e9ct. P\u00e1rkr\u00e1t jsem zadrkotal zubama, ne\u017e za\u010dala t\u00e9ct tepl\u00e1.<\/span><\/div>\n<hr \/>\n<div><span style=\"false\">Ud\u011blal jsem ve\u0161kerou nezbytnou hygienu, vysu\u0161il si vlasy, zapnul \u017eehli\u010dku a s ru\u010dn\u00edkem obmotan\u00fdm okolo pasu \u0161el zp\u00e1tky do sv\u00fdho pokoje, abych se obl\u00edknul.<\/span><\/div>\n<div><span style=\"false\">Zp\u00e1tky do koupelny jsem to vzal op\u011bt p\u0159es Tom\u016fv pokoj, abych se ho pokusil dostat z postele. Nem\u00ednil jsem poslouchat Davidovy kecy o tom, \u017ee ZASE jdeme pozd\u011b. Ov\u0161em jen a jen d\u00edky mn\u011b, proto\u017ee to p\u0159ece j\u00e1 se mus\u00edm namalovat, ne? Jako bych to nesl\u00fdchal skoro pravideln\u011b.<\/span><\/div>\n<div><span style=\"false\">&#8222;Tome, vst\u00e1vej!&#8220; zak\u0159i\u010del jsem mu t\u011bsn\u011b u ucha.<\/span><\/div>\n<div><span style=\"false\">&#8222;Vyli\u017e si, buzno!&#8220; odpov\u011bd\u011bl mi a zalezl hlavou pod pol\u0161t\u00e1\u0159.<\/span><\/div>\n<div><span style=\"false\">Jeho nad\u00e1vku jsem vst\u0159ebal docela rychle. Byl jsem od n\u011bj zvyklej i na hor\u0161\u00ed. Kdy\u017e jsme vst\u00e1vali do \u0161koly, taky jsem ho musel budit a ani jednou mi nev\u011bnoval n\u011bjak zvl\u00e1\u0161\u0165 p\u011bkn\u00fd slov\u00ed\u010dko. S\u00edla zvyku. U\u017e m\u011b nem\u011blo co p\u0159ekvapit. No, mo\u017en\u00e1 by m\u011b fakt docela \u0161okovalo, kdyby vstal hned, kdy\u017e mu \u0159eknu. A je\u0161t\u011b v\u00edc by m\u011b p\u0159ekvapilo, kdyby si nechal ty nad\u00e1vky pro sebe.<\/span><\/div>\n<div><span style=\"false\">&#8222;Jedin\u011b od tebe,&#8220; odpov\u011bd\u011bl jsem mu pohotov\u011b, &#8222;kdy\u017e u\u017e jsem ta buzna\u2026&#8220; Zatahal jsem ho za dredy vy\u010duhuj\u00edc\u00ed zpod pol\u0161t\u00e1\u0159e a se vzp\u0159\u00edmenou hlavou ode\u0161el do kuchyn\u011b na sn\u00eddani. Dal jsem si cornflakes, mou obvyklou a jedinou sn\u00eddani, a vychutn\u00e1val si sousto po soustu. I kdy\u017e na kuku\u0159i\u010dn\u00fdch lup\u00ednk\u00e1ch nen\u00ed moc co vychutn\u00e1vat.<\/span><\/div>\n<div><span style=\"false\">A\u017e jsem dojedl, hodil jsem misku do d\u0159ezu a vtrhl se jako urag\u00e1n do koupelny, abych se mohl vrhnout na \u00fapravu m\u00fdch kr\u00e1sn\u00fdch \u010dern\u00fdch dlouh\u00fdch vl\u00e1sk\u016f. P\u0159ece j\u00e1, Bill Kaulitz, nevylezu s vrab\u010d\u00edm hn\u00edzdem je\u0161t\u011b od fouk\u00e1n\u00ed ven.<\/span><\/div>\n<div><span style=\"false\">Vyt\u00e1hnul jsem \u0161\u0148\u016fru ze z\u00e1suvky a s my\u0161lenkou, \u017ee je nespravedliv\u00fd, kdy\u017e se Tom fl\u00e1k\u00e1 o hodinu d\u00fdl v posteli ne\u017e j\u00e1, jsem ho \u0161el vzbudit. Napot\u0159et\u00ed u\u017e to snad m\u016f\u017ee vyj\u00edt, ne?<\/span><\/div>\n<div><span style=\"false\">Kdy\u017e jsem vlezl do jeho pokoje, le\u017eel tak, jak jsem ho tam nechal. Dokonce bych \u0159ekl, \u017ee se ani nepohnul, co\u017e by m\u011b nijak nep\u0159ekvapilo.<\/span><\/div>\n<div><span style=\"false\">&#8222;T\u00f3\u00f3\u00f3m\u00e9\u00e9\u00e9!&#8220; zaje\u010del jsem o t\u00f3n v\u00fd\u0161 a vzal jsem mu pol\u0161t\u00e1\u0159, kter\u00fdm m\u011bl p\u0159ikrytou hlavu.<\/span><\/div>\n<div><span style=\"false\">&#8222;Zalez tam, odkud jsi p\u0159ed osmn\u00e1cti letama vylezl a mn\u011b dej kone\u010dn\u011b pokoj.&#8220;<\/span><\/div>\n<div><span style=\"false\">Tak t\u00edmhle m\u011b v\u00e1\u017en\u011b kolos\u00e1ln\u011b na\u0161tval. &#8222;M\u00e1\u0161, cos cht\u011bl,&#8220; zabru\u010del jsem pro sebe, p\u00e1rkr\u00e1t ho pra\u0161til pol\u0161t\u00e1\u0159em do t\u00fd dut\u00fd v\u011bci, co nos\u00ed na krku, tedy do hlavy, a se zna\u010dn\u00fdm dupotem \u0161el do koupelny pro je\u0161t\u011b teplou \u017eehli\u010dku. V\u011bnoval jsem sv\u00e9mu odrazu v zrcadle \u010f\u00e1belsk\u00fd \u00fasm\u011bv a vr\u00e1til se do jeho pokoje s n\u00e1padem stejn\u011b \u010f\u00e1belsk\u00fdm, jako byl m\u016fj \u00fasm\u011bv, kter\u00fd z m\u00e9 tv\u00e1\u0159e necht\u011bl sl\u00edzt.<\/span><\/div>\n<div><span style=\"false\">Potichou\u010dku jsem k n\u011bmu p\u0159istoupil, sednul si vedle n\u011bj a vzal jednu tu tarantul\u00ed no\u017ei\u010dku, kter\u00e9 s p\u00fdchou v hlase \u0159\u00edk\u00e1 Dred, do ruky.<\/span><\/div>\n<div><span style=\"false\">Nikdy jsem nepochopil, pro\u010d si svoje sv\u011btl\u00fd vlasy nechal takhle zk\u2026it. Zni\u010dit, samoz\u0159ejm\u011b. Norm\u00e1ln\u00ed \u010dlov\u011bk by to neud\u011blal, i kdy\u017e o norm\u00e1lnosti m\u00e9ho star\u0161\u00edho dvoj\u010dete se dalo v\u00e1\u017en\u011b pochybovat.<\/span><\/div>\n<div><span style=\"false\">No, prost\u011b jsem ten zplst\u011bnej pram\u00ednek vlas\u016f vzal do ruky a opatrn\u011b ho vlo\u017eil mezi keramick\u00e9 desti\u010dky moj\u00ed \u017eehli\u010dky.<\/span><\/div>\n<div><span style=\"false\">Ke v\u0161em rohatejm \u010dert\u016fm se m\u016fj brat\u0159\u00ed\u010dek oto\u010dil s ot\u00e1zkou: &#8222;Co zase vym\u00fd\u0161l\u00ed\u0161?&#8220; a kdy\u017e vid\u011bl svoje &#8222;vlasy&#8220; v \u017eehli\u010dce, projelo jeho obli\u010dejem v jednom kr\u00e1tk\u00e9m okam\u017eiku tolik grimas, \u017ee to \u010dlov\u011bku mohlo p\u0159ipadat a\u017e nemo\u017en\u00e9. Posledn\u00ed jeho grimasa a pohled mluvil za v\u0161echno. Vlastn\u011b kdyby to ne\u0159ekl nahlas, nic by se nestalo, proto\u017ee jsem p\u0159esn\u011b v\u011bd\u011bl, co m\u00e1 v pl\u00e1nu. A m\u016f\u017eu \u0159\u00edct, \u017ee nic p\u011bkn\u00fdho to nebylo.<\/span><\/div>\n<div><span style=\"false\">&#8222;J\u00e1 &#8211; t\u011b &#8211; zabiju! J\u00e1 t\u011b v\u00e1\u017en\u011b zabiju, ty z\u00e1ke\u0159nej idiote!&#8220; Tom byl rud\u011bj\u0161\u00ed ne\u017e p\u0159ezr\u00e1l\u00fd raj\u010de. Dokonce z n\u011bj \u0161el i strach, co\u017e se nest\u00e1v\u00e1 moc \u010dasto.<\/span><\/div>\n<div><span style=\"false\">Rad\u011bji jsem jeho dred pustil a sna\u017eil se co nejrychleji zdekovat. Tohle musel myslet na tuty v\u00e1\u017en\u011b, proto\u017ee takhle rychle se je\u0161t\u011b z postele nevyhrabal. A j\u00e1 je\u0161t\u011b nikdy nem\u011bl v b\u011bhu na kr\u00e1tkou vzd\u00e1lenost tak skv\u011blej \u010das. Byl p\u0159\u00edmo rekordn\u00ed! Vyb\u011bhnout z jeho pokoje b\u011bhem dvou vte\u0159in, to je co \u0159\u00edct.<\/span><\/div>\n<div><span style=\"false\">A asi jsem byl nejnaivn\u011bj\u0161\u00ed kluk ve vesm\u00edru, kdy\u017e jsem si myslel, \u017ee jakmile zalezu do sv\u00fdho pokoje, tak mi d\u00e1 pokoj. Ano, kluk. Obsah m\u00fdch boxerek je stejn\u00fd jako Tom\u016fv, tud\u00ed\u017e mus\u00edm b\u00fdt kluk. Akor\u00e1t \u017ee j\u00e1 s m\u00fdm d\u00e1re\u010dkem neum\u00edm zach\u00e1zet\u2026 A o tom, jak v\u00edm, co Tom skr\u00fdv\u00e1 tam dole, se nehodl\u00e1m bavit\u2026<\/span><\/div>\n<div><span style=\"false\">Ale to odbo\u010duju. Prost\u011b jsem musel b\u00fdt nejnaivn\u011bj\u0161\u00ed kluk, co kdy existoval, existuje a bude existovat za dal\u0161\u00edch sto pades\u00e1t milion\u016f let. Myslel jsem si, \u017ee budu v bezpe\u010d\u00ed, kdy\u017e zalezu do sv\u00fdho pokoje. A to jsem si o sob\u011b myslel, jak nejsem chytrej. Vlastn\u011b jsem jen toho dredat\u00fdho blbouna tro\u0161ku podcenil.<\/span><\/div>\n<div><span style=\"false\">Ut\u00edkal toti\u017e p\u0159\u00edmo za mnou. Dokonce mu ani nevadil n\u00e1raz do m\u00fdch dve\u0159\u00ed, kdy\u017e jsem se je sna\u017eil co nejrychleji zabouchnout a on tam vlet\u011bl. Mo\u017en\u00e1 jsem zase z\u00edskal n\u011bjak\u00fd titul, to fakt netu\u0161\u00edm. Akor\u00e1t moc dob\u0159e v\u00edm, \u017ee jsem za\u010dal pi\u0161t\u011bt jak mal\u00e1 holka a ut\u00edkal se schovat do sk\u0159\u00edn\u011b. Vlastn\u011b ani nev\u00edm pro\u010d. Asi mi v tu chv\u00edli p\u0159i pohledu na rozzu\u0159en\u00e9ho Toma p\u0159ipadala bezpe\u010dn\u00e1.<\/span><\/div>\n<div><span style=\"false\">Prost\u011b jsem vlezl do sk\u0159\u00edn\u011b. Naprostej idiot a posera v jednom. A co se stalo pak, to jsem fakt ne\u010dekal.<\/span><\/p>\n<\/div>\n<div><span style=\"false\">autor: <strong>Bajik<\/strong><\/span><\/div>\n<div><span style=\"false\">betaread: <strong>Janule<\/strong><\/span><\/div>\n","protected":false},"excerpt":{"rendered":"<p>autor: Bajik Ahoj zlata, Ne\u010dekan\u011b jsem tu si se sv\u00fdm \u010dekan\u00fdm p\u0159ekvapen\u00edm nejsp\u00ed\u00ed\u0161 d\u0159\u00edv, ne\u017e jsem saama cht\u011blla, alle nestoj\u00ed\u00ed\u00ed za to to \u0159e\u0161iiit\u2026 \ud83d\ude42 Jak u\u017e n\u00e1\u00e1zev napov\u00edd\u00e1\u00e1, jedu ve stylu filmu Mezi n\u00e1mi d\u011bv\u010daty. A omlouv\u00e1\u00e1m se Ketty, jestli jsem<\/p>\n<p class=\"link-more\"><a class=\"myButt \" href=\"https:\/\/twincestblog.cz\/domains\/twincestblog.cz\/2009\/03\/07\/mezi-nami-dvojcaty-1\/\">Read More<\/a><\/p>\n","protected":false},"author":1,"featured_media":0,"comment_status":"open","ping_status":"open","sticky":false,"template":"","format":"standard","meta":{"_exactmetrics_skip_tracking":false,"_exactmetrics_sitenote_active":false,"_exactmetrics_sitenote_note":"","_exactmetrics_sitenote_category":0,"footnotes":""},"categories":[211],"tags":[],"class_list":["post-15083","post","type-post","status-publish","format-standard","hentry","category-mezi-nami-dvojcaty"],"_links":{"self":[{"href":"https:\/\/twincestblog.cz\/domains\/twincestblog.cz\/wp-json\/wp\/v2\/posts\/15083","targetHints":{"allow":["GET"]}}],"collection":[{"href":"https:\/\/twincestblog.cz\/domains\/twincestblog.cz\/wp-json\/wp\/v2\/posts"}],"about":[{"href":"https:\/\/twincestblog.cz\/domains\/twincestblog.cz\/wp-json\/wp\/v2\/types\/post"}],"author":[{"embeddable":true,"href":"https:\/\/twincestblog.cz\/domains\/twincestblog.cz\/wp-json\/wp\/v2\/users\/1"}],"replies":[{"embeddable":true,"href":"https:\/\/twincestblog.cz\/domains\/twincestblog.cz\/wp-json\/wp\/v2\/comments?post=15083"}],"version-history":[{"count":0,"href":"https:\/\/twincestblog.cz\/domains\/twincestblog.cz\/wp-json\/wp\/v2\/posts\/15083\/revisions"}],"wp:attachment":[{"href":"https:\/\/twincestblog.cz\/domains\/twincestblog.cz\/wp-json\/wp\/v2\/media?parent=15083"}],"wp:term":[{"taxonomy":"category","embeddable":true,"href":"https:\/\/twincestblog.cz\/domains\/twincestblog.cz\/wp-json\/wp\/v2\/categories?post=15083"},{"taxonomy":"post_tag","embeddable":true,"href":"https:\/\/twincestblog.cz\/domains\/twincestblog.cz\/wp-json\/wp\/v2\/tags?post=15083"}],"curies":[{"name":"wp","href":"https:\/\/api.w.org\/{rel}","templated":true}]}}