{"id":15400,"date":"2009-01-29T17:30:00","date_gmt":"2009-01-29T16:30:00","guid":{"rendered":"http:\/\/twincestblog.cz\/?p=15365"},"modified":"2009-01-29T17:30:00","modified_gmt":"2009-01-29T16:30:00","slug":"francouzske-interview","status":"publish","type":"post","link":"https:\/\/twincestblog.cz\/domains\/twincestblog.cz\/2009\/01\/29\/francouzske-interview\/","title":{"rendered":"Francouzsk\u00e9 interview"},"content":{"rendered":"<div style=\"text-align:left\">Vyhla\u0161uji ot\u00e1zku dne &#8211; kdo mysl\u00edte, \u017ee pos\u00edlal ty fotky ? ;))<br \/>I kdyby to nebylo francouzsk\u00fd interview, po\u0159\u00e1d m\u00e1te mysl\u00edm tak 80% \u0161anci, \u017ee se tref\u00edte..xD \u017d\u00e1dn\u00e1 velk\u00e1 p\u0159evapen\u00ed..xD<br \/>\u00da\u017easn\u00fd screeny, sm\u011bju se i p\u0159i nich..xD Hlavn\u011b ten t\u0159et\u00ed odspoda..lole\u010dek..xD<br \/>Kr\u00e1sn\u00fd..x)) Krom\u011b toho..Bille, kampak to kouk\u00e1\u0161..? \ud83d\ude09<\/div>\n<div style=\"text-align:center\"><\/div>\n<div style=\"text-align:center\"><a href=\"http:\/\/s453.photobucket.com\/albums\/qq252\/Ketty-TH7\/?action=view&amp;current=frenchinterview_lyra1.jpg\"><img decoding=\"async\" src=\"http:\/\/twincestblog.cz\/wp-content\/uploads\/frenchinterview_lyra1.jpg\" alt=\"Photobucket\" title=\"Photobucket\" \/><\/a><\/div>\n<div style=\"text-align:center\"><\/div>\n<div style=\"text-align:center\"><a href=\"http:\/\/s453.photobucket.com\/albums\/qq252\/Ketty-TH7\/?action=view&amp;current=frenchinterview_lyra2.jpg\"><img decoding=\"async\" src=\"http:\/\/twincestblog.cz\/wp-content\/uploads\/frenchinterview_lyra2.jpg\" alt=\"Photobucket\" title=\"Photobucket\" \/><\/a><\/div>\n<div style=\"text-align:center\"><\/div>\n<div style=\"text-align:center\"><a href=\"http:\/\/s453.photobucket.com\/albums\/qq252\/Ketty-TH7\/?action=view&amp;current=frenchinterview_lyra3.jpg\"><img decoding=\"async\" src=\"http:\/\/twincestblog.cz\/wp-content\/uploads\/frenchinterview_lyra3.jpg\" alt=\"Photobucket\" title=\"Photobucket\" \/><\/a><\/div>\n<div style=\"text-align:center\"><\/div>\n<div style=\"text-align:center\"><a href=\"http:\/\/s453.photobucket.com\/albums\/qq252\/Ketty-TH7\/?action=view&amp;current=frenchinterview_lyra4.jpg\"><img decoding=\"async\" src=\"http:\/\/twincestblog.cz\/wp-content\/uploads\/frenchinterview_lyra4.jpg\" alt=\"Photobucket\" title=\"Photobucket\" \/><\/a><\/div>\n<div style=\"text-align:center\"><\/div>\n<div style=\"text-align:center\"><a href=\"http:\/\/s453.photobucket.com\/albums\/qq252\/Ketty-TH7\/?action=view&amp;current=frenchinterview_lyra5.jpg\"><img decoding=\"async\" src=\"http:\/\/twincestblog.cz\/wp-content\/uploads\/frenchinterview_lyra5.jpg\" alt=\"Photobucket\" title=\"Photobucket\" \/><\/a><\/div>\n<div style=\"text-align:center\"><\/div>\n<div style=\"text-align:center\"><a href=\"http:\/\/s453.photobucket.com\/albums\/qq252\/Ketty-TH7\/?action=view&amp;current=frenchinterview_lyra6.jpg\"><img decoding=\"async\" src=\"http:\/\/twincestblog.cz\/wp-content\/uploads\/frenchinterview_lyra6.jpg\" alt=\"Photobucket\" title=\"Photobucket\" \/><\/a><\/div>\n<div style=\"text-align:center\"><\/div>\n<div style=\"text-align:center\"><a href=\"http:\/\/s453.photobucket.com\/albums\/qq252\/Ketty-TH7\/?action=view&amp;current=frenchinterview_lyra.jpg\"><img decoding=\"async\" src=\"http:\/\/twincestblog.cz\/wp-content\/uploads\/frenchinterview_lyra.jpg\" alt=\"Photobucket\" title=\"Photobucket\" \/><\/a><\/div>\n<div style=\"text-align:center\"><\/div>\n<div style=\"text-align:right\"><strong>P.S.:<\/strong> byla to Lyra&#8230;ne\u010dekan\u011b..xD ;))<br \/>D\u00edky..;))<\/div>\n","protected":false},"excerpt":{"rendered":"<p>Vyhla\u0161uji ot\u00e1zku dne &#8211; kdo mysl\u00edte, \u017ee pos\u00edlal ty fotky ? ;))I kdyby to nebylo francouzsk\u00fd interview, po\u0159\u00e1d m\u00e1te mysl\u00edm tak 80% \u0161anci, \u017ee se tref\u00edte..xD \u017d\u00e1dn\u00e1 velk\u00e1 p\u0159evapen\u00ed..xD\u00da\u017easn\u00fd screeny, sm\u011bju se i p\u0159i nich..xD Hlavn\u011b ten t\u0159et\u00ed odspoda..lole\u010dek..xDKr\u00e1sn\u00fd..x)) Krom\u011b toho..Bille, kampak<\/p>\n<p class=\"link-more\"><a class=\"myButt \" href=\"https:\/\/twincestblog.cz\/domains\/twincestblog.cz\/2009\/01\/29\/francouzske-interview\/\">Read More<\/a><\/p>\n","protected":false},"author":1,"featured_media":0,"comment_status":"open","ping_status":"open","sticky":false,"template":"","format":"standard","meta":{"_exactmetrics_skip_tracking":false,"_exactmetrics_sitenote_active":false,"_exactmetrics_sitenote_note":"","_exactmetrics_sitenote_category":0,"footnotes":""},"categories":[20],"tags":[],"class_list":["post-15400","post","type-post","status-publish","format-standard","hentry","category-interviews-foto"],"_links":{"self":[{"href":"https:\/\/twincestblog.cz\/domains\/twincestblog.cz\/wp-json\/wp\/v2\/posts\/15400","targetHints":{"allow":["GET"]}}],"collection":[{"href":"https:\/\/twincestblog.cz\/domains\/twincestblog.cz\/wp-json\/wp\/v2\/posts"}],"about":[{"href":"https:\/\/twincestblog.cz\/domains\/twincestblog.cz\/wp-json\/wp\/v2\/types\/post"}],"author":[{"embeddable":true,"href":"https:\/\/twincestblog.cz\/domains\/twincestblog.cz\/wp-json\/wp\/v2\/users\/1"}],"replies":[{"embeddable":true,"href":"https:\/\/twincestblog.cz\/domains\/twincestblog.cz\/wp-json\/wp\/v2\/comments?post=15400"}],"version-history":[{"count":0,"href":"https:\/\/twincestblog.cz\/domains\/twincestblog.cz\/wp-json\/wp\/v2\/posts\/15400\/revisions"}],"wp:attachment":[{"href":"https:\/\/twincestblog.cz\/domains\/twincestblog.cz\/wp-json\/wp\/v2\/media?parent=15400"}],"wp:term":[{"taxonomy":"category","embeddable":true,"href":"https:\/\/twincestblog.cz\/domains\/twincestblog.cz\/wp-json\/wp\/v2\/categories?post=15400"},{"taxonomy":"post_tag","embeddable":true,"href":"https:\/\/twincestblog.cz\/domains\/twincestblog.cz\/wp-json\/wp\/v2\/tags?post=15400"}],"curies":[{"name":"wp","href":"https:\/\/api.w.org\/{rel}","templated":true}]}}