{"id":15907,"date":"2008-11-27T14:30:00","date_gmt":"2008-11-27T13:30:00","guid":{"rendered":"http:\/\/twincestblog.cz\/?p=15871"},"modified":"2020-10-28T00:16:56","modified_gmt":"2020-10-27T23:16:56","slug":"prosit-je-zvlastni-pocit","status":"publish","type":"post","link":"https:\/\/twincestblog.cz\/domains\/twincestblog.cz\/2008\/11\/27\/prosit-je-zvlastni-pocit\/","title":{"rendered":"Prosit je zvl\u00e1\u0161tn\u00ed pocit"},"content":{"rendered":"<div style=\"text-align: justify;\"><\/div>\n<div style=\"text-align: justify;\"><strong>autor: *Ma\u010ceeT*<\/strong><\/p>\n<\/div>\n<div style=\"text-align: justify;\"><em>Ahojky :)..tak jsem se rozhodla napsat ff..tady ode m\u011b je\u0161t\u011b \u017e\u00e1dn\u00e1 neni, ostatn\u00ed pov\u00eddky m\u00e1m jen u sebe v po\u010d\u00edta\u010di, ale ty zve\u0159ej\u0148ovat nechci \u00d7D. Pus\u0165te si k tomu Hv\u011bzd\u00e1\u0159e od UDG, ta pov\u00eddka je na tuhle p\u00edsni\u010dku napsan\u00e1. Stejn\u011b jako p\u00edsni\u010dka, tak i pov\u00eddka je o anorexii. Tak\u017ee douf\u00e1m, \u017ee se v\u00e1m bude aspo\u0148 tro\u0161ku l\u00edbit =).. pa, *Ma\u010ceeT*<\/em><\/div>\n<div style=\"text-align: left;\">\n<p style=\"text-align: justify;\"><em>Ztr\u00e1c\u00ed\u0161 se p\u0159ed o\u010dima, roste\u0161 jen ve vlastn\u00edm st\u00ednu\u2026<\/em><br \/>\n\u0158\u00edkal jsem ti to po\u0159\u00e1d, po\u0159\u00e1d! \u017de jsi tak stra\u0161n\u011b vychrtl\u00fd&#8230; nev\u011b\u0159il jsi mi&#8230; 42 kilo ti bylo m\u00e1lo? Cht\u011bl jsi je\u0161t\u011b v\u00edc??<\/p>\n<p><em>Ka\u017ed\u00e1 dal\u0161\u00ed vina odkr\u00fdv\u00e1 moj\u00ed vinu&#8230;<br \/>\n<\/em>\u0158\u00edkal jsi mi, \u017ee je moje vina, kdy\u017e nepozn\u00e1m tlust\u00fdho \u010dlov\u011bka. Pane bo\u017ee, Bille, co sis myslel?? Co sis o sob\u011b v\u016fbec myslel?<\/p>\n<p><em>Ve v\u00ednu d\u00e1vno nic nehled\u00e1m&#8230;<br \/>\n<\/em>Vzpom\u00edn\u00e1\u0161 na ty na\u0161e ve\u010dery, kdy jsme sed\u011bli u krbu se skleni\u010dkami v\u00edna, pov\u00eddali si a mazlili se? Miloval jsi \u010derven\u00fd v\u00edno&#8230; Na ty ve\u010dery, kter\u00fd se protahovaly do noc\u00ed, jsem se cel\u00fd t\u00fdden t\u011b\u0161il. A\u017e ten jeden&#8230; \u0159ekl jsi mi, \u017ee kon\u010d\u00edme. &#8222;\u017d\u00e1dn\u00fd h\u0159\u00ed\u0161n\u00fd noci, v\u00edno a krb. Je konec. Na ty ve\u010dery prost\u011b zapomenem, miluju t\u011b po\u0159\u00e1d, ale tohle u\u017e nechci.&#8220; A\u017e pozd\u011bji jsem p\u0159i\u0161el na to, pro\u010d. Jedin\u00e1 v\u011bc byla\u00a0 v tom, \u017ee ti vadilo, co pijeme! V\u00edno, kter\u00fd jsi tak miloval&#8230;<\/p>\n<p><em>Jak luna miz\u00ed s noc\u00ed v b\u011blostn\u00fdch \u0161atech pro nemocn\u00e9&#8230;<br \/>\n<\/em>Ty jsi byl nemocn\u00fd! I kdy\u017e sis to necht\u011bl p\u0159ipou\u0161t\u011bt! ANOREXIE&#8230; to svinstvo, kter\u00fd zabilo tolik lid\u00ed. Bille, pro\u010d? Pro\u010d pat\u0159\u00ed\u0161 mezi n\u011b?? V\u017edy\u0165 j\u00e1 t\u011b miloval! Pro\u010d jsi s t\u00edm nep\u0159estal? Kv\u016fli mn\u011b&#8230;<\/p>\n<p><em>Prosit je zvl\u00e1\u0161tn\u00ed pocit&#8230;<br \/>\n<\/em>Tolikr\u00e1t jsem t\u011b prosil&#8230; nech\u00e1pal jsi m\u011b! Je to sm\u011b\u0161n\u00fd, l\u00e1sko. Ka\u017ed\u00fd t\u011b nutil do j\u00eddla, ale ty sis postavil hlavu a byl jsi neoblomn\u00fd.<\/p>\n<p><em>Jen a\u0165 je den, noc ne&#8230;<br \/>\n<\/em>V noci jsem nespal&#8230; stejn\u011b jako ty! Ka\u017edou noc jsem sly\u0161el, jak pl\u00e1\u010de\u0161&#8230; sna\u017eil ses to p\u0159ede mnou skr\u00fdt, ale j\u00e1 to v\u011bd\u011bl. U\u017e tenkr\u00e1t jsem v\u011bd\u011bl, \u017ee n\u011bco nen\u00ed v po\u0159\u00e1dku&#8230; ale to, \u017ee ti odb\u00edjej\u00ed posledn\u00ed hodiny tv\u00fdho zmaten\u00fdho \u017eivota, m\u011b nenapadlo&#8230;<\/p>\n<p><em>Od proseb d\u00e1vno nic ne\u010dek\u00e1m&#8230;<br \/>\n<\/em>\u010cekal jsem, \u017ee toho nech\u00e1\u0161! \u017de ke mn\u011b jednoho kr\u00e1sn\u00fdho dne p\u0159ijde\u0161 a \u0159ekne\u0161, \u017ee to sta\u010dilo, \u017ee v\u0161echno bude jako d\u0159\u00edv&#8230; budeme se milovat u praskaj\u00edc\u00edho krbu, budeme si pov\u00eddat o tom, co uva\u0159it&#8230; budeme j\u00edst! V\u017edy\u0165 ti to \u00fapln\u011b zni\u010dilo \u017eivot, Bille! N\u00e1m to zni\u010dilo \u017eivot&#8230;<\/p>\n<p><em>Na chodb\u00e1ch v bludn\u00fdch kruz\u00edch z\u00e1\u0159ivka vyhas\u00edn\u00e1.<\/em><em>.<\/em><em>.<br \/>\n<\/em>Jako tv\u016fj \u017eivot&#8230; \u017dIJ KA\u017dDOU SEKUNDOU, rozum\u00ed\u0161??<\/p>\n<p><em>J\u00e1 ti do infuz\u00ed chci p\u0159il\u00edt trochu v\u00edna&#8230;<br \/>\n<\/em>Ano&#8230; zkou\u0161el jsem to&#8230; je to hnusn\u00fd a styd\u00edm se za to. Lil jsem ti do t\u011bch tv\u00fdch ovocn\u00fdch \u0161\u0165\u00e1v n\u011bco, co podporovalo p\u0159ib\u00edr\u00e1n\u00ed na v\u00e1ze. Byl jsem naivn\u00ed a v\u011b\u0159il, \u017ee to pom\u016f\u017ee. Ale, Bille, pochop m\u011b! Byl jsem tak zoufalej! Nev\u011bd\u011bl jsem, co d\u011bl\u00e1m. D\u00edky tob\u011b jsem chodil jako t\u011blo bez du\u0161e&#8230; proto\u017ee ses mi ztr\u00e1cel p\u0159ed o\u010dima&#8230;<\/p>\n<p><em>Na nebi jin\u00fdch slunc\u00ed&#8230;<\/em> <em>jak se tam asi c\u00edt\u00ed\u0161&#8230;<br \/>\n<\/em>Jsi \u0161\u0165astn\u00fd aspo\u0148 tam? Tam, kde m\u00e1\u0161 klid? Klid od j\u00eddla? Klid&#8230; ode m\u011b? Od toho, kdo t\u011b nutil do toho, co pro tebe znamenalo zlo a&#8230; dal\u0161\u00ed kr\u016f\u010dek k and\u011bl\u016fm?<\/p>\n<p><em>S nebeskou interpunkc\u00ed&#8230;<\/em> <em>jin\u00fdm tul\u00e1k\u016fm sv\u00edt\u00ed\u0161&#8230;<br \/>\n<\/em>Sv\u00edtil jsi&#8230; sv\u00edtil jsi do t\u00fd doby, ne\u017e se stalo TO. To, co n\u00e1m ob\u011bma zni\u010dilo \u017eivot. Tvoje t\u011blo t\u011b zradilo&#8230;<\/p>\n<p><em>Ve v\u00ednu d\u00e1vno nic nehled\u00e1m. Jak luna miz\u00ed s noc\u00ed v b\u011blostn\u00fdch \u0161atech pro nemocn\u00e9&#8230;<br \/>\n<\/em>Mizel jsi&#8230; mizel jsi mi p\u0159ed o\u010dima&#8230; Le\u017eeli jsme spolu u krbu. J\u00e1 pil v\u00edno, ty vodu. Ten ve\u010der jsi mi \u0159ekl, \u017ee chce\u0161 c\u00edtit ohe\u0148&#8230; v\u011bd\u011bl jsi, \u017ee to bude naposledy. Naposledy, co t\u011b obejmu, co t\u011b pol\u00edb\u00edm na ty neskute\u010dn\u011b such\u00fd, ale kr\u00e1sn\u00fd rty&#8230;<\/p>\n<p><em>Prosit je zvl\u00e1\u0161tn\u00ed pocit&#8230;<br \/>\n<\/em>Ch\u0159adnul jsi mi v ruk\u00e1ch a j\u00e1 v\u011bd\u011bl, \u017ee te\u010f to p\u0159ijde. Te\u010f&#8230; tahle posledn\u00ed minuta bude pat\u0159it jenom n\u00e1m.<\/p>\n<p><em>Jen a\u0165 je den, noc ne&#8230;<br \/>\n<\/em>Bylo kr\u00e1tce po p\u016flnoci, kdy\u017e jsi mi rozt\u0159esen\u00fdm hlasem naposledy za\u0161eptal: &#8222;Miluji t\u011b&#8220;.<\/p>\n<p><em>Obzor neklesne n\u00ed\u017e, je r\u00e1no a ty sp\u00ed\u0161\u2026<\/em><br \/>\nStra\u0161n\u011b mi chyb\u00ed\u0161, l\u00e1sko! Ty jsi byl to, co m\u011b tady dr\u017eelo&#8230; te\u010f to v\u00edm. Te\u010f u\u017e to nejsem j\u00e1&#8230; Cel\u00fd rok, co tady le\u017e\u00ed\u0161, jsem se nezasm\u00e1l. \u017diju s\u00e1m&#8230; my\u0161lenkami a vzpom\u00ednkami na tebe. T\u0159eba m\u011b vid\u00ed\u0161&#8230; d\u00edv\u00e1\u0161 se na m\u011b zeshora a vy\u010d\u00edt\u00e1\u0161 si, co jsi ud\u011blal. Nechal jsi m\u011b tady samotn\u00fdho, Bille! Zradil jsi m\u011b! Nikdy ti to nezapomenu. Ale p\u0159itom t\u011b po\u0159\u00e1d miluju. L\u00e1sko&#8230; za rok p\u0159iijdu znovu&#8230; pros\u00edm, nezapome\u0148 na m\u011b&#8230; tak, jako j\u00e1 nikdy nezapomenu na tebe&#8230;<\/p>\n<p style=\"text-align: justify;\">Tom si ot\u0159el slzy, na hrob polo\u017eil \u010dernou r\u016f\u017ei a vydal se dom\u016f&#8230; my\u0161lenkami u sv\u00e9ho mal\u00e9ho Hv\u011bzd\u00e1\u0159e&#8230;<\/p>\n<p style=\"text-align: justify;\">\n<p style=\"text-align: justify;\"><strong>autor: *Ma\u010ceeT*<\/strong><\/p>\n<p style=\"text-align: justify;\"><strong>betaread: Janule<\/strong><\/p>\n<\/div>\n","protected":false},"excerpt":{"rendered":"<p>autor: *Ma\u010ceeT* Ahojky :)..tak jsem se rozhodla napsat ff..tady ode m\u011b je\u0161t\u011b \u017e\u00e1dn\u00e1 neni, ostatn\u00ed pov\u00eddky m\u00e1m jen u sebe v po\u010d\u00edta\u010di, ale ty zve\u0159ej\u0148ovat nechci \u00d7D. Pus\u0165te si k tomu Hv\u011bzd\u00e1\u0159e od UDG, ta pov\u00eddka je na tuhle p\u00edsni\u010dku napsan\u00e1. Stejn\u011b<\/p>\n<p class=\"link-more\"><a class=\"myButt \" href=\"https:\/\/twincestblog.cz\/domains\/twincestblog.cz\/2008\/11\/27\/prosit-je-zvlastni-pocit\/\">Read More<\/a><\/p>\n","protected":false},"author":1,"featured_media":0,"comment_status":"open","ping_status":"open","sticky":false,"template":"","format":"standard","meta":{"_exactmetrics_skip_tracking":false,"_exactmetrics_sitenote_active":false,"_exactmetrics_sitenote_note":"","_exactmetrics_sitenote_category":0,"footnotes":""},"categories":[45],"tags":[],"class_list":["post-15907","post","type-post","status-publish","format-standard","hentry","category-ff-jednodilky"],"_links":{"self":[{"href":"https:\/\/twincestblog.cz\/domains\/twincestblog.cz\/wp-json\/wp\/v2\/posts\/15907","targetHints":{"allow":["GET"]}}],"collection":[{"href":"https:\/\/twincestblog.cz\/domains\/twincestblog.cz\/wp-json\/wp\/v2\/posts"}],"about":[{"href":"https:\/\/twincestblog.cz\/domains\/twincestblog.cz\/wp-json\/wp\/v2\/types\/post"}],"author":[{"embeddable":true,"href":"https:\/\/twincestblog.cz\/domains\/twincestblog.cz\/wp-json\/wp\/v2\/users\/1"}],"replies":[{"embeddable":true,"href":"https:\/\/twincestblog.cz\/domains\/twincestblog.cz\/wp-json\/wp\/v2\/comments?post=15907"}],"version-history":[{"count":2,"href":"https:\/\/twincestblog.cz\/domains\/twincestblog.cz\/wp-json\/wp\/v2\/posts\/15907\/revisions"}],"predecessor-version":[{"id":79434680,"href":"https:\/\/twincestblog.cz\/domains\/twincestblog.cz\/wp-json\/wp\/v2\/posts\/15907\/revisions\/79434680"}],"wp:attachment":[{"href":"https:\/\/twincestblog.cz\/domains\/twincestblog.cz\/wp-json\/wp\/v2\/media?parent=15907"}],"wp:term":[{"taxonomy":"category","embeddable":true,"href":"https:\/\/twincestblog.cz\/domains\/twincestblog.cz\/wp-json\/wp\/v2\/categories?post=15907"},{"taxonomy":"post_tag","embeddable":true,"href":"https:\/\/twincestblog.cz\/domains\/twincestblog.cz\/wp-json\/wp\/v2\/tags?post=15907"}],"curies":[{"name":"wp","href":"https:\/\/api.w.org\/{rel}","templated":true}]}}