{"id":16072,"date":"2008-11-09T17:30:00","date_gmt":"2008-11-09T16:30:00","guid":{"rendered":"http:\/\/twincestblog.cz\/?p=16036"},"modified":"2008-11-09T17:30:00","modified_gmt":"2008-11-09T16:30:00","slug":"c-mon-in-werchter","status":"publish","type":"post","link":"https:\/\/twincestblog.cz\/domains\/twincestblog.cz\/2008\/11\/09\/c-mon-in-werchter\/","title":{"rendered":"C&#8217;mon in Werchter"},"content":{"rendered":"<div style=\"text-align:left\">Werchter Boutique v Belgii, nebo jak se tam to m\u011bsto jmenovalo..xD Rozhodn\u011b..moc poveden\u00fd fota..xD<\/div>\n<div style=\"text-align:center\"><\/div>\n<div style=\"text-align:center\"><a href=\"http:\/\/s462.photobucket.com\/albums\/qq342\/Ketty-TH10\/?action=view&amp;current=WechterBelgie2.jpg\"><img decoding=\"async\" src=\"http:\/\/twincestblog.cz\/wp-content\/uploads\/WechterBelgie2.jpg\" alt=\"Photobucket\" title=\"Photobucket\" \/><\/a>\u00a8<\/div>\n<div style=\"text-align:center\"><\/div>\n<div style=\"text-align:center\"><a href=\"http:\/\/s462.photobucket.com\/albums\/qq342\/Ketty-TH10\/?action=view&amp;current=WechterBelgie1.jpg\"><img decoding=\"async\" src=\"http:\/\/twincestblog.cz\/wp-content\/uploads\/WechterBelgie1.jpg\" alt=\"Photobucket\" title=\"Photobucket\" \/><\/a><\/div>\n<div style=\"text-align:center\"><\/div>\n<div style=\"text-align:center\"><\/div>\n<div style=\"text-align:center\"><\/div>\n<div style=\"text-align:center\">\n<div id=\"flash_uVYJ1fHZ\">\n<p><img decoding=\"async\" src=\"http:\/\/twincestblog.cz\/wp-content\/uploads\/flash.jpg\" style=\"width:500px;height:100px;\" \/><\/p>\n","protected":false},"excerpt":{"rendered":"<p>Werchter Boutique v Belgii, nebo jak se tam to m\u011bsto jmenovalo..xD Rozhodn\u011b..moc poveden\u00fd fota..xD \u00a8<\/p>\n","protected":false},"author":1,"featured_media":0,"comment_status":"open","ping_status":"open","sticky":false,"template":"","format":"standard","meta":{"_exactmetrics_skip_tracking":false,"_exactmetrics_sitenote_active":false,"_exactmetrics_sitenote_note":"","_exactmetrics_sitenote_category":0,"footnotes":""},"categories":[17],"tags":[],"class_list":["post-16072","post","type-post","status-publish","format-standard","hentry","category-concert-foto"],"_links":{"self":[{"href":"https:\/\/twincestblog.cz\/domains\/twincestblog.cz\/wp-json\/wp\/v2\/posts\/16072","targetHints":{"allow":["GET"]}}],"collection":[{"href":"https:\/\/twincestblog.cz\/domains\/twincestblog.cz\/wp-json\/wp\/v2\/posts"}],"about":[{"href":"https:\/\/twincestblog.cz\/domains\/twincestblog.cz\/wp-json\/wp\/v2\/types\/post"}],"author":[{"embeddable":true,"href":"https:\/\/twincestblog.cz\/domains\/twincestblog.cz\/wp-json\/wp\/v2\/users\/1"}],"replies":[{"embeddable":true,"href":"https:\/\/twincestblog.cz\/domains\/twincestblog.cz\/wp-json\/wp\/v2\/comments?post=16072"}],"version-history":[{"count":0,"href":"https:\/\/twincestblog.cz\/domains\/twincestblog.cz\/wp-json\/wp\/v2\/posts\/16072\/revisions"}],"wp:attachment":[{"href":"https:\/\/twincestblog.cz\/domains\/twincestblog.cz\/wp-json\/wp\/v2\/media?parent=16072"}],"wp:term":[{"taxonomy":"category","embeddable":true,"href":"https:\/\/twincestblog.cz\/domains\/twincestblog.cz\/wp-json\/wp\/v2\/categories?post=16072"},{"taxonomy":"post_tag","embeddable":true,"href":"https:\/\/twincestblog.cz\/domains\/twincestblog.cz\/wp-json\/wp\/v2\/tags?post=16072"}],"curies":[{"name":"wp","href":"https:\/\/api.w.org\/{rel}","templated":true}]}}