{"id":16417,"date":"2008-09-30T16:30:00","date_gmt":"2008-09-30T15:30:00","guid":{"rendered":"http:\/\/twincestblog.cz\/?p=16380"},"modified":"2008-09-30T16:30:00","modified_gmt":"2008-09-30T15:30:00","slug":"z-francie","status":"publish","type":"post","link":"https:\/\/twincestblog.cz\/domains\/twincestblog.cz\/2008\/09\/30\/z-francie\/","title":{"rendered":"Z Francie"},"content":{"rendered":"<div><span style=\"text-align:left\">Nee tak \u00fapln\u011b kvalitn\u00ed, ale p\u011bkn\u00fd..x)) Prvn\u00ed dv\u011b z Bercy, z Pa\u0159\u00ed\u017ee (16.10. 07) (t\u00fd jo, to u\u017e je skoro rok..to je \u0161\u00edlen\u00fd..o_O) a posledn\u00ed je z Toulon (29.10 2008) .. fota by Neunette..x))<\/span><\/div>\n<div><span style=\"text-align:center\"><a href=\"http:\/\/s526.photobucket.com\/albums\/cc346\/Ketty-TH6\/?action=view&amp;current=16-10-07BercyParis1.jpg\"><img decoding=\"async\" src=\"http:\/\/twincestblog.cz\/wp-content\/uploads\/16-10-07BercyParis1.jpg\" alt=\"Photobucket\" title=\"Photobucket\" \/><\/a><\/span><\/div>\n<div><span style=\"text-align:center\"><a href=\"http:\/\/s526.photobucket.com\/albums\/cc346\/Ketty-TH6\/?action=view&amp;current=16-10-07BercyParis2.jpg\"><img decoding=\"async\" src=\"http:\/\/twincestblog.cz\/wp-content\/uploads\/16-10-07BercyParis2.jpg\" alt=\"Photobucket\" title=\"Photobucket\" \/><\/a><\/span><\/div>\n<div><span style=\"text-align:center\"><a href=\"http:\/\/s526.photobucket.com\/albums\/cc346\/Ketty-TH6\/?action=view&amp;current=29-10-07Toulon.jpg\"><img decoding=\"async\" src=\"http:\/\/twincestblog.cz\/wp-content\/uploads\/29-10-07Toulon.jpg\" alt=\"Photobucket\" title=\"Photobucket\" \/><\/a><\/span><\/div>\n<div style=\"text-align:center\">\n<div id=\"flash_Owkmk0Jd\">\n<p><img decoding=\"async\" src=\"http:\/\/twincestblog.cz\/wp-content\/uploads\/flash.jpg\" style=\"width:500px;height:100px;\" \/><\/p>\n","protected":false},"excerpt":{"rendered":"<p>Nee tak \u00fapln\u011b kvalitn\u00ed, ale p\u011bkn\u00fd..x)) Prvn\u00ed dv\u011b z Bercy, z Pa\u0159\u00ed\u017ee (16.10. 07) (t\u00fd jo, to u\u017e je skoro rok..to je \u0161\u00edlen\u00fd..o_O) a posledn\u00ed je z Toulon (29.10 2008) .. fota by Neunette..x))<\/p>\n","protected":false},"author":1,"featured_media":0,"comment_status":"open","ping_status":"open","sticky":false,"template":"","format":"standard","meta":{"_exactmetrics_skip_tracking":false,"_exactmetrics_sitenote_active":false,"_exactmetrics_sitenote_note":"","_exactmetrics_sitenote_category":0,"footnotes":""},"categories":[17],"tags":[],"class_list":["post-16417","post","type-post","status-publish","format-standard","hentry","category-concert-foto"],"_links":{"self":[{"href":"https:\/\/twincestblog.cz\/domains\/twincestblog.cz\/wp-json\/wp\/v2\/posts\/16417","targetHints":{"allow":["GET"]}}],"collection":[{"href":"https:\/\/twincestblog.cz\/domains\/twincestblog.cz\/wp-json\/wp\/v2\/posts"}],"about":[{"href":"https:\/\/twincestblog.cz\/domains\/twincestblog.cz\/wp-json\/wp\/v2\/types\/post"}],"author":[{"embeddable":true,"href":"https:\/\/twincestblog.cz\/domains\/twincestblog.cz\/wp-json\/wp\/v2\/users\/1"}],"replies":[{"embeddable":true,"href":"https:\/\/twincestblog.cz\/domains\/twincestblog.cz\/wp-json\/wp\/v2\/comments?post=16417"}],"version-history":[{"count":0,"href":"https:\/\/twincestblog.cz\/domains\/twincestblog.cz\/wp-json\/wp\/v2\/posts\/16417\/revisions"}],"wp:attachment":[{"href":"https:\/\/twincestblog.cz\/domains\/twincestblog.cz\/wp-json\/wp\/v2\/media?parent=16417"}],"wp:term":[{"taxonomy":"category","embeddable":true,"href":"https:\/\/twincestblog.cz\/domains\/twincestblog.cz\/wp-json\/wp\/v2\/categories?post=16417"},{"taxonomy":"post_tag","embeddable":true,"href":"https:\/\/twincestblog.cz\/domains\/twincestblog.cz\/wp-json\/wp\/v2\/tags?post=16417"}],"curies":[{"name":"wp","href":"https:\/\/api.w.org\/{rel}","templated":true}]}}