{"id":16585,"date":"2008-09-12T16:30:00","date_gmt":"2008-09-12T15:30:00","guid":{"rendered":"http:\/\/twincestblog.cz\/?p=16548"},"modified":"2008-09-12T16:30:00","modified_gmt":"2008-09-12T15:30:00","slug":"nespadni","status":"publish","type":"post","link":"https:\/\/twincestblog.cz\/domains\/twincestblog.cz\/2008\/09\/12\/nespadni\/","title":{"rendered":"Nespadni..;))"},"content":{"rendered":"<div>Z MTV VMAs..jak jist\u011b v\u0161ichni v\u00edte..siln\u00fd to z\u00e1\u017eitek, p\u0159\u00edjezd na monster trucku&#8230;jak jsem \u0159ekla, moje \u010dtvrt\u00e1 smrt v \u017eivot\u011b, po za\u010d\u00e1tku v\u0161ech koncert\u016f na kterejch jsem byla, dal\u0161\u00ed \u0161ok bylo obrovsk\u00fd divn\u00fd auto, o kterym jsem netu\u0161ila, co to m\u00e1 b\u00fdt za\u010d, kdy\u017e se nad n\u00edm vyno\u0159ily obrysy Billova abstraktn\u00edho \u00fa\u010desu a rozezn\u011bla se zn\u00e1m\u00e1 melodie RSG&#8230;m\u00e1lem jsem to nep\u0159e\u017eila, a to jsem na tu televizi skoro nevid\u011bla, jak jsem byla ospal\u00e1..xD No, to je vedlej\u0161\u00ed..hlavn\u00ed je, \u017ee se tam Tom Billa takhle p\u011bkn\u011b dr\u017eel&#8230;p\u016fvodn\u011b jsem myslela, \u017ee ho dr\u017e\u00ed, aby neupad..posl\u00e9ze mi docvaklo, \u017ee se ho sp\u00ed\u0161 dr\u017eel, aby nesl\u00edtnul on s\u00e1m, ale myslim, \u017ee ani jednomu z nich to nebylo nep\u0159\u00edjemn\u00fd..;))<\/div>\n<div>taky to pos\u00edlala stra\u0161n\u00e1 spousta lid\u00ed, v\u0161em v\u00e1m d\u011bkuju, ale bohu\u017eel u\u017e nev\u00edm jm\u00e9na&#8230; Zbytek fotek z VMAs dod\u00e1m pozd\u011bji, v\u00e1\u017en\u011b te\u010f v\u016fbec nic nest\u00edh\u00e1m..=o\/<\/div>\n<div><img loading=\"lazy\" decoding=\"async\" width=\"600\" height=\"561\" title=\"1577\" alt=\"\" class=\"center\" src=\"http:\/\/twincestblog.cz\/wp-content\/uploads\/4c2039bb6a_34176280_o2.jpg\" \/><\/div>\n","protected":false},"excerpt":{"rendered":"<p>Z MTV VMAs..jak jist\u011b v\u0161ichni v\u00edte..siln\u00fd to z\u00e1\u017eitek, p\u0159\u00edjezd na monster trucku&#8230;jak jsem \u0159ekla, moje \u010dtvrt\u00e1 smrt v \u017eivot\u011b, po za\u010d\u00e1tku v\u0161ech koncert\u016f na kterejch jsem byla, dal\u0161\u00ed \u0161ok bylo obrovsk\u00fd divn\u00fd auto, o kterym jsem netu\u0161ila, co to m\u00e1 b\u00fdt za\u010d,<\/p>\n<p class=\"link-more\"><a class=\"myButt \" href=\"https:\/\/twincestblog.cz\/domains\/twincestblog.cz\/2008\/09\/12\/nespadni\/\">Read More<\/a><\/p>\n","protected":false},"author":1,"featured_media":0,"comment_status":"open","ping_status":"open","sticky":false,"template":"","format":"standard","meta":{"_exactmetrics_skip_tracking":false,"_exactmetrics_sitenote_active":false,"_exactmetrics_sitenote_note":"","_exactmetrics_sitenote_category":0,"footnotes":""},"categories":[23],"tags":[],"class_list":["post-16585","post","type-post","status-publish","format-standard","hentry","category-others-foto"],"_links":{"self":[{"href":"https:\/\/twincestblog.cz\/domains\/twincestblog.cz\/wp-json\/wp\/v2\/posts\/16585","targetHints":{"allow":["GET"]}}],"collection":[{"href":"https:\/\/twincestblog.cz\/domains\/twincestblog.cz\/wp-json\/wp\/v2\/posts"}],"about":[{"href":"https:\/\/twincestblog.cz\/domains\/twincestblog.cz\/wp-json\/wp\/v2\/types\/post"}],"author":[{"embeddable":true,"href":"https:\/\/twincestblog.cz\/domains\/twincestblog.cz\/wp-json\/wp\/v2\/users\/1"}],"replies":[{"embeddable":true,"href":"https:\/\/twincestblog.cz\/domains\/twincestblog.cz\/wp-json\/wp\/v2\/comments?post=16585"}],"version-history":[{"count":0,"href":"https:\/\/twincestblog.cz\/domains\/twincestblog.cz\/wp-json\/wp\/v2\/posts\/16585\/revisions"}],"wp:attachment":[{"href":"https:\/\/twincestblog.cz\/domains\/twincestblog.cz\/wp-json\/wp\/v2\/media?parent=16585"}],"wp:term":[{"taxonomy":"category","embeddable":true,"href":"https:\/\/twincestblog.cz\/domains\/twincestblog.cz\/wp-json\/wp\/v2\/categories?post=16585"},{"taxonomy":"post_tag","embeddable":true,"href":"https:\/\/twincestblog.cz\/domains\/twincestblog.cz\/wp-json\/wp\/v2\/tags?post=16585"}],"curies":[{"name":"wp","href":"https:\/\/api.w.org\/{rel}","templated":true}]}}