{"id":16605,"date":"2008-09-10T15:30:00","date_gmt":"2008-09-10T14:30:00","guid":{"rendered":"http:\/\/twincestblog.cz\/?p=16568"},"modified":"2008-09-10T15:30:00","modified_gmt":"2008-09-10T14:30:00","slug":"spring-nicht-2","status":"publish","type":"post","link":"https:\/\/twincestblog.cz\/domains\/twincestblog.cz\/2008\/09\/10\/spring-nicht-2\/","title":{"rendered":"Spring nicht"},"content":{"rendered":"<div>autor: <strong>Ew\u010da<\/strong><br \/>betaread: <strong>Janule<\/strong><\/div>\n<div><em>Moje prvn\u00ed TWC pov\u00eddka&#8230; Zd\u00e1 se mi trochu naivn\u00ed a hloup\u00e1, ale je na v\u00e1s, abyste to posoudili&#8230; \ud83d\ude09<\/em><\/div>\n<div>Sed\u00edm na \u017eelezn\u00e9m z\u00e1bradl\u00ed, je mokr\u00e9, studen\u00e9, skoro se boj\u00edm, \u017ee spadnu. Ale pro\u010d? S\u00e1m, bez donucen\u00ed a bez v\u011bdom\u00ed ostatn\u00edch jsem sem p\u0159i\u0161el a vylezl sem nahoru, na tohle podivn\u00e9 z\u00e1bradl\u00ed.<\/div>\n<div>Te\u010f je most m\u016fj. Je toti\u017e pr\u00e1zdn\u00fd, na kraji m\u011bsta, kam nikdo nechod\u00ed. Ani j\u00e1 zde je\u0161t\u011b nebyl. Vlastn\u011b ano &#8211; kdy\u017e jsem byl o hodn\u011b mlad\u0161\u00ed a ni\u010d\u00edm se netr\u00e1pil. Dnes jsem tu jen za jedin\u00fdm \u00fa\u010delem.<\/div>\n<div>Jak je to v t\u00e9 p\u00edsni\u010dce?<\/div>\n<div><em>Ich schrei in die Nacht f\u00fcr dich<\/em><br \/><em>Lass mich nicht im Stich<\/em><br \/><em>Spring nicht<\/em><\/div>\n<div>Kdybys tu tak opravdu byl a volal na m\u011b&#8230;<\/div>\n<hr \/>\n<div><em>Die Lichter fangen dich nicht<\/em><br \/><em>Sie betr\u00fcgen dich<\/em><br \/><em>Spring nicht<\/em><\/div>\n<div>Ano, sv\u011btla mne nechyt\u00ed, ale co\u017epak ty ano? Ty bys mohl?<br \/>Sv\u011btlo&#8230; Sv\u011btlo?! Kde se tu vzalo? Dote\u010f jsem tu sed\u011bl ve tm\u011b, v tichu, s\u00e1m, ni\u010d\u00edm neru\u0161en a te\u010f to o\u0161kliv\u00e9 sv\u011btlo ru\u0161\u00ed m\u016fj klid&#8230;<\/div>\n<div><em>Erriner dich an dich und mich<\/em><br \/><em>Die Welt da unten z\u00e4hlt nicht<\/em><br \/><em>Bitte spring nicht<\/em><\/div>\n<div>Vzpom\u00edn\u00e1m&#8230; Ano&#8230; Kr\u00e1sn\u00e9 chv\u00edle jsme spolu za\u017eili&#8230; Ale mohly by nastat je\u0161t\u011b kr\u00e1sn\u011bj\u0161\u00ed&#8230; Jen\u017ee ty nikdy nep\u0159ijdou&#8230;<br \/>Tys p\u0159ijel! A potichu brouk\u00e1\u0161 p\u00edsni\u010dku, na kterou zrovna mysl\u00edm!<\/div>\n<div><em>Spring nicht<\/em><br \/><em>Und h\u00e4lt dich das auch nicht zur\u00fcck<\/em><br \/><em>Dann spring ich f\u00fcr dich<\/em><\/div>\n<div>Sko\u010d\u00edm m\u00edsto tebe&#8230; Ne, to se nesm\u00ed st\u00e1t&#8230;<\/div>\n<div>&#8222;Tome, slez z toho z\u00e1bradl\u00ed!&#8220; sly\u0161\u00edm jako ve snu tv\u016fj hlas.<\/div>\n<div>&#8222;No tak, poj\u010f sem, ke mn\u011b&#8230;&#8220;<\/div>\n<div>&#8222;A pro\u010d? Pro\u010d bych m\u011bl?&#8220; Zrovna k tob\u011b, kdy\u017e kv\u016fli tob\u011b se tr\u00e1p\u00edm&#8230;<\/div>\n<div>&#8222;Proto\u017ee&#8230; proto\u017ee t\u011b miluju!&#8220;<\/div>\n<div>\u0160okem se skoro pust\u00edm, p\u0159inejmen\u0161\u00edm se zakym\u00e1c\u00edm a ztr\u00e1c\u00edm rovnov\u00e1hu.<\/div>\n<div>&#8222;Ne! Tome!&#8220; Jedn\u00edm skokem jsi u m\u011b a chyt\u00e1\u0161 m\u011b za ruku. Kdy\u017e zjist\u00ed\u0161, \u017ee nepad\u00e1m, trochu znerv\u00f3zn\u00ed\u0161. Z t\u00e9 bl\u00edzkosti, v jak\u00e9 nyn\u00ed jsme.<\/div>\n<div>&#8222;Bille, mysle jsi to v\u00e1\u017en\u011b?&#8220;<\/div>\n<div>&#8222;Co? \u017de t\u011b miluju? Ano, myslel, jen jsem na to nep\u0159i\u0161el a m\u00e1lem jsem t\u011b m\u011bl na sv\u011bdom\u00ed. Nev\u00edm, co bych bez tebe d\u011blal&#8230; Tak co? Sleze\u0161?&#8220;<\/div>\n<div>&#8222;Je\u0161t\u011b po\u010dkej&#8230; Jak jsi v\u011bd\u011bl, kde m\u011b najde\u0161 a pro\u010d jsi broukal zrovna tuhle p\u00edsni\u010dku?&#8220;<\/div>\n<div>&#8222;Bylo mi prost\u011b jasn\u00e9, \u017ee bude\u0161 tady. A ta p\u00edsni\u010dka? Vypl\u00fdv\u00e1 ze situace&#8230; Tak a u\u017e kone\u010dn\u011b polez dol\u016f!&#8220;<\/div>\n<div>Pomalu a co nejopatrn\u011bji se ot\u00e1\u010d\u00edm, abych mohl p\u0159el\u00e9zt zp\u00e1tky, k tob\u011b. Jen\u017ee kdy\u017e p\u0159endav\u00e1m druhou nohu, uklouznu a pad\u00e1m&#8230;<\/div>\n<div>Za mnou padaj\u00ed tv\u00e9 slzy&#8230; Je\u0161t\u011b sly\u0161\u00edm: <em>Dann spring ich f\u00fcr dich<\/em>&#8230; A v\u00edc nic&#8230; U\u017e nev\u00edm, \u017ee pad\u00e1\u0161 za mnou&#8230;<\/p>\n<p>autor: <strong>Ew\u010da<\/strong><\/div>\n","protected":false},"excerpt":{"rendered":"<p>autor: Ew\u010dabetaread: Janule Moje prvn\u00ed TWC pov\u00eddka&#8230; Zd\u00e1 se mi trochu naivn\u00ed a hloup\u00e1, ale je na v\u00e1s, abyste to posoudili&#8230; \ud83d\ude09 Sed\u00edm na \u017eelezn\u00e9m z\u00e1bradl\u00ed, je mokr\u00e9, studen\u00e9, skoro se boj\u00edm, \u017ee spadnu. Ale pro\u010d? S\u00e1m, bez donucen\u00ed a bez v\u011bdom\u00ed<\/p>\n<p class=\"link-more\"><a class=\"myButt \" href=\"https:\/\/twincestblog.cz\/domains\/twincestblog.cz\/2008\/09\/10\/spring-nicht-2\/\">Read More<\/a><\/p>\n","protected":false},"author":1,"featured_media":0,"comment_status":"open","ping_status":"open","sticky":false,"template":"","format":"standard","meta":{"_exactmetrics_skip_tracking":false,"_exactmetrics_sitenote_active":false,"_exactmetrics_sitenote_note":"","_exactmetrics_sitenote_category":0,"footnotes":""},"categories":[45],"tags":[],"class_list":["post-16605","post","type-post","status-publish","format-standard","hentry","category-ff-jednodilky"],"_links":{"self":[{"href":"https:\/\/twincestblog.cz\/domains\/twincestblog.cz\/wp-json\/wp\/v2\/posts\/16605","targetHints":{"allow":["GET"]}}],"collection":[{"href":"https:\/\/twincestblog.cz\/domains\/twincestblog.cz\/wp-json\/wp\/v2\/posts"}],"about":[{"href":"https:\/\/twincestblog.cz\/domains\/twincestblog.cz\/wp-json\/wp\/v2\/types\/post"}],"author":[{"embeddable":true,"href":"https:\/\/twincestblog.cz\/domains\/twincestblog.cz\/wp-json\/wp\/v2\/users\/1"}],"replies":[{"embeddable":true,"href":"https:\/\/twincestblog.cz\/domains\/twincestblog.cz\/wp-json\/wp\/v2\/comments?post=16605"}],"version-history":[{"count":0,"href":"https:\/\/twincestblog.cz\/domains\/twincestblog.cz\/wp-json\/wp\/v2\/posts\/16605\/revisions"}],"wp:attachment":[{"href":"https:\/\/twincestblog.cz\/domains\/twincestblog.cz\/wp-json\/wp\/v2\/media?parent=16605"}],"wp:term":[{"taxonomy":"category","embeddable":true,"href":"https:\/\/twincestblog.cz\/domains\/twincestblog.cz\/wp-json\/wp\/v2\/categories?post=16605"},{"taxonomy":"post_tag","embeddable":true,"href":"https:\/\/twincestblog.cz\/domains\/twincestblog.cz\/wp-json\/wp\/v2\/tags?post=16605"}],"curies":[{"name":"wp","href":"https:\/\/api.w.org\/{rel}","templated":true}]}}