{"id":16708,"date":"2008-08-31T18:30:00","date_gmt":"2008-08-31T17:30:00","guid":{"rendered":"http:\/\/twincestblog.cz\/?p=16671"},"modified":"2008-08-31T18:30:00","modified_gmt":"2008-08-31T17:30:00","slug":"keep-your-hands-off-my-boy-4","status":"publish","type":"post","link":"https:\/\/twincestblog.cz\/domains\/twincestblog.cz\/2008\/08\/31\/keep-your-hands-off-my-boy-4\/","title":{"rendered":"Keep your hands off my boy 4."},"content":{"rendered":"<div>autor: <strong>Anett483<\/strong><br \/>betaread: <strong>Janule<\/strong><\/div>\n<div>TOM<\/p>\n<p>&#8222;Jsi v pohod\u011b?&#8220; D\u00edv\u00e1m se n\u011bj, kdy\u017e pomalu sch\u00e1z\u00ed schody&#8230;<br \/>&#8222;Jo&#8230; jasn\u011b&#8230;&#8220; jen kejvne hlavou, kterou n\u00e1sledn\u011b rad\u0161i sklop\u00ed k zemi, asi abych si nev\u0161iml jeho rozmazan\u00fdch l\u00ed\u010didel, kter\u00e9 mu samovoln\u011b te\u010dou po tv\u00e1\u0159\u00edch. Jen p\u0159e\u0161l\u00e1pnu na m\u00edst\u011b, proto\u017ee tak n\u011bjak nev\u00edm, co se bude d\u00edt&#8230; Jestli je mu to v\u00e1\u017en\u011b tak l\u00edto, asi bych ho m\u011bl nechat o samot\u011b, proto\u017ee na slova \u00fat\u011bchy j\u00e1 zrovna odborn\u00edk nejsem a jsem tu hlavn\u011b kv\u016fli dou\u010dov\u00e1n\u00ed.<\/div>\n<div>&#8222;Sedni si&#8230;&#8220; \u0159ekne mi po chvilce a m\u011b je najednou n\u011bjak divn\u011b. M\u00e1m stra\u0161nou chu\u0165 se ho zeptat, co ten rozhovor s jeho otcem m\u011bl znamenat, a taky pro\u010d se z n\u011bj vypa\u0159ila v\u0161echna ta \u00b4agrese\u00b4, se kterou mi otev\u00edral dve\u0159e, ale asi to rad\u0161i nech\u00e1m plavat. Ta moje zv\u011bdavost se mi u\u017e hodn\u011bkr\u00e1t vymstila. Jen kdy\u017e si vzpomenu na tu facku, kterou sem dostal od m\u00e1my jen kv\u016fli tomu, \u017ee sem se j\u00ed zeptal na t\u00e1tu a na br\u00e1chu. Rad\u0161i budu ml\u010det. Bill zase na chv\u00edli odb\u011bhne a vr\u00e1t\u00ed se a j\u00e1 ho poprv\u00e9 vid\u00edm bez make-upu. D\u00edv\u00e1m se na n\u011bj s otev\u0159enou pusou. Je mnohem kr\u00e1sn\u011bj\u0161\u00ed a p\u016fsob\u00ed jemn\u011bji, rad\u0161i se pod\u00edv\u00e1m jinam. Postav\u00ed p\u0159ede m\u011b plechovku s colou a sedne si vedle m\u011b. Je mimo&#8230; Sakra, co m\u00e1m d\u011blat?<br \/>&#8222;Hele, Bille, jestli dneska nem\u00e1\u0161 n\u00e1ladu na dou\u010dov\u00e1n\u00ed, tak klidn\u011b \u0159ekni a j\u00e1 p\u0159ijdu jindy&#8230;&#8220; V\u00edm, \u017ee se ta p\u00edsemka p\u00ed\u0161e v pond\u011bl\u00ed, a \u017ee dneska je u\u017e sobota, ale kdy\u017e vid\u00edm, \u017ee m\u011b v\u016fbec nevn\u00edm\u00e1, a \u017ee ho ten hovor s jeho otcem takhle vzal, tak bych ho v\u00e1\u017en\u011b necht\u011bl otravovat. Po chvilce na m\u011b oto\u010d\u00ed svoji hlavu a pod\u00edv\u00e1 se na m\u011b s uslzen\u00fdma o\u010dima. Z toho pohledu m\u011b a\u017e p\u00edchlo u srd\u00ed\u010dka, jako bych snad uc\u00edtil tu jeho bolest.<\/div>\n<hr \/>\n<div>&#8222;Promi\u0148, Tome&#8230; j\u00e1&#8230; moc m\u011b to mrz\u00ed&#8230;&#8220; d\u00e1 si hlavu do dlan\u00ed a za\u010dne bre\u010det. P\u0159ece tady nem\u016f\u017eu jen tak sed\u011bt&#8230; Sednu si bl\u00ed\u017e k n\u011bmu a pohladim ho na z\u00e1dech&#8230;<\/div>\n<div>&#8222;Co se stalo?&#8220; zept\u00e1m se ho, proto\u017ee m\u011b to v\u00e1\u017en\u011b hodn\u011b zaj\u00edm\u00e1.<br \/>&#8222;On mi sl\u00edbil, \u017ee p\u0159ijede, ale nep\u0159ijede&#8230; Zase mi lhal&#8230;&#8220; rozbre\u010d\u00ed se je\u0161t\u011b v\u00edc a padne mi do n\u00e1ru\u010de. Tak n\u011bjak zkamen\u00edm&#8230; Tohle se mi je\u0161t\u011b nestalo&#8230; Od Billa bych tohle teda ne\u010dekal. Myslel sem, \u017ee on je siln\u00e1 osoba, ale \u017ee mi padne do n\u00e1ru\u010de a bude bre\u010det &#8211; to sem v\u00e1\u017en\u011b ne\u010dekal, od n\u011bj ne&#8230;<\/div>\n<div>BILL<\/p>\n<p>V\u00e1\u017en\u011b u\u017e to nezvl\u00e1d\u00e1m. Sice je blb\u00fd bre\u010det zrovna p\u0159ed Tomem, ale nejde to vydr\u017eet. D\u00e1l Tomovi bre\u010d\u00edm do mikiny a on m\u011b hlad\u00ed na z\u00e1dech&#8230; Ani si n\u011bjak neuv\u011bdom\u00edm, \u017ee sem ho je\u0161t\u011b p\u0159ed chvilkou nen\u00e1vid\u011bl, ale kdy\u017e je \u010dlov\u011bk na dn\u011b, je mu jedno jestli bre\u010d\u00ed na rameni p\u0159\u00edtele nebo nep\u0159\u00edtele&#8230; Ten pl\u00e1\u010d m\u011b n\u011bjak unavil a j\u00e1 sem usnul&#8230;<\/p>\n<p>Probud\u00ed m\u011b n\u00e1dhern\u00e1 v\u016fn\u011b. Pomalu otev\u0159u o\u010di a zjist\u00edm, \u017ee venku je u\u017e tma. Pod\u00edv\u00e1m se po pokoji. P\u0159es sebe m\u00e1m hozenou deku&#8230; N\u011bjak mi to nah\u00e1n\u00ed strach. Mysl\u00edm tu v\u016fni, kter\u00e1 se tak line z kuchyn\u011b. T\u00e1ta p\u0159eci nen\u00ed doma. Najednou mi to docvakne&#8230; Tom! Nejrad\u0161i bych se do toho gau\u010de zavrtal! Kdy\u017e si vzpomenu, \u017ee sem p\u0159ed n\u00edm bre\u010del&#8230; U dve\u0159\u00ed je vid\u011bt jen slab\u00fd pruh sv\u011btla, kter\u00fd zp\u016fsobuje sv\u011btlo z kuchyn\u011b. Dod\u00e1m si odvahu a vyhrabu se na nohy&#8230; Pro\u010d m\u00e1m vlastn\u011b takovej strach? Sem p\u0159ece doma&#8230; Vejdu do kuchyn\u011b a naskytne se mi \u0161\u00edlenej pohled! Bu\u010fto je\u0161t\u011b spim nebo sem zfetovanej! P\u0159ede mnou stoj\u00ed Tom, kolem pasu m\u00e1 z\u00e1st\u011bru s hrd\u00fdm n\u00e1pisem &#8222;Dnes va\u0159\u00edm j\u00e1!&#8220;, kterou nos\u00ed v\u017edycky t\u00e1ta, kdy\u017e je teda doma, a pr\u00e1v\u011b d\u011bl\u00e1 n\u011bco, co \u00fapln\u011b bo\u017esky von\u00ed. Nev\u0161iml si m\u011b\u2026 Nepatrn\u011b zaka\u0161lu a on zvedne sv\u016fj pohled od hrnce ke mn\u011b.<\/p><\/div>\n<div>&#8222;U\u017e je ti l\u00edp?&#8220; zept\u00e1 se m\u011b. Jen k\u00fdvnu a sednu si ke stolu. Oto\u010d\u00edm se a kouknu se na hodiny. Je p\u0159esn\u011b 9 ve\u010der. Spal sem hodn\u011b dlouho.<\/div>\n<div>&#8222;Za chvilku to bude&#8230;&#8220; \u0159ekne mi jen a d\u00e1l si m\u011b nev\u0161\u00edm\u00e1. Jen sed\u00edm a kouk\u00e1m p\u0159ed sebe&#8230; Po chvilce p\u0159ede mnou p\u0159istane vrchovat\u00fd tal\u00ed\u0159 \u0161paget s n\u011bjakou om\u00e1\u010dkou.<\/div>\n<div>&#8222;Nev\u00edm, jestli se to bude d\u00e1t j\u00edst, ale sna\u017eil sem se&#8230;&#8220; Podle t\u00fd v\u016fn\u011b to bude hodn\u011b dobr\u00fd. Jen k\u00fdvnu, \u017ee ch\u00e1pu a pop\u0159ejeme si dobrou chu\u0165 a pust\u00edme se do j\u00eddla. P\u0159izn\u00e1m se, \u017ee kdyby mi nebylo, tak jak mi je, tak mu vynad\u00e1m, co tady je\u0161t\u011b d\u011bl\u00e1 a po\u0161lu ho pry\u010d. Ale j\u00e1 sem r\u00e1d, \u017ee tu nemus\u00edm b\u00fdt s\u00e1m, tak\u017ee v\u00fd\u010ditky nech\u00e1m na jindy. Nav\u00edc, kdy\u017e je se mnou, m\u00e1m takov\u00fd pocit, kter\u00fd nedok\u00e1\u017eu popsat&#8230;<\/div>\n<div>Zaj\u00edmalo by m\u011b, co si te\u010f mysl\u00ed on. Nen\u00ed na m\u011b ani hnusnej. T\u0159eba m\u011b te\u010f vid\u00ed jen jako chud\u00e1ka. Nevim co si mysl\u00ed, ale r\u00e1d bych to v\u011bd\u011bl. Sem r\u00e1d, \u017ee tu z\u016fstal&#8230;<\/div>\n<div>&#8222;Bylo to dobr\u00fd\u2026&#8220; \u0159eknu, kdy\u017e doj\u00edme a d\u00e1v\u00e1m tal\u00ed\u0159e do my\u010dky.<\/div>\n<div>&#8222;D\u00edky\u2026&#8220; \u0159ekne a \u010dte si SMSku, kter\u00e1 mu p\u0159ed chv\u00edl\u00ed p\u0159i\u0161la.<\/div>\n<div>&#8222;U\u017e mus\u00edm j\u00edt&#8230;&#8220; \u0159ekne mi a za\u010dne se obl\u00edkat. Sem zoufalej. Tak moc bych cht\u011bl, aby tu se mnou z\u016fstal. U\u017e mi to v\u00e1\u017en\u011b vad\u00ed tady b\u00fdt s\u00e1m. Ani nepo\u010d\u00edt\u00e1m kolik\u00e1t\u00fd u\u017e to je ve\u010der. Je mi jedno, jestli se mi za ten n\u00e1vrh bude sm\u00e1t nebo m\u011b bude pova\u017eovat za bl\u00e1zna, ale zkusit to m\u016f\u017eu.<\/div>\n<div>&#8222;Necht\u011bl by si tu se mnou z\u016fstat? Pros\u00edm\u2026&#8220; zept\u00e1m se ho a \u010dek\u00e1m na jeho reakci&#8230;<\/p>\n<p>autor: <strong>Anett483<\/strong><\/div>\n","protected":false},"excerpt":{"rendered":"<p>autor: Anett483betaread: Janule TOM &#8222;Jsi v pohod\u011b?&#8220; D\u00edv\u00e1m se n\u011bj, kdy\u017e pomalu sch\u00e1z\u00ed schody&#8230;&#8222;Jo&#8230; jasn\u011b&#8230;&#8220; jen kejvne hlavou, kterou n\u00e1sledn\u011b rad\u0161i sklop\u00ed k zemi, asi abych si nev\u0161iml jeho rozmazan\u00fdch l\u00ed\u010didel, kter\u00e9 mu samovoln\u011b te\u010dou po tv\u00e1\u0159\u00edch. Jen p\u0159e\u0161l\u00e1pnu na m\u00edst\u011b, proto\u017ee<\/p>\n<p class=\"link-more\"><a class=\"myButt \" href=\"https:\/\/twincestblog.cz\/domains\/twincestblog.cz\/2008\/08\/31\/keep-your-hands-off-my-boy-4\/\">Read More<\/a><\/p>\n","protected":false},"author":1,"featured_media":0,"comment_status":"open","ping_status":"open","sticky":false,"template":"","format":"standard","meta":{"_exactmetrics_skip_tracking":false,"_exactmetrics_sitenote_active":false,"_exactmetrics_sitenote_note":"","_exactmetrics_sitenote_category":0,"footnotes":""},"categories":[282],"tags":[],"class_list":["post-16708","post","type-post","status-publish","format-standard","hentry","category-keep-your-hands-off-my-boy"],"_links":{"self":[{"href":"https:\/\/twincestblog.cz\/domains\/twincestblog.cz\/wp-json\/wp\/v2\/posts\/16708","targetHints":{"allow":["GET"]}}],"collection":[{"href":"https:\/\/twincestblog.cz\/domains\/twincestblog.cz\/wp-json\/wp\/v2\/posts"}],"about":[{"href":"https:\/\/twincestblog.cz\/domains\/twincestblog.cz\/wp-json\/wp\/v2\/types\/post"}],"author":[{"embeddable":true,"href":"https:\/\/twincestblog.cz\/domains\/twincestblog.cz\/wp-json\/wp\/v2\/users\/1"}],"replies":[{"embeddable":true,"href":"https:\/\/twincestblog.cz\/domains\/twincestblog.cz\/wp-json\/wp\/v2\/comments?post=16708"}],"version-history":[{"count":0,"href":"https:\/\/twincestblog.cz\/domains\/twincestblog.cz\/wp-json\/wp\/v2\/posts\/16708\/revisions"}],"wp:attachment":[{"href":"https:\/\/twincestblog.cz\/domains\/twincestblog.cz\/wp-json\/wp\/v2\/media?parent=16708"}],"wp:term":[{"taxonomy":"category","embeddable":true,"href":"https:\/\/twincestblog.cz\/domains\/twincestblog.cz\/wp-json\/wp\/v2\/categories?post=16708"},{"taxonomy":"post_tag","embeddable":true,"href":"https:\/\/twincestblog.cz\/domains\/twincestblog.cz\/wp-json\/wp\/v2\/tags?post=16708"}],"curies":[{"name":"wp","href":"https:\/\/api.w.org\/{rel}","templated":true}]}}