{"id":16867,"date":"2008-08-22T17:30:00","date_gmt":"2008-08-22T16:30:00","guid":{"rendered":"http:\/\/twincestblog.cz\/?p=16830"},"modified":"2008-08-22T17:30:00","modified_gmt":"2008-08-22T16:30:00","slug":"kdo-se-prvni-ozeni-x","status":"publish","type":"post","link":"https:\/\/twincestblog.cz\/domains\/twincestblog.cz\/2008\/08\/22\/kdo-se-prvni-ozeni-x\/","title":{"rendered":"Kdo se prvn\u00ed o\u017een\u00ed..x)"},"content":{"rendered":"<div>Zaj\u00edmav\u00fd ot\u00e1zky z toho VIP chatu&#8230;nech\u00e1pu, \u017ee jsem to sem je\u0161t\u011b nedala, myslela jsem na to, hned jak to Bill odeslal..xD \u00dapln\u011b ho vidim, jak to p\u00ed\u0161e&#8230;tak soust\u0159ed\u011bn\u011b&#8230;s t\u011bma jeho dlouhejma neht\u00edkama..xD No nic&#8230;v ot\u00e1zce \u010d\u00edslo jedna maj oba pravdu, proto\u017ee si vezmou jeden druh\u00fdho a budou m\u00edt velkej bar\u00e1k a psa a ko\u010dku..xD (d\u011bti vynechme..xD) A ta druh\u00e1&#8230;no, pro\u010d to nep\u0159ipomenout, \u017ee .. ? zaj\u00edmalo by m\u011b, co to bylo za nemravnej sen..xD Zp\u011btn\u011b pos\u00edlala Anna, d\u011bkuji..x)) \u00b0\u00b0\u00b0\u00b0 Mishka: V\u0161ichni &#8211; Kdo si kluci mysl\u00edte, \u017ee se prvn\u00ed usad\u00ed a o\u017een\u00ed. Bill: Tom. Tom: Bill. Emma: Bille, jak\u00fd jsi m\u011bl nej\u0161\u00edlen\u011bj\u0161\u00ed sen? Vrat\u00edte se taky kluci brzy do USA? R\u00e1da bych \u0161la na v\u00e1\u0161 koncert, sly\u0161ela jsem, \u017ee je to \u00fa\u017easn\u00fd. Bill: Sn\u00edm hodn\u011b, ale mezi ty nej\u0161\u00edlen\u011bj\u0161\u00ed pat\u0159\u00ed to, kdy\u017e j\u00e1 a Tom jsme m\u011bli stejn\u00fd sen, ve stejnou noc, kdy\u017e jsme byli mlad\u0161\u00ed.<\/div>\n","protected":false},"excerpt":{"rendered":"<p>Zaj\u00edmav\u00fd ot\u00e1zky z toho VIP chatu&#8230;nech\u00e1pu, \u017ee jsem to sem je\u0161t\u011b nedala, myslela jsem na to, hned jak to Bill odeslal..xD \u00dapln\u011b ho vidim, jak to p\u00ed\u0161e&#8230;tak soust\u0159ed\u011bn\u011b&#8230;s t\u011bma jeho dlouhejma neht\u00edkama..xD No nic&#8230;v ot\u00e1zce \u010d\u00edslo jedna maj oba pravdu, proto\u017ee si<\/p>\n<p class=\"link-more\"><a class=\"myButt \" href=\"https:\/\/twincestblog.cz\/domains\/twincestblog.cz\/2008\/08\/22\/kdo-se-prvni-ozeni-x\/\">Read More<\/a><\/p>\n","protected":false},"author":1,"featured_media":0,"comment_status":"open","ping_status":"open","sticky":false,"template":"","format":"standard","meta":{"_exactmetrics_skip_tracking":false,"_exactmetrics_sitenote_active":false,"_exactmetrics_sitenote_note":"","_exactmetrics_sitenote_category":0,"footnotes":""},"categories":[29],"tags":[],"class_list":["post-16867","post","type-post","status-publish","format-standard","hentry","category-interviews"],"_links":{"self":[{"href":"https:\/\/twincestblog.cz\/domains\/twincestblog.cz\/wp-json\/wp\/v2\/posts\/16867","targetHints":{"allow":["GET"]}}],"collection":[{"href":"https:\/\/twincestblog.cz\/domains\/twincestblog.cz\/wp-json\/wp\/v2\/posts"}],"about":[{"href":"https:\/\/twincestblog.cz\/domains\/twincestblog.cz\/wp-json\/wp\/v2\/types\/post"}],"author":[{"embeddable":true,"href":"https:\/\/twincestblog.cz\/domains\/twincestblog.cz\/wp-json\/wp\/v2\/users\/1"}],"replies":[{"embeddable":true,"href":"https:\/\/twincestblog.cz\/domains\/twincestblog.cz\/wp-json\/wp\/v2\/comments?post=16867"}],"version-history":[{"count":0,"href":"https:\/\/twincestblog.cz\/domains\/twincestblog.cz\/wp-json\/wp\/v2\/posts\/16867\/revisions"}],"wp:attachment":[{"href":"https:\/\/twincestblog.cz\/domains\/twincestblog.cz\/wp-json\/wp\/v2\/media?parent=16867"}],"wp:term":[{"taxonomy":"category","embeddable":true,"href":"https:\/\/twincestblog.cz\/domains\/twincestblog.cz\/wp-json\/wp\/v2\/categories?post=16867"},{"taxonomy":"post_tag","embeddable":true,"href":"https:\/\/twincestblog.cz\/domains\/twincestblog.cz\/wp-json\/wp\/v2\/tags?post=16867"}],"curies":[{"name":"wp","href":"https:\/\/api.w.org\/{rel}","templated":true}]}}