{"id":16875,"date":"2008-08-21T18:00:00","date_gmt":"2008-08-21T17:00:00","guid":{"rendered":"http:\/\/twincestblog.cz\/?p=16838"},"modified":"2008-08-21T18:00:00","modified_gmt":"2008-08-21T17:00:00","slug":"past-na-rodice-1","status":"publish","type":"post","link":"https:\/\/twincestblog.cz\/domains\/twincestblog.cz\/2008\/08\/21\/past-na-rodice-1\/","title":{"rendered":"Past na rodi\u010de 1."},"content":{"rendered":"<div>autor: <strong>Adella Kaulitz<br \/><\/strong> betaread: <strong>Janule<\/strong><\/div>\n<div>,,J\u00e1 t\u011b u\u0161krt\u00edm, Kaulitzi!&#8220;<\/div>\n<div>,,Nesn\u00e1\u0161\u00edm t\u011b, Tr\u00fcmpere!&#8220;<\/div>\n<div>,,Kaulitzi! Ty buzno!&#8220;<\/div>\n<div>,,Jsi d\u011bvka, Tr\u00fcmpere!&#8220;<\/div>\n<div>,,Cos to \u0159ekl?!&#8220;<\/div>\n<div>,,D\u011bvko!&#8220;<\/div>\n<div>PL\u00c9\u00c9\u00c9SK!!!<\/div>\n<div>Dva 16ti let\u00ed chlapci, kte\u0159\u00ed je\u0161t\u011b p\u0159ed chvili\u010dkou v j\u00eddeln\u011b na sebe pok\u0159ikovali ur\u00e1\u017eky a nad\u00e1vky, se te\u010f v\u00e1leli na zemi a za povzbuzov\u00e1n\u00ed okoln\u00edch d\u011bt\u00ed z letn\u00edho t\u00e1bora, se ml\u00e1tili hlava nehlava a sna\u017eili se toho druh\u00e9ho d\u00e1t na lopatky.<\/div>\n<hr \/>\n<div>,,Vypad\u00e1\u0161 jak holka!&#8220; K\u0159i\u010del dredat\u00fd klu\u010dina, kter\u00fd pr\u00e1v\u011b kle\u010del na hrudi sv\u00e9mu \u010dernovlas\u00e9mu soupe\u0159i.<\/div>\n<div>,,A ty se jako holka pere\u0161!&#8220; Vr\u00e1til mu \u010dernovlasej ur\u00e1\u017eku a okam\u017eit\u011b si vym\u011bnili pozice.<\/div>\n<div>,,Bude\u0161 litovat, \u017ees to \u0159ekl, ty modelko!&#8220;<\/div>\n<div>,,U\u017e se t\u0159esu zaostal\u010de!&#8220;<\/div>\n<div>,,KAULITZI! TR\u00dcMPERE!&#8220; J\u00eddelnou se rozlehl p\u0159\u00edsn\u00fd hlas hlavn\u00ed vedouc\u00ed t\u00e1bora, pan\u00ed Richterrov\u00e9, kter\u00fd p\u0159ehlu\u0161il i okoln\u00ed v\u0159avu d\u011bt\u00ed. V\u0161ichni ztichli. Dokonce i oba kluci se pod\u00edvali sm\u011brem k t\u00e9 mal\u00e9 star\u00e9 ochechuli.<\/div>\n<div>Pani Richterrov\u00e1 do\u0161la rychl\u00fdm krokem a\u017e k nim.<\/div>\n<div>,,Zvedn\u011bte se z t\u00e9 zem\u011b!&#8220; p\u0159ik\u00e1zala. Kluci se nevrle postavili a propalovali se nen\u00e1vistn\u00fdm pohledem.<\/div>\n<div>,,Tento t\u00fdden je to u\u017e po osm\u00e9! Copak spolu nem\u016f\u017eete p\u0159estat v\u00e1l\u010dit alespo\u0148 jeden den?!&#8220;<\/div>\n<div>,,Ale pan\u00ed Richterrov\u00e1, Tr\u00fcmper si za\u010da&#8230;&#8220;<\/div>\n<div>,,Nechci sly\u0161et \u017e\u00e1dn\u00e1 &#8218;ale&#8216;, Bille! P\u016fjdete na t\u00fdden na samotku!&#8220;<\/div>\n<div>,,Co\u017ee?!&#8220; \u010dernovlas\u00fd chlapec&#8230; Bill&#8230; na ni vyvalil svoje \u010dokol\u00e1dov\u00e9, \u010dern\u011b nal\u00ed\u010den\u00e9 o\u010di. Dred\u00e1\u010d se v\u00edt\u011bzoslavn\u011b uchechtl a set\u0159el si pot\u016f\u010dek krve, vyt\u00e9kaj\u00edc\u00ed z jeho natr\u017een\u00e9ho rtu. Kdy\u017e v\u0161ak na n\u011bj vedouc\u00ed pohl\u00e9dla p\u0159\u00edsn\u00fdm pohledem, zmlkl.<\/div>\n<div>,,A vy p\u016fjdete s n\u00edm, Tome. A\u0165 si na sebe hezky zvyknete,&#8220; rozhodla a v\u00edt\u011bzn\u011b se na oba usm\u00e1la.<\/div>\n<div>To u\u017e nevydr\u017eeli oba chlapci a za\u010dali se jeden p\u0159es druh\u00e9ho obhajovat.<\/div>\n<div>,,Ale pan\u00ed Richterrov\u00e1, Kaulitz si za\u010dal!&#8220;<\/div>\n<div>,,To nen\u00ed pr\u00e1vda! Tr\u00fcmper m\u011b provokoval!&#8220;<\/div>\n<div>,,Nene! J\u00e1 nem\u016f\u017eu za to, \u017ee je Kaulitz buz&#8230; teplej!&#8220;<\/div>\n<div>,,J\u00e1 teplej nejsem, ty idiote!&#8220;<\/div>\n<div>,,TICHO!!! NA SAMOTKU! OBA DVA!&#8220;<\/div>\n<div>**********<\/div>\n<div>,,To si d\u011blaj prdel! Je tu jen jedna postel?!&#8220; Bill se rozhl\u00ed\u017eel po mal\u00e9 m\u00edstn\u016fstce v t\u00e9 nejmen\u0161\u00ed chatce na okraji les\u00edka, na pozemku letn\u00edho d\u011btsk\u00e9ho t\u00e1bora.<\/div>\n<div>,,P\u0159esn\u011b, Kaulitzi. Aspo\u0148 si zvykne\u0161 sp\u00e1t na zemi!&#8220; R\u00fdpnul si do n\u011bj Tom a hodil sv\u016fj b\u00e1gl s v\u011bcma na postel.<\/div>\n<div>Bill ho p\u0159ejel opovr\u017eliv\u00fdm pohledem. ,,Tak na to zapome\u0148, Tr\u00fcmpere.&#8220; Jedn\u00edm ladn\u00fdm m\u00e1vnut\u00edm rukou shodil Tr\u00fcmper\u016fv batoh z postele a pohodln\u011b se na ni usadil.<\/div>\n<div>Tom se na n\u011bj nen\u00e1vistn\u011b pod\u00edval. Pot\u00e9 se vyto\u010den\u011b usm\u00e1l, chytil Billa za l\u00edmec a p\u0159it\u00e1hl si ho k sob\u011b. ,,Kdy\u017e to nejde po dobr\u00e9m&#8230;&#8220; mrskl s n\u00edm o zem. Mrskl s n\u00edm tak hrub\u011b, \u017ee se Kaulitz pra\u0161til hlavou o roh stolu.<\/div>\n<div>,,Aaau! Ty parchante! V\u00ed\u0161 jak to bol\u00ed?!&#8220;<\/div>\n<div>Tom se jen pobaven\u011b usm\u00e1l a zakroutil hlavou.<\/div>\n<div>Jen\u017ee Bill nebyl jedn\u00edm s t\u011bch, co si nechaj\u00ed ur\u00e1\u017eky a ubli\u017eov\u00e1n\u00ed l\u00edbit. Proto vstal, ladn\u011b do\u0161el a\u017e k Tr\u00fcmperovi a pot\u00e9 se na n\u011bj nel\u00edtostn\u011b vrhl.<\/div>\n<div>Prali se jako o \u017eivot, nel\u00edtostn\u011b si u\u0161t\u011bd\u0159ovali jednu r\u00e1nu za druhou. Jen\u017ee, jeliko\u017e byl Bill huben\u011bj\u0161\u00ed a i kdy\u017e mr\u0161tn\u011bj\u0161\u00ed, p\u0159esto v\u0161ak slab\u0161\u00ed ne\u017e Tom, bylo rozhodnuto. Po nel\u00edtostn\u00e9m boji musel sp\u00e1t na zemi.<\/div>\n<div>Ale byl to p\u0159ece jenom hrd\u00fd hoch. Z nosem naho\u0159e vyt\u00e1hl sv\u016fj spac\u00e1k z bat\u016f\u017eku a ustlal si na nejm\u011bk\u010d\u00edm m\u00edste\u010dku na podlaze, co\u017e bylo pro jeho pot\u011b\u0161en\u00ed, co nejd\u00e1l od Tr\u00fcmpera.<\/div>\n<div>Bez jedin\u00e9ho slova se oba p\u0159evl\u00e9kli do py\u017eama, co\u017e pro oba znamenalo jen spodn\u00ed pr\u00e1dlo, zabalili se do spac\u00edch pytl\u016f a pomalu us\u00ednali.<\/p>\n<p>autor: <strong>Adella Kaulitz<\/strong><\/div>\n","protected":false},"excerpt":{"rendered":"<p>autor: Adella Kaulitz betaread: Janule ,,J\u00e1 t\u011b u\u0161krt\u00edm, Kaulitzi!&#8220; ,,Nesn\u00e1\u0161\u00edm t\u011b, Tr\u00fcmpere!&#8220; ,,Kaulitzi! Ty buzno!&#8220; ,,Jsi d\u011bvka, Tr\u00fcmpere!&#8220; ,,Cos to \u0159ekl?!&#8220; ,,D\u011bvko!&#8220; PL\u00c9\u00c9\u00c9SK!!! Dva 16ti let\u00ed chlapci, kte\u0159\u00ed je\u0161t\u011b p\u0159ed chvili\u010dkou v j\u00eddeln\u011b na sebe pok\u0159ikovali ur\u00e1\u017eky a nad\u00e1vky, se te\u010f v\u00e1leli<\/p>\n<p class=\"link-more\"><a class=\"myButt \" href=\"https:\/\/twincestblog.cz\/domains\/twincestblog.cz\/2008\/08\/21\/past-na-rodice-1\/\">Read More<\/a><\/p>\n","protected":false},"author":1,"featured_media":0,"comment_status":"open","ping_status":"open","sticky":false,"template":"","format":"standard","meta":{"_exactmetrics_skip_tracking":false,"_exactmetrics_sitenote_active":false,"_exactmetrics_sitenote_note":"","_exactmetrics_sitenote_category":0,"footnotes":""},"categories":[161],"tags":[],"class_list":["post-16875","post","type-post","status-publish","format-standard","hentry","category-past-na-rodice"],"_links":{"self":[{"href":"https:\/\/twincestblog.cz\/domains\/twincestblog.cz\/wp-json\/wp\/v2\/posts\/16875","targetHints":{"allow":["GET"]}}],"collection":[{"href":"https:\/\/twincestblog.cz\/domains\/twincestblog.cz\/wp-json\/wp\/v2\/posts"}],"about":[{"href":"https:\/\/twincestblog.cz\/domains\/twincestblog.cz\/wp-json\/wp\/v2\/types\/post"}],"author":[{"embeddable":true,"href":"https:\/\/twincestblog.cz\/domains\/twincestblog.cz\/wp-json\/wp\/v2\/users\/1"}],"replies":[{"embeddable":true,"href":"https:\/\/twincestblog.cz\/domains\/twincestblog.cz\/wp-json\/wp\/v2\/comments?post=16875"}],"version-history":[{"count":0,"href":"https:\/\/twincestblog.cz\/domains\/twincestblog.cz\/wp-json\/wp\/v2\/posts\/16875\/revisions"}],"wp:attachment":[{"href":"https:\/\/twincestblog.cz\/domains\/twincestblog.cz\/wp-json\/wp\/v2\/media?parent=16875"}],"wp:term":[{"taxonomy":"category","embeddable":true,"href":"https:\/\/twincestblog.cz\/domains\/twincestblog.cz\/wp-json\/wp\/v2\/categories?post=16875"},{"taxonomy":"post_tag","embeddable":true,"href":"https:\/\/twincestblog.cz\/domains\/twincestblog.cz\/wp-json\/wp\/v2\/tags?post=16875"}],"curies":[{"name":"wp","href":"https:\/\/api.w.org\/{rel}","templated":true}]}}