{"id":16927,"date":"2008-08-17T14:00:00","date_gmt":"2008-08-17T13:00:00","guid":{"rendered":"http:\/\/twincestblog.cz\/?p=16889"},"modified":"2008-08-17T14:00:00","modified_gmt":"2008-08-17T13:00:00","slug":"navzdy-2","status":"publish","type":"post","link":"https:\/\/twincestblog.cz\/domains\/twincestblog.cz\/2008\/08\/17\/navzdy-2\/","title":{"rendered":"Nav\u017edy"},"content":{"rendered":"<div>L\u00edbat tv\u00e9 rty,<\/p>\n<p>je jako ochutnat nejslad\u0161\u00ed med.<\/p>\n<p>P\u0159ivon\u011bt k tv\u00fdm vlas\u016fm,<\/p>\n<p>zd\u00e1 se mi jako \u00fa\u010del \u017eit\u00ed.<\/p>\n<p>Poslouchat tv\u016fj hlas,<\/p>\n<p>zas a zas a mohl bych zem\u0159\u00edt.<\/p>\n<p>Je\u0161t\u011b ne,<\/p>\n<p>v\u0161ak je\u0161t\u011b neodch\u00e1z\u00edm,<\/p>\n<p>neopou\u0161t\u00edm tvou p\u016fvabnou tv\u00e1\u0159.<\/p>\n<p>Ta je d\u016fvodem,<\/p>\n<p>ta je p\u0159\u00ed\u010dinou,<\/p>\n<p>pro\u010d tu je\u0161t\u011b jsem.<\/p>\n<p>Ach Bille,<\/p>\n<p>byls mi dobr\u00fdm bratrem,<\/p>\n<p>miluj\u00edc\u00edm dvoj\u010detem.<\/p>\n<p>Av\u0161ak co mi d\u00e1v\u00e1\u0161 te\u010f,<\/p>\n<p>je je\u0161t\u011b lep\u0161\u00ed,<\/p>\n<p>je\u0161t\u011b slad\u0161\u00ed,<\/p>\n<p>ne\u017e na\u0161e n\u011bkdej\u0161\u00ed sourozeneck\u00e1 l\u00e1ska.<\/p>\n<p>Te\u010f to nen\u00ed l\u00e1ska,<\/p>\n<p>je to posedlost,<\/p>\n<p>nejkr\u00e1sn\u011bj\u0161\u00ed z\u00e1vislost,<\/p>\n<p>ze kter\u00e9 se ned\u00e1 vyl\u00e9\u010dit,<\/p>\n<p>ze kter\u00e9 se d\u00e1 ut\u00e9ct jen odchodem tam,<\/p>\n<p>Ale ani samotn\u00e1 smrt n\u00e1s nedok\u00e1\u017ee rozd\u011blit.<\/p>\n<p>Nav\u017edy spolu,<\/p>\n<p>nav\u017edy Tv\u016fj&#8230;<\/p>\n<p>TOM.<\/p><\/div>\n<div>autor: <strong>Cam\u00edlek F\u00fcggner (Billa)<br \/><\/strong>betaread: <strong>Janule<\/strong><\/div>\n<div><strong><br \/><\/strong><\/div>\n","protected":false},"excerpt":{"rendered":"<p>L\u00edbat tv\u00e9 rty, je jako ochutnat nejslad\u0161\u00ed med. P\u0159ivon\u011bt k tv\u00fdm vlas\u016fm, zd\u00e1 se mi jako \u00fa\u010del \u017eit\u00ed. Poslouchat tv\u016fj hlas, zas a zas a mohl bych zem\u0159\u00edt. Je\u0161t\u011b ne, v\u0161ak je\u0161t\u011b neodch\u00e1z\u00edm, neopou\u0161t\u00edm tvou p\u016fvabnou tv\u00e1\u0159. Ta je d\u016fvodem, ta je<\/p>\n<p class=\"link-more\"><a class=\"myButt \" href=\"https:\/\/twincestblog.cz\/domains\/twincestblog.cz\/2008\/08\/17\/navzdy-2\/\">Read More<\/a><\/p>\n","protected":false},"author":1,"featured_media":0,"comment_status":"open","ping_status":"open","sticky":false,"template":"","format":"standard","meta":{"_exactmetrics_skip_tracking":false,"_exactmetrics_sitenote_active":false,"_exactmetrics_sitenote_note":"","_exactmetrics_sitenote_category":0,"footnotes":""},"categories":[42],"tags":[],"class_list":["post-16927","post","type-post","status-publish","format-standard","hentry","category-poems"],"_links":{"self":[{"href":"https:\/\/twincestblog.cz\/domains\/twincestblog.cz\/wp-json\/wp\/v2\/posts\/16927","targetHints":{"allow":["GET"]}}],"collection":[{"href":"https:\/\/twincestblog.cz\/domains\/twincestblog.cz\/wp-json\/wp\/v2\/posts"}],"about":[{"href":"https:\/\/twincestblog.cz\/domains\/twincestblog.cz\/wp-json\/wp\/v2\/types\/post"}],"author":[{"embeddable":true,"href":"https:\/\/twincestblog.cz\/domains\/twincestblog.cz\/wp-json\/wp\/v2\/users\/1"}],"replies":[{"embeddable":true,"href":"https:\/\/twincestblog.cz\/domains\/twincestblog.cz\/wp-json\/wp\/v2\/comments?post=16927"}],"version-history":[{"count":0,"href":"https:\/\/twincestblog.cz\/domains\/twincestblog.cz\/wp-json\/wp\/v2\/posts\/16927\/revisions"}],"wp:attachment":[{"href":"https:\/\/twincestblog.cz\/domains\/twincestblog.cz\/wp-json\/wp\/v2\/media?parent=16927"}],"wp:term":[{"taxonomy":"category","embeddable":true,"href":"https:\/\/twincestblog.cz\/domains\/twincestblog.cz\/wp-json\/wp\/v2\/categories?post=16927"},{"taxonomy":"post_tag","embeddable":true,"href":"https:\/\/twincestblog.cz\/domains\/twincestblog.cz\/wp-json\/wp\/v2\/tags?post=16927"}],"curies":[{"name":"wp","href":"https:\/\/api.w.org\/{rel}","templated":true}]}}