{"id":17243,"date":"2008-07-15T14:00:00","date_gmt":"2008-07-15T13:00:00","guid":{"rendered":"http:\/\/twincestblog.cz\/?p=17205"},"modified":"2008-07-15T14:00:00","modified_gmt":"2008-07-15T13:00:00","slug":"desperation-with-change-into-loves-27-konec","status":"publish","type":"post","link":"https:\/\/twincestblog.cz\/domains\/twincestblog.cz\/2008\/07\/15\/desperation-with-change-into-loves-27-konec\/","title":{"rendered":"Desperation with change into loves 27. (konec)"},"content":{"rendered":"<div>Napsaly: <strong>Edie &amp; \u017dabi\u010dka<br \/><\/strong> Betaread: <strong>Janule<\/strong><\/p>\n<p><em>N\u011bkdy n\u011bco za\u010d\u00edn\u00e1, n\u011bkdy n\u011bco kon\u010d\u00ed. A stejn\u011b, jako kon\u010d\u00ed mnoho jin\u00fdch v\u011bc\u00ed, je u konce i na\u0161e pov\u00eddka. Jeliko\u017e pr\u00e1zdniny jsou pouh\u00e9 dva m\u011bs\u00edce a j\u00e1 s Edie jsme neust\u00e1le n\u011bkde pry\u010d, dohodly jsme se, \u017ee 27.d\u00edl bude posledn\u00ed.<br \/>Ale nemus\u00edte se b\u00e1t, proto\u017ee 22.8. v 17.51 bude na<\/em> <a href=\"http:\/\/www.quietly.blog.cz\/\"><span style=\"color:#00f\"><em>www.quietly.blog.cz<\/em><\/span><\/a> <em>zve\u0159ejn\u011bn prvn\u00ed d\u00edl DRUH\u00c9 \u0159ady, jako takov\u00fd &#8222;d\u00e1rek&#8220; k ro\u010dn\u00edmu v\u00fdro\u010d\u00ed t\u00e9 pov\u00eddky, proto\u017ee pr\u00e1v\u011b v tu dobu uplyne rok od zve\u0159ejn\u011bn\u00ed prvn\u00edho d\u00edlu z prvn\u00ed \u0159ady. Proto douf\u00e1me, \u017ee na\u0161e v\u011brn\u00e9 \u010dten\u00e1\u0159ky (<\/em><strong><em>lila, meckin@, jolanka, kaska, andryys, Adella Kaulitz, aduska<\/em><\/strong> <em>a dal\u0161\u00ed) n\u00e1m budou v\u011brn\u00e9 i d\u00e1l.<br \/>Jsme moc r\u00e1dy za va\u0161\u00ed podporu a tud\u00ed\u017e ten posledn\u00ed d\u00edl, je v\u011bnov\u00e1n v\u00e1m v\u0161em, kdo jste to \u010detly a tak\u00e9<\/em> <strong><em>Betaread teamu<\/em><\/strong><em>, kter\u00e9mu jsme moc vd\u011b\u010dn\u00e9, je n\u00e1m jasn\u00e9, \u017ee jste to s n\u00e1mi nem\u011bly lehk\u00e9 =D<br \/>Mn\u011b i Edie bylo skoro do pl\u00e1\u010de, kdy\u017e jsem psala ten posledn\u00ed d\u00edl, proto\u017ee pov\u00eddka, na kter\u00e9 jsme pracovaly rok a najednou konec? \u2026 J\u00e1 \u017eiv\u011b vid\u00edm, jak &#8222;DWCHIL&#8220; jak jsme tomu r\u00e1dy \u0159\u00edkaly, skon\u010d\u00ed s 50 \u0159adami, proto\u017ee n\u00e1m prost\u011b bude l\u00edto ukon\u010dovat to.<br \/>No, ale te\u010f sm\u011ble do posledn\u00edho d\u00edlu, j\u00e1 douf\u00e1m, \u017ee toho 22.8. v\u00e1s potk\u00e1me na<\/em> <a href=\"http:\/\/www.quietly.blog.cz\/\"><span style=\"color:#00f\"><em>www.quietly.blog.cz<\/em><\/span><\/a> <em>u nov\u00e9 \u0159ady, pokud ne, nemus\u00edte se b\u00e1t, proto\u017ee ur\u010dit\u011b budeme pos\u00edlat na n\u00e1\u0161 obl\u00edben\u00fd twincest blog.<br \/>Tak v\u00e1m s Edie p\u0159ejeme kr\u00e1sn\u00e9 po\u010dten\u00ed a u\u017eijte si zbytek pr\u00e1zdnin =o) M\u00e1me v\u00e1s r\u00e1dy!<\/em><\/div>\n<hr \/>\n<div>&#8222;Bille, posp\u011b\u0161. Mus\u00edme zp\u00e1tky do reality,&#8220; k\u0159i\u010d\u00edm na n\u011bj, zat\u00edmco nakl\u00e1d\u00e1m kufry do auta.<\/div>\n<div>&#8222;U\u017e jdu, jen jsem si cht\u011bl n\u011bco vyfotit,&#8220; usm\u00e1l se a zalezl za mnou dozadu.<\/div>\n<div>&#8222;V\u00ed\u0161, nechal jsem tam takovej&#8230; Dopis. Aby se v\u011bd\u011blo, \u017ee ne v\u0161echno je takov\u00e9, jak to vypad\u00e1&#8230;&#8220;<\/div>\n<div>&#8222;Bille, v\u00ed\u0161. A\u017e budeme zase na cest\u00e1ch&#8230; Asi by bylo nejlep\u0161\u00ed to ukon\u010dit. Sice se mi nechce, ale&#8230; Bude to nejlep\u0161\u00ed.&#8220;<\/div>\n<div>&#8222;Ale&#8230; Ten l\u00edstek&#8230;&#8220;<\/div>\n<div>&#8222;Nev\u00edm, cos na n\u011bj napsal, ale z\u016fstal v dom\u011b, stejn\u011b jako n\u00e1\u0161 vztah&#8230; Nav\u017edy.&#8220;<\/div>\n<div>&#8222;Zastavte na minutku,&#8220; poklepe \u0159idi\u010di na rameno a j\u00e1 se na n\u011bj jen udiven\u011b d\u00edv\u00e1m.<\/div>\n<div>&#8222;Pro\u010d?&#8220;<\/div>\n<div>&#8222;D\u00edky,&#8220; pod\u011bkuje, kdy\u017e zastav\u00ed a sedne si na p\u0159edn\u00ed sedadlo.<\/div>\n<div>&#8222;I brat\u0159i si od sebe pot\u0159ebuj\u00ed oddychnout,&#8220; za\u0161ept\u00e1 a hlavu si zni\u010den\u011b op\u0159e o ok\u00fdnko. Tam kde to za\u010dalo, tam to taky skon\u010d\u00ed.<\/div>\n<div>V dom\u011b \u010d.35, v ulici Mrasstuov\u011b na Malorce, stejn\u011b jako l\u00e1ska za\u010dala, tam tak\u00e9 zhyne. Nav\u017edy z\u016fstane skryta v druh\u00e9m pokoji v prvn\u00edm pat\u0159e, nebo v ob\u00fdv\u00e1ku na ko\u017ee\u0161in\u011b, i ve spr\u0161e. Stejn\u011b jako z\u016fstane v hrne\u010dc\u00edch stopa po nedopit\u00e9m kafi, tak z\u016fstane vzpom\u00ednka v na\u0161em srdci na kr\u00e1sn\u00e9 dva t\u00fddny, pro\u017eit\u00e9 s l\u00e1skou a \u0161t\u011bst\u00edm.<br \/>Stejn\u011b, jako na na\u0161ich t\u011blech z\u016fstanou zbytky spermatu, tak v dom\u011b nav\u017edy z\u016fstanou srdce dvou bratr\u016f, kte\u0159\u00ed se nadev\u0161e milovali a miluj\u00ed.<\/div>\n<div><em>V \u017eivot\u011b n\u011bco za\u010d\u00edn\u00e1 a n\u011bco kon\u010d\u00ed. N\u011bkdy l\u00e1ska, n\u011bkdy p\u0159\u00e1telstv\u00ed, n\u011bkdy \u017eivot. Z p\u0159\u00e1telstv\u00ed se mnohdy st\u00e1v\u00e1 l\u00e1ska, z l\u00e1sky velmi \u010dasto beznad\u011bj. Ale ve sv\u011bt\u011b t\u011bchto mlad\u00edk\u016f to bylo v\u00edce, ne\u017e neobvykl\u00e9. Dva brat\u0159i, dvoj\u010data. Ka\u017ed\u00fd jin\u00fd a p\u0159esto oba stejn\u00ed. Jakto, \u017ee si k sob\u011b na\u0161li cestu v\u00edce, ne\u017e bratrskou? Jak se to jen mohlo st\u00e1t? Z \u010deho se to vyvinulo? Bylo to snad z nedostatku dotek\u016f? Nebo snad z nedostatku l\u00e1sky?<\/em><\/div>\n<div><em>L\u00e1ska je nevyzpytateln\u00e1&#8230; P\u0159ijde, kdy\u017e j\u00ed nejm\u00e9n\u011b \u010dek\u00e1te a nejm\u00e9n\u011b \u017e\u00e1d\u00e1te. P\u0159ijde a nept\u00e1 se, zda-li chcete, ona se pt\u00e1t nemus\u00ed. Prost\u011b p\u0159ijde a do \u017eivota se v\u00e1m drze vet\u0159e. Neodejde, dokud j\u00ed dokonale ned\u00e1te najevo, \u017ee v\u00e1s zab\u00edj\u00ed.<\/em><\/div>\n<div><em>Tito dva brat\u0159i byli zplozeni z l\u00e1sky a l\u00e1skou tak\u00e9 obohatili sv\u016fj vztah. Je v\u0161ak ot\u00e1zkou, zda-li to bylo spr\u00e1vn\u00e9, \u010di ne.<\/em><\/div>\n<div><em>Jen m\u00e1lokdy se po milostn\u00e9m sou\u017eit\u00ed st\u00e1v\u00e1 pouze p\u0159\u00e1telstv\u00ed, v\u011bt\u0161inou se dva lid\u00e9 rozejdou \u00fapln\u011b&#8230; Ale jak to maj\u00ed ud\u011blat oni?<\/em><\/div>\n<div><em>Jsou rodina&#8230; Maj\u00ed spolu kapelu, oni bez sebe nemohou \u017e\u00edt. Zd\u00e1 se, \u017ee jejich vztah skon\u010dil nadobro&#8230; Jen\u017ee oni spolu mus\u00ed vydr\u017eet, mus\u00ed spolu \u017e\u00edt. Budou \u017e\u00edt v p\u0159etv\u00e1\u0159ce? Nebo se snad daj\u00ed znovu dohromady?<\/em><\/div>\n<div><em>Ne v\u0161echno je tak, jak se zd\u00e1&#8230; V\u017edy\u0165 p\u0159eci&#8230; Beznad\u011bj se m\u011bn\u00ed v l\u00e1sku&#8230; A to je hlavn\u00edm heslem p\u0159\u00edb\u011bhu t\u00e9to zvl\u00e1\u0161tn\u00ed dvojice&#8230;<\/em><\/div>\n<div><em>Sbohem za rok&#8230;!<\/p>\n<p><\/em> Autor: <strong>Edie &amp; \u017dabi\u010dka<\/strong><\/div>\n","protected":false},"excerpt":{"rendered":"<p>Napsaly: Edie &amp; \u017dabi\u010dka Betaread: Janule N\u011bkdy n\u011bco za\u010d\u00edn\u00e1, n\u011bkdy n\u011bco kon\u010d\u00ed. A stejn\u011b, jako kon\u010d\u00ed mnoho jin\u00fdch v\u011bc\u00ed, je u konce i na\u0161e pov\u00eddka. Jeliko\u017e pr\u00e1zdniny jsou pouh\u00e9 dva m\u011bs\u00edce a j\u00e1 s Edie jsme neust\u00e1le n\u011bkde pry\u010d, dohodly jsme se,<\/p>\n<p class=\"link-more\"><a class=\"myButt \" href=\"https:\/\/twincestblog.cz\/domains\/twincestblog.cz\/2008\/07\/15\/desperation-with-change-into-loves-27-konec\/\">Read More<\/a><\/p>\n","protected":false},"author":1,"featured_media":0,"comment_status":"open","ping_status":"open","sticky":false,"template":"","format":"standard","meta":{"_exactmetrics_skip_tracking":false,"_exactmetrics_sitenote_active":false,"_exactmetrics_sitenote_note":"","_exactmetrics_sitenote_category":0,"footnotes":""},"categories":[97],"tags":[],"class_list":["post-17243","post","type-post","status-publish","format-standard","hentry","category-desperation-with-change-into-loves"],"_links":{"self":[{"href":"https:\/\/twincestblog.cz\/domains\/twincestblog.cz\/wp-json\/wp\/v2\/posts\/17243","targetHints":{"allow":["GET"]}}],"collection":[{"href":"https:\/\/twincestblog.cz\/domains\/twincestblog.cz\/wp-json\/wp\/v2\/posts"}],"about":[{"href":"https:\/\/twincestblog.cz\/domains\/twincestblog.cz\/wp-json\/wp\/v2\/types\/post"}],"author":[{"embeddable":true,"href":"https:\/\/twincestblog.cz\/domains\/twincestblog.cz\/wp-json\/wp\/v2\/users\/1"}],"replies":[{"embeddable":true,"href":"https:\/\/twincestblog.cz\/domains\/twincestblog.cz\/wp-json\/wp\/v2\/comments?post=17243"}],"version-history":[{"count":0,"href":"https:\/\/twincestblog.cz\/domains\/twincestblog.cz\/wp-json\/wp\/v2\/posts\/17243\/revisions"}],"wp:attachment":[{"href":"https:\/\/twincestblog.cz\/domains\/twincestblog.cz\/wp-json\/wp\/v2\/media?parent=17243"}],"wp:term":[{"taxonomy":"category","embeddable":true,"href":"https:\/\/twincestblog.cz\/domains\/twincestblog.cz\/wp-json\/wp\/v2\/categories?post=17243"},{"taxonomy":"post_tag","embeddable":true,"href":"https:\/\/twincestblog.cz\/domains\/twincestblog.cz\/wp-json\/wp\/v2\/tags?post=17243"}],"curies":[{"name":"wp","href":"https:\/\/api.w.org\/{rel}","templated":true}]}}