{"id":17379,"date":"2008-07-01T19:00:00","date_gmt":"2008-07-01T18:00:00","guid":{"rendered":"http:\/\/twincestblog.cz\/?p=17341"},"modified":"2008-07-01T19:00:00","modified_gmt":"2008-07-01T18:00:00","slug":"twincest-in-bercy-10-5-08","status":"publish","type":"post","link":"https:\/\/twincestblog.cz\/domains\/twincestblog.cz\/2008\/07\/01\/twincest-in-bercy-10-5-08\/","title":{"rendered":"Twincest in Bercy (10.5. 08)"},"content":{"rendered":"<div style=\"text-align:left\">Z\u0159ejm\u011b to byl vyda\u0159enej koncert..x)) Ve Francii, kdyby n\u011bkdo nev\u011bd\u011bl..a t\u00edm se v\u0161echno vysv\u011btluje..;)) Taak\u017ee&#8230;to prvn\u00ed je 1000 Meere..tady d\u00e1vejte pozor od 01:05 &#8211; Bill p\u0159ijde k Tomovi..pak ho zase na chv\u00edli opust\u00ed a pak, p\u0159i slavn\u00e9m &#8222;Lass dich zu mir treiben&#8220; se k n\u011bmu zase vr\u00e1t\u00ed..;)) Dal\u0161\u00ed video by m\u011blo b\u00fdt Reden&#8230;nemusim snad ani nic \u0159\u00edkat, v\u0161ichni v\u00edme, u jak\u00e9 \u010d\u00e1sti d\u00e1vat pozor..xD Nejlep\u0161\u00ed jsou ty Tomovy pohyby, j\u00e1 nem\u016f\u017eu..xD Noo a posledn\u00ed je In die Nacht&#8230;n\u00e1dhern\u00e1, jako v\u017edy..x) to je \u010direj twincest..xD Je\u0161t\u011b jak Bill nech\u00e1 tu nohu na Tomov\u011b \u017eidli\u010dce, n\u011bkdy ze za\u010d\u00e1tku..kr\u00e1sn\u00e9..x) a pak na to navazuje to jeho \u00fa\u017easn\u00fd p\u0159edstavov\u00e1n\u00ed \u010dlen\u016f kapely a pak je\u0161t\u011b Rette mich..v\u0161echno skv\u011bl\u00fd..x))<br \/>Tak\u017ee..si to po\u0159\u00e1dn\u011b u\u017eijte..x))<\/div>\n<div style=\"text-align:center\">\n<div style=\"text-align:center\">\n<div id=\"flash_DIWaHu8I\">\n<p><img decoding=\"async\" src=\"http:\/\/twincestblog.cz\/wp-content\/uploads\/flash.jpg\" style=\"width:256px;height:220px;\" \/><\/p>\n","protected":false},"excerpt":{"rendered":"<p>Z\u0159ejm\u011b to byl vyda\u0159enej koncert..x)) Ve Francii, kdyby n\u011bkdo nev\u011bd\u011bl..a t\u00edm se v\u0161echno vysv\u011btluje..;)) Taak\u017ee&#8230;to prvn\u00ed je 1000 Meere..tady d\u00e1vejte pozor od 01:05 &#8211; Bill p\u0159ijde k Tomovi..pak ho zase na chv\u00edli opust\u00ed a pak, p\u0159i slavn\u00e9m &#8222;Lass dich zu mir treiben&#8220;<\/p>\n<p class=\"link-more\"><a class=\"myButt \" href=\"https:\/\/twincestblog.cz\/domains\/twincestblog.cz\/2008\/07\/01\/twincest-in-bercy-10-5-08\/\">Read More<\/a><\/p>\n","protected":false},"author":1,"featured_media":0,"comment_status":"open","ping_status":"open","sticky":false,"template":"","format":"standard","meta":{"_exactmetrics_skip_tracking":false,"_exactmetrics_sitenote_active":false,"_exactmetrics_sitenote_note":"","_exactmetrics_sitenote_category":0,"footnotes":""},"categories":[25],"tags":[],"class_list":["post-17379","post","type-post","status-publish","format-standard","hentry","category-concert-vid"],"_links":{"self":[{"href":"https:\/\/twincestblog.cz\/domains\/twincestblog.cz\/wp-json\/wp\/v2\/posts\/17379","targetHints":{"allow":["GET"]}}],"collection":[{"href":"https:\/\/twincestblog.cz\/domains\/twincestblog.cz\/wp-json\/wp\/v2\/posts"}],"about":[{"href":"https:\/\/twincestblog.cz\/domains\/twincestblog.cz\/wp-json\/wp\/v2\/types\/post"}],"author":[{"embeddable":true,"href":"https:\/\/twincestblog.cz\/domains\/twincestblog.cz\/wp-json\/wp\/v2\/users\/1"}],"replies":[{"embeddable":true,"href":"https:\/\/twincestblog.cz\/domains\/twincestblog.cz\/wp-json\/wp\/v2\/comments?post=17379"}],"version-history":[{"count":0,"href":"https:\/\/twincestblog.cz\/domains\/twincestblog.cz\/wp-json\/wp\/v2\/posts\/17379\/revisions"}],"wp:attachment":[{"href":"https:\/\/twincestblog.cz\/domains\/twincestblog.cz\/wp-json\/wp\/v2\/media?parent=17379"}],"wp:term":[{"taxonomy":"category","embeddable":true,"href":"https:\/\/twincestblog.cz\/domains\/twincestblog.cz\/wp-json\/wp\/v2\/categories?post=17379"},{"taxonomy":"post_tag","embeddable":true,"href":"https:\/\/twincestblog.cz\/domains\/twincestblog.cz\/wp-json\/wp\/v2\/tags?post=17379"}],"curies":[{"name":"wp","href":"https:\/\/api.w.org\/{rel}","templated":true}]}}