{"id":18263,"date":"2008-04-18T11:21:00","date_gmt":"2008-04-18T10:21:00","guid":{"rendered":"http:\/\/twincestblog.cz\/?p=18223"},"modified":"2008-04-18T11:21:00","modified_gmt":"2008-04-18T10:21:00","slug":"tv-total-a-napsal-to-on-xd","status":"publish","type":"post","link":"https:\/\/twincestblog.cz\/domains\/twincestblog.cz\/2008\/04\/18\/tv-total-a-napsal-to-on-xd\/","title":{"rendered":"TV Total &#8211; a napsal to on !! xD"},"content":{"rendered":"<div>yeeeah, jsem happy&#8230;x)))<\/div>\n<div>Tohle interview je doopravdy poveden\u00e9..doopravdy hodn\u011b poveden\u00e9..xD kdo byste si ho cht\u011bl p\u0159e\u010d\u00edst cel\u00e9, odk\u00e1\u017eu v\u00e1s na evelyn..;))<br \/>aalso leute.. \/to m\u00e1m zase z &#8222;live in europe&#8220; videa, m\u011b si nev\u0161\u00edmejte..xD\/<br \/>Jsem si p\u0159e\u010detla nejd\u0159\u00edv p\u0159eklad, a pak koukla na to video&#8230; a vypsala v\u00e1m z\u00e1sadn\u00ed twincestn\u00ed momenty..;))<\/p>\n<p>Ta \u010d\u00e1st rozhovoru, co m\u011b zaujala nejv\u00edc, se t\u00fdk\u00e1 t\u00e9 kauzy s t\u00edm, jak Bill \u00fadajn\u011b napsal na th-myspaceko, \u017ee je gay. A pak se do tv dostalo, \u017ee to pr\u00fd nebyl Bill, n\u00fdbr\u017e n\u011bjak\u00fd hacker..co\u017e Bill v t\u00e9 dob\u011b, m\u00e1m dojem, potvrdil.<br \/>V\u010dera ve\u010der, ov\u0161em p\u0159iznal, \u017ee to bylo jinak (mimochodem p\u0159esn\u011b tak, jak jsem si to celou dobu myslela j\u00e1..xD)<br \/>Ta \u010d\u00e1st rozhovoru vypad\u00e1 asi takhle:<\/div>\n<div><em><strong>Stefan<\/strong>: Ano a v n\u011bjak\u00e9m interview jsem sly\u0161el pomluvu, \u017ee jsi gay, jak to s t\u00edm je? Nebo jsi to u\u017e n\u011bjak pop\u0159el?<\/em><\/div>\n<div><em><strong>Bill<\/strong>: Ano! Na RTL!<\/em><\/div>\n<div><em><strong>Stefan<\/strong>: Kdo tohle roz\u0161\u00ed\u0159il?<\/em><\/div>\n<div><em><strong>Bill<\/strong>: V\u011b\u0159\u00edm, \u017ee&#8230;<\/em><\/div>\n<div><em><strong>Stefan<\/strong>: M\u00e1me takov\u00fd pocit, \u017ee jsi to ud\u011blal ty s\u00e1m, tak\u017ee se o tob\u011b za\u010dalo ps\u00e1t zase n\u011bco nov\u00e9ho v t\u011bch dnech!<\/em><\/div>\n<div><em><strong>Bill<\/strong>: Vlastn\u011b jsme \u0161\u0165astn\u00ed, kdy\u017e o n\u00e1s nic nen\u00ed v novin\u00e1ch tak po dva dny! Ne\u010dteme sice v\u0161echno a tak, ka\u017ed\u00fd den tu je n\u011bco nov\u00e9ho. Ale jinak&#8230;V\u011b\u0159\u00edm, \u017ee jsem po m\u00fdch narozk\u00e1ch byl opil\u00fd a tak jsem \u0161el na fanforum a tam samoz\u0159ejm\u011b&#8230;<\/em><\/div>\n<div><em><strong>Stefan<\/strong>: Aha, tak\u017ee jsi napsal: &#8222;Jsem gay.&#8220;<\/em><\/div>\n<div><em><strong>Bill<\/strong>: Ano a samoz\u0159ejm\u011b to vy\u0161lo ven a bylo to hloup\u00e9.<\/em><\/div>\n<div>Taak\u017ee..se p\u0159inejmen\u0161\u00edm p\u0159iznal k tomu, \u017ee to napsal s\u00e1m. Za druh\u00fd u toho tak zaj\u00edmav\u011b gestikuuje, \u017ee bych mu to a\u017e tak \u00fapln\u011b nev\u011b\u0159ila, \u017ee to bylo &#8222;jen z opit\u00ed&#8220; .. a co m\u011b na tom dost\u00e1v\u00e1 nejv\u00edc, v tu chv\u00edli, co \u0159\u00edk\u00e1:<br \/>&#8222;samoz\u0159ejm\u011b to vy\u0161lo ven a bylo to hloup\u00e9&#8230;&#8220; Bill tak rozhod\u00ed rukama, a Tom, samoz\u0159ejm\u011b rozhod\u00ed tak\u00e9. Vypad\u00e1 to asi tak, \u017ee Tom s t\u00edm m\u00e1 asi taky dost spole\u010dn\u00fdho..xD p\u016fsob\u00ed to na mn\u011b dojmem: &#8222;Tak co s t\u00edm nad\u011bl\u00e1me, \u017ee jo..?&#8220; aneb moje nadev\u0161echno obl\u00edben\u00e9: &#8222;Tak to teda ne, jak tohle budeme \u0159e\u0161it ?&#8220; xDD ..<\/div>\n<div>Fajn, p\u0159eh\u00e1nim to, j\u00e1 vim, ale m\u011b tohle d\u011bsn\u011b zvedlo n\u00e1ladu..tak mi j\u00ed zkuste chv\u00edli nekazit..;)))<br \/>Ty zaj\u00edmav\u00e9 momenty jsem pro v\u00e1s vypsala tady:<\/div>\n<ul>\n<li><strong>1:55<\/strong> &gt;&gt;&gt; Bill hlad\u00ed Toma po ruce. (!!) (*in loveee* xD)<\/li>\n<li><strong>3:19<\/strong> &gt;&gt;&gt; &#8222;Osmn\u00e1ct pro n\u00e1s bylo velmi d\u016fle\u017eit\u00e9.&#8220; p\u0159i t\u011bchto slovech se Bill celkem v\u00fdznamn\u011b pod\u00edv\u00e1 na Toma.<\/li>\n<li><strong>4:37<\/strong> &gt;&gt;&gt; Bill odkl\u00e1d\u00e1 ruku kamsi za Tomova z\u00e1da..a zaj\u00edmav\u011b s n\u00ed pohybuje.. Zvl\u00e1\u0161tn\u00ed, jak se n\u011bkte\u0159\u00ed lid\u00e9 op\u00edraj\u00ed..xD<\/li>\n<li><strong>6:34<\/strong> &gt;&gt;&gt; Stefan (moder\u00e1tor) \u0159\u00edk\u00e1, \u017ee n\u011bkde zahl\u00e9dl tu pomluvu, \u017ee je Bill na kluky.<\/li>\n<li><strong>7:24<\/strong> &gt;&gt;&gt; Dvoj\u010data rozhazuj\u00ed rukama..(co s t\u00edm nad\u011bl\u00e1me, \u017eeo.. x)) )<\/li>\n<\/ul>\n<div>Jinak na sebe koukaj a olizujou se p\u0159i tom po\u0159\u00e1d, tak\u017ee to u\u017e jsem tam ani nepsala..;))<\/div>\n<div style=\"text-align:center\">\n<div style=\"text-align:left\">I&#8217;m soo nervous tonight..xDD =**<\/div>\n<div style=\"text-align:left\">Joo..a taky tam hr\u00e1li 1000 mo\u0159\u00ed..x)) Taky n\u00e1dhern\u011b twincestn\u00ed..x)) Bill se p\u0159i t\u011bch romanti\u010dt\u011bj\u0161\u00edch \u010d\u00e1stech obrac\u00ed na Toma..x))) obzvl\u00e1\u0161\u0165 u &#8222;Lass dich zu mir treiben..&#8220; dvakr\u00e1t..xD J\u00e1 mysl\u00edm, \u017ee tihle dva jsou jasn\u00ed..xD<\/div>\n<\/div>\n<div style=\"text-align:center\">\n<div style=\"text-align:left\">Pro \u00faplnost &#8211; interview je z 20.11. 2007, b\u011b\u017eelo na Pro7 a je to TV Total prost\u011b. Moderoval Stefan, tu\u0161\u00edm \u017ee p\u0159ijmen\u00edm je Raab, ale rad\u0161i to nebudu tvrdit na jisto..xD Vystupovali Tokio Hotel &#8211; Bill, Tom, Gustav a Georg, a p\u00edsni\u010dka co posl\u00e9ze hr\u00e1li se jmenuje 1000 Meere. Tu \u010d\u00e1st rozhovoru, kterou tady m\u00e1m je z <a href=\"http:\/\/kaulitz-twins-4ever.blog.cz\/\">http:\/\/kaulitz-twins-4ever.blog.cz<\/a> .<\/div>\n<div style=\"text-align:left\">Vy\u010derp\u00e1vaj\u00edc\u00ed, d\u011blat videa..xD<br \/>happy Ketty &lt;333<\/div>\n<\/div>\n","protected":false},"excerpt":{"rendered":"<p>yeeeah, jsem happy&#8230;x))) Tohle interview je doopravdy poveden\u00e9..doopravdy hodn\u011b poveden\u00e9..xD kdo byste si ho cht\u011bl p\u0159e\u010d\u00edst cel\u00e9, odk\u00e1\u017eu v\u00e1s na evelyn..;))aalso leute.. \/to m\u00e1m zase z &#8222;live in europe&#8220; videa, m\u011b si nev\u0161\u00edmejte..xD\/Jsem si p\u0159e\u010detla nejd\u0159\u00edv p\u0159eklad, a pak koukla na to<\/p>\n<p class=\"link-more\"><a class=\"myButt \" href=\"https:\/\/twincestblog.cz\/domains\/twincestblog.cz\/2008\/04\/18\/tv-total-a-napsal-to-on-xd\/\">Read More<\/a><\/p>\n","protected":false},"author":1,"featured_media":0,"comment_status":"open","ping_status":"open","sticky":false,"template":"","format":"standard","meta":{"_exactmetrics_skip_tracking":false,"_exactmetrics_sitenote_active":false,"_exactmetrics_sitenote_note":"","_exactmetrics_sitenote_category":0,"footnotes":""},"categories":[26],"tags":[],"class_list":["post-18263","post","type-post","status-publish","format-standard","hentry","category-interviews-vid"],"_links":{"self":[{"href":"https:\/\/twincestblog.cz\/domains\/twincestblog.cz\/wp-json\/wp\/v2\/posts\/18263","targetHints":{"allow":["GET"]}}],"collection":[{"href":"https:\/\/twincestblog.cz\/domains\/twincestblog.cz\/wp-json\/wp\/v2\/posts"}],"about":[{"href":"https:\/\/twincestblog.cz\/domains\/twincestblog.cz\/wp-json\/wp\/v2\/types\/post"}],"author":[{"embeddable":true,"href":"https:\/\/twincestblog.cz\/domains\/twincestblog.cz\/wp-json\/wp\/v2\/users\/1"}],"replies":[{"embeddable":true,"href":"https:\/\/twincestblog.cz\/domains\/twincestblog.cz\/wp-json\/wp\/v2\/comments?post=18263"}],"version-history":[{"count":0,"href":"https:\/\/twincestblog.cz\/domains\/twincestblog.cz\/wp-json\/wp\/v2\/posts\/18263\/revisions"}],"wp:attachment":[{"href":"https:\/\/twincestblog.cz\/domains\/twincestblog.cz\/wp-json\/wp\/v2\/media?parent=18263"}],"wp:term":[{"taxonomy":"category","embeddable":true,"href":"https:\/\/twincestblog.cz\/domains\/twincestblog.cz\/wp-json\/wp\/v2\/categories?post=18263"},{"taxonomy":"post_tag","embeddable":true,"href":"https:\/\/twincestblog.cz\/domains\/twincestblog.cz\/wp-json\/wp\/v2\/tags?post=18263"}],"curies":[{"name":"wp","href":"https:\/\/api.w.org\/{rel}","templated":true}]}}