{"id":18716,"date":"2008-04-09T11:04:00","date_gmt":"2008-04-09T10:04:00","guid":{"rendered":"http:\/\/twincestblog.cz\/?p=18676"},"modified":"2008-04-09T11:04:00","modified_gmt":"2008-04-09T10:04:00","slug":"only-for-you-9","status":"publish","type":"post","link":"https:\/\/twincestblog.cz\/domains\/twincestblog.cz\/2008\/04\/09\/only-for-you-9\/","title":{"rendered":"Only For You 9."},"content":{"rendered":"<div>\u010clov\u011bk zapom\u00edn\u00e1. Zapom\u00edn\u00e1 na okam\u017eiky, kter\u00e9 v n\u011bm nic nezanechaly. Zapom\u00edn\u00e1 na okam\u017eiky, kter\u00e9 mu p\u0159inesly by\u0165 sebemen\u0161\u00ed st\u0159\u00edpek \u0161t\u011bst\u00ed\u2026 Ale nezapom\u00edn\u00e1 na chv\u00edle pln\u00e9 utrpen\u00ed, bolesti a zklam\u00e1n\u00ed. Na ty, je\u017e se sna\u017e\u00ed zapudit pr\u00e1v\u011b ze v\u0161ech nejv\u00edc. A pokud se mu to n\u00e1hodou poda\u0159\u00ed, tak a\u017e za n\u011bjak\u00fd \u010das\u2026<\/div>\n<div>Ov\u0161em takhle to n\u011bkdy nemus\u00ed b\u00fdt. \u010clov\u011bk m\u016f\u017ee zapomenout n\u00e1hle. Ne\u010dekan\u011b. Bez jak\u00e9hokoliv upozorn\u011bn\u00ed. Ani\u017e by cht\u011bl\u2026<\/div>\n<div>A p\u0159esn\u011b to se stalo m\u00e9mu bratrovi. Zapomn\u011bl. Zapomn\u011bl na svou rodinu, p\u0159\u00e1tele. Zapomn\u011bl na sv\u00e9 kon\u00ed\u010dky, sny a touhy. Zapomn\u011bl na toho, koho miloval\u2026 Zapomn\u011bl na m\u011b. Na Toma\u2026<\/div>\n<div>Stoj\u00edm vedle n\u011bj a \u010dek\u00e1m, a\u017e nat\u00e1hne ruku s \u010dern\u011b nalakovan\u00fdmi nehty, uk\u00e1\u017ee na jednu z mnoha fotografi\u00ed a j\u00e1 se budu moct rozpov\u00eddat a alespo\u0148 nepatrnou \u010d\u00e1ste\u010dkou sv\u00e9 mysli se od n\u011bj odpout\u00e1m a nebudu vn\u00edmat jeho bl\u00edzkost\u2026<\/div>\n<div>To, jak o sebe nepatrn\u011b ot\u0159eme prsty p\u0159i sebemen\u0161\u00edm pohybu\u2026<\/div>\n<div>To, jak ke mn\u011b ka\u017edou chvilku zavane pomeran\u010dov\u00e1 v\u016fn\u011b havran\u00edch vlas\u016f\u2026<\/div>\n<div>To, jak se mu jisk\u0159\u00ed o\u010di o\u010dek\u00e1v\u00e1n\u00edm a nad\u011bj\u00ed, \u017ee si kone\u010dn\u011b vzpomene\u2026<\/div>\n<div>Vzpomene na to, co j\u00e1 mu nedok\u00e1\u017eu \u0159\u00edct\u2026<\/div>\n<div>Na to, na co se sna\u017e\u00edm\u2026 zapomenout. Proto\u017ee to se mi te\u010f zd\u00e1, kdy\u017e stoj\u00ed vedle m\u011b a neprojevuje jak\u00fdkoli cit podobn\u00fd l\u00e1sce, jako jedin\u00e9 mo\u017en\u00e9 \u0159e\u0161en\u00ed.<\/div>\n<div>Tolik bych cht\u011bl\u2026 zapomenout. Alespo\u0148 na chv\u00edli\u2026 Na krati\u010dk\u00fd okam\u017eik se na tebe, Bille, d\u00edvat jenom jako na bratra.<\/div>\n<div>Jen na okam\u017eik nechat zmizet ten k\u00e1men p\u0159ec lehk\u00fd jako p\u00edrko, jen\u017e mi tla\u010d\u00ed na srdce.<\/div>\n<div>Jen na okam\u017eik nechat rozplynut \u0161\u00e1tek utkan\u00fd z pavu\u010din, jen\u017e se mi st\u00e1le v\u00edc a v\u00edc stahuje okolo krku.<\/div>\n<div>Jen na chv\u00edli se c\u00edtit voln\u00fd a svobodn\u00fd\u2026 Nechat v\u0161echnu p\u0159etv\u00e1\u0159ku za sebou a stoupnout si p\u0159ed br\u00e1\u0161ku jako ten star\u00fd Tom. S \u00fasm\u011bvem na rtech a jisk\u0159i\u010dkami v o\u010d\u00edch\u2026 I kdy\u017e bez srdce\u2026 Proto\u017ee to se ned\u00e1 oklamat\u2026<\/div>\n<div>Tohle v\u0161echno Tomovi problesklo za t\u011bch n\u011bkolik m\u00e1lo chvil, co vstal od stolu a vy\u010dk\u00e1val, a\u017e \u010dernovlas\u00fd chlapec po jeho lev\u00e9m boku kone\u010dn\u011b promluv\u00ed.<\/div>\n<div>Ten se k tomu ov\u0161em nem\u011bl. Zamyslel se toti\u017e stejn\u011b, jako jeho star\u0161\u00ed dvoj\u010de\u2026 Zamyslel se nad d\u016fvodem, kv\u016fli kter\u00e9mu se chce te\u010f pustit do pozn\u00e1v\u00e1n\u00ed lid\u00ed na fotografi\u00edch. Zamyslel se nad t\u00edm, co se stalo dnes r\u00e1no\u2026<\/div>\n<div>~*~<\/div>\n<div>Mlad\u0161\u00ed syn Simone Kaulitzov\u00e9 m\u011bl nyn\u00ed pouh\u00e9 t\u0159i p\u0159\u00e1tele, av\u0161ak jen jednoho, kter\u00e9mu d\u016fv\u011b\u0159oval. Sv\u00e9 dvoj\u010de, Toma. A i to ho zradilo. Zalhalo mu. V\u011bdom\u011b. Z o\u010d\u00ed do o\u010d\u00ed.<\/div>\n<div>V dob\u011b, kdy Tom se probudil, byl toti\u017e Bill d\u00e1vno vzh\u016fru\u2026 Hlas jeho dvoj\u010dete ho vytrhl ze snu\u2026<\/div>\n<div>Proch\u00e1zel se mezi rozkvetl\u00fdmi stromy a rozhl\u00ed\u017eel se. N\u011bkoho hledal\u2026 T\u011blem se mu rozl\u00e9val nepopsateln\u00fd pocit a on nev\u011bd\u011bl, co je tomu p\u0159\u00ed\u010dinou, nemluv\u011b o zb\u011bsil\u00e9m tlukotu srdce.<\/div>\n<div>Kdy\u017e kone\u010dn\u011b spat\u0159il mihnut\u00ed st\u00ednu asi p\u011bt metr\u016f p\u0159ed n\u00edm, rozb\u011bhl se. Cht\u011bl ji p\u0159ekvapit. Obejmout\u2026 U\u017e to v\u011bd\u011bl, byl zamilovan\u00fd\u2026 Do n\u00ed\u2026 Do d\u00edvky, je\u017e se mu st\u00e1le ztr\u00e1cela a zase objevovala.<\/div>\n<div>Vzd\u00e1lenost mezi nimi se v\u0161ak zkracovala, ka\u017edou minutou\u2026 Dokud se nezastavil jen p\u00e1r kr\u016f\u010dk\u016f od n\u00ed. I tak ji ov\u0161em nedok\u00e1zal rozeznat. Jeho smysly vn\u00edmaly pouze vysokou postavu s dlouh\u00fdmi vlasy, oble\u010denou ve voln\u00fdch \u0161atech\u2026 nejsp\u00ed\u0161.<\/div>\n<div>Ve chv\u00edli, kdy se ona d\u00edvka pomalu obracela a on by tak mohl kone\u010dn\u011b spat\u0159it JEJ\u00cd tv\u00e1\u0159, k Billovi z d\u00e1lky za\u010dal dol\u00e9hat tich\u00fd \u0161epot. Ten se st\u00e1val \u010d\u00edm d\u00e1l intenzivn\u011bj\u0161\u00edm, a\u017e nakonec p\u0159e\u0161el do jasn\u011b srozumiteln\u00e9 norm\u00e1ln\u00ed hlasitosti, kdy rozeznal ka\u017ed\u00e9 slovo. Sad mizel a nam\u00edsto n\u011bj se objevoval Bill\u016fv pokoj a hlavn\u011b &#8211; bratrova tv\u00e1\u0159.<\/div>\n<div>Tom m\u011bl polo\u017eenou hlavu na jeho hrudi. Klidn\u011b oddychoval a ze rt\u016f, je\u017e zdobil jemn\u00fd \u00fasm\u011bv, se mu linula slova, tak libozvu\u010dn\u00e1, \u017ee zn\u011bla jako ta nejkr\u00e1sn\u011bj\u0161\u00ed p\u00edse\u0148.<\/div>\n<div>Slova l\u00e1sky a z\u00e1rove\u0148 slova pln\u00e1 smutku a bolesti\u2026<\/div>\n<div>A v\u0161echna pr\u00fd m\u011bla pat\u0159it ply\u0161\u00e1kovi\u2026<\/div>\n<div>Kam se pod\u011blo to pouto mezi dvoj\u010daty, o kter\u00e9m Tom tak b\u00e1snil\u2026 Kde neexistuje n\u011bco jako tajemstv\u00ed, kde se m\u016f\u017ee\u0161 se v\u0161\u00edm sv\u011b\u0159it\u2026<\/div>\n<div>Kam se pod\u011bla ta d\u016fv\u011bra, kterou mu tak kladl na srdce\u2026 M\u011bl by v\u011b\u0159it sv\u00e9mu star\u0161\u00edmu bratrovi, ale nem\u011blo by to platit oboustrann\u011b?<\/div>\n<div>Hlavou se mu honilo nes\u010detn\u00e9 mno\u017estv\u00ed ot\u00e1zek a jedin\u00e1 mo\u017enost, jak na n\u011b z\u00edskat odpov\u011b\u010f, byla si vzpomenout\u2026 Od Toma by ji toti\u017e nedostal\u2026<\/div>\n<div>&#8222;Kdo je tohle?&#8220; uk\u00e1zal prstem na fotku, na n\u00ed\u017e byla zobrazena usm\u011bvav\u00e1 \u017eena s dlouh\u00fdmi vlasy, a p\u0159eru\u0161il tak tich\u00fd neklid, je\u017e pulzoval mezi n\u00edm a bratrem.<\/div>\n<div>\u010cekal pln soust\u0159ed\u011bn\u00ed\u2026 zapamatovat si i sebemen\u0161\u00ed detaily\u2026<\/div>\n<div>Tak usilovn\u011b se soust\u0159edil na odpov\u011b\u010f, kter\u00e1 mu mohla otev\u0159\u00edt alespo\u0148 na \u0161t\u011brbinku br\u00e1nu ke vzpom\u00ednk\u00e1m, \u017ee nesly\u0161el tich\u00fd zp\u011bv. P\u00edse\u0148 se smutnou tklivou melodi\u00ed\u2026<\/div>\n<div>P\u00edse\u0148 sv\u00e9ho srdce, napln\u011bn\u00e9ho l\u00e1skou, je\u017e se muselo pod\u0159\u00eddit osudu\u2026<\/div>\n<div><em>Obrazy se rozplynuly<\/em><\/div>\n<div><em>Nahradila je tma protkan\u00e1 mlhou<\/em><\/div>\n<div><em>Ty \u010dasy d\u00e1vno minuly,<\/em><\/div>\n<div><em>kdy j\u00e1 mohl b\u00fdti s tebou\u2026<\/em><\/div>\n<div><em>( by Cera)<\/em><\/div>\n<div>~*~<\/div>\n<div>&#8222;No\u2026 To je m\u00e1ma\u2026&#8220; odpov\u00edm a hrdlo se mi sev\u0159e \u00fazkost\u00ed. Teprve te\u010f na m\u011b dolehla t\u00edha pravdy. Ude\u0159ila do m\u011b jako blesk. Ne\u0159ekl jsem j\u00ed to\u2026 do toho telefon\u00e1tu\u2026 St\u00e1le to nev\u00ed\u2026<\/div>\n<div>&#8222;M\u00e1ma?&#8220; \u0161eptne a jemn\u011b se prsty dotkne jej\u00edho portr\u00e9tu. Co j\u00e1 bych za to dal\u2026 Za takov\u00e9 mal\u00e9 pohlazen\u00ed\u2026<\/div>\n<div>&#8222;Kde\u2026 Kde je te\u010f?&#8220;<\/div>\n<div>&#8222;V Berl\u00edn\u011b. Do konce m\u011bs\u00edce. Je n\u00e1vrh\u00e1\u0159ka. Uv\u00e1d\u00ed tam svou novou kolekci.&#8220;<\/div>\n<div>&#8222;Aha\u2026&#8220; odv\u011bt\u00ed sklesle a j\u00e1 si uv\u011bdom\u00edm, jak to asi vyzn\u011blo.<\/div>\n<div>&#8222;Nev\u00ed o tom\u2026 Ne\u0159ekl jsem j\u00ed to. Nem\u011bl jsem k tomu dostatek odvahy. Kdybys s n\u00ed mluvil taky by jsi to neud\u011blal\u2026 Byla tak \u0161\u0165astn\u00e1! Ty jsi se probudil a j\u00ed se kone\u010dn\u011b za\u010dalo da\u0159it v pr\u00e1ci! J\u00e1 ji nemohl\u2026&#8220;<\/div>\n<div>&#8222;\u0158\u00edct pravdu.&#8220; Dopov\u00ed Bill a pomalu se ke mn\u011b oto\u010d\u00ed.<\/div>\n<div>&#8222;Le\u017e je milosrdn\u00e1&#8230;&#8220; p\u0159itak\u00e1m a pohl\u00e9dnu mu zp\u0159\u00edma do o\u010d\u00ed.<\/div>\n<div>V t\u011bch jeho se mu n\u00e1hle objev\u00ed n\u011bco, co nedok\u00e1\u017eu identifikovat. N\u011bco jako\u2026 ohe\u0148. Pln\u00fd vzdoru. Zat\u00edmco jeho hlas pln chladu zastud\u00ed.<\/div>\n<div>&#8222;Nebylo by j\u00ed v\u0161ak lep\u0161\u00ed nelhat? Copak si nezaslou\u017e\u00ed zn\u00e1t pravdu? Kde je ta tv\u00e1 d\u016fv\u011bra, Tome!&#8220; Posledn\u00ed v\u011btu skoro vyk\u0159ikne.<\/div>\n<div>Nepozn\u00e1v\u00e1m ho. Kde se to v n\u011bm najednou vzalo?<\/div>\n<div>&#8222;Mo\u017en\u00e1 si to neuv\u011bdomuje\u0161, ale podobn\u00e9 ochra\u0148ov\u00e1n\u00ed od skute\u010dnosti m\u016f\u017ee \u010dlov\u011bku sp\u00ed\u0161 ubl\u00ed\u017eit ne\u017e pomoct\u2026&#8220; uklid\u0148uje se a propaluje m\u011b pohledem.<\/div>\n<div>V\u00ed snad n\u011bco v\u00edc, ne\u017e j\u00e1? Ov\u0161em i p\u0159esto mi to ned\u00e1\u2026 Mus\u00edm se n\u011bjak br\u00e1nit.<\/div>\n<div>&#8222;Bo\u017ee\u2026 Ty nev\u00ed\u0161, jak\u00fd to bylo! \u010cekat, jestli se probud\u00ed\u0161 nebo ne\u2026 P\u0159em\u00fd\u0161let o tom, jestli se na m\u011b n\u011bkdy je\u0161t\u011b usm\u011bje\u0161. Jestli to spole\u010dn\u011b je\u0161t\u011b n\u011bkdy po\u0159\u00e1dn\u011b zava\u0159\u00edme Davidovi\u2026 T\u0159eba pouh\u00fdm lepidlem na \u017eidli\u2026&#8220; vyjeknu jedn\u00edm dechem, av\u0161ak kdy\u017e chci pokra\u010dovat, Bill m\u011b op\u011bt p\u0159eru\u0161\u00ed.<br \/>&#8222;Kdo je David?&#8220;<\/div>\n<div>&#8222;Mana\u017eer na\u0161\u00ed skupiny\u2026&#8220; vysv\u011btl\u00edm automaticky a ani si neuv\u011bdomuji co vlastn\u011b \u0159\u00edk\u00e1m.<\/div>\n<div>Zaraz\u00ed m\u011b a\u017e Billova p\u0159ekvapen\u00e1, nev\u011b\u0159\u00edc\u00ed tv\u00e1\u0159.<\/div>\n<div>&#8222;My m\u00e1me skupinu?&#8220;<\/p>\n<p>autor: <strong>Cera<\/strong><br \/>betaread: <strong>Janule<\/strong><\/div>\n","protected":false},"excerpt":{"rendered":"<p>\u010clov\u011bk zapom\u00edn\u00e1. Zapom\u00edn\u00e1 na okam\u017eiky, kter\u00e9 v n\u011bm nic nezanechaly. Zapom\u00edn\u00e1 na okam\u017eiky, kter\u00e9 mu p\u0159inesly by\u0165 sebemen\u0161\u00ed st\u0159\u00edpek \u0161t\u011bst\u00ed\u2026 Ale nezapom\u00edn\u00e1 na chv\u00edle pln\u00e9 utrpen\u00ed, bolesti a zklam\u00e1n\u00ed. Na ty, je\u017e se sna\u017e\u00ed zapudit pr\u00e1v\u011b ze v\u0161ech nejv\u00edc. A pokud se<\/p>\n<p class=\"link-more\"><a class=\"myButt \" href=\"https:\/\/twincestblog.cz\/domains\/twincestblog.cz\/2008\/04\/09\/only-for-you-9\/\">Read More<\/a><\/p>\n","protected":false},"author":1,"featured_media":0,"comment_status":"open","ping_status":"open","sticky":false,"template":"","format":"standard","meta":{"_exactmetrics_skip_tracking":false,"_exactmetrics_sitenote_active":false,"_exactmetrics_sitenote_note":"","_exactmetrics_sitenote_category":0,"footnotes":""},"categories":[108],"tags":[],"class_list":["post-18716","post","type-post","status-publish","format-standard","hentry","category-only-for-you"],"_links":{"self":[{"href":"https:\/\/twincestblog.cz\/domains\/twincestblog.cz\/wp-json\/wp\/v2\/posts\/18716","targetHints":{"allow":["GET"]}}],"collection":[{"href":"https:\/\/twincestblog.cz\/domains\/twincestblog.cz\/wp-json\/wp\/v2\/posts"}],"about":[{"href":"https:\/\/twincestblog.cz\/domains\/twincestblog.cz\/wp-json\/wp\/v2\/types\/post"}],"author":[{"embeddable":true,"href":"https:\/\/twincestblog.cz\/domains\/twincestblog.cz\/wp-json\/wp\/v2\/users\/1"}],"replies":[{"embeddable":true,"href":"https:\/\/twincestblog.cz\/domains\/twincestblog.cz\/wp-json\/wp\/v2\/comments?post=18716"}],"version-history":[{"count":0,"href":"https:\/\/twincestblog.cz\/domains\/twincestblog.cz\/wp-json\/wp\/v2\/posts\/18716\/revisions"}],"wp:attachment":[{"href":"https:\/\/twincestblog.cz\/domains\/twincestblog.cz\/wp-json\/wp\/v2\/media?parent=18716"}],"wp:term":[{"taxonomy":"category","embeddable":true,"href":"https:\/\/twincestblog.cz\/domains\/twincestblog.cz\/wp-json\/wp\/v2\/categories?post=18716"},{"taxonomy":"post_tag","embeddable":true,"href":"https:\/\/twincestblog.cz\/domains\/twincestblog.cz\/wp-json\/wp\/v2\/tags?post=18716"}],"curies":[{"name":"wp","href":"https:\/\/api.w.org\/{rel}","templated":true}]}}