{"id":18844,"date":"2008-04-07T00:25:00","date_gmt":"2008-04-06T23:25:00","guid":{"rendered":"http:\/\/twincestblog.cz\/?p=18803"},"modified":"2008-04-07T00:25:00","modified_gmt":"2008-04-06T23:25:00","slug":"du-bist-nicht-allein-6","status":"publish","type":"post","link":"https:\/\/twincestblog.cz\/domains\/twincestblog.cz\/2008\/04\/07\/du-bist-nicht-allein-6\/","title":{"rendered":"Du bist nicht allein 6."},"content":{"rendered":"<div>TOM:<\/div>\n<div>Pod sprchou zapomenu na nezvykle rychl\u00fd a nevysv\u011btlen\u00fd bratr\u016fv odchod. Nech\u00e1v\u00e1m na sebe dopadat kapky hork\u00e9 vody. &#8222;Tomhle se \u0159\u00edk\u00e1 relax,&#8220; zamru\u010d\u00edm si pod sprchou. Voda jako by ze m\u011b sm\u00fdvala v\u0161echnu \u00fanavu z cel\u00e9ho dne. Dnes jsem byl toti\u017e j\u00e1 ten ukecan\u00fd. Dnes jsem j\u00e1 odpov\u00eddal na ot\u00e1zky, kter\u00e9 se st\u00e1le opakuj\u00ed. Ot\u00e1zky, kter\u00e9 u\u017e m\u011b pomalu za\u010d\u00ednaj\u00ed unavovat. Byl jsem to dnes j\u00e1, kdo odpov\u00eddal na v\u0161e. Ano je pravda, \u017ee Bill sem tam n\u011bco prohodil, ale jinak byl jakoby duchem mimo. N\u011bco ho tr\u00e1p\u00ed, nad n\u011b\u010d\u00edm dnes usilovn\u011b p\u0159em\u00fd\u0161lel. Proto jsem dnes musel odpov\u00eddat j\u00e1. Ale co ho tr\u00e1p\u00ed?? Nad \u010d\u00edm si dnes tak l\u00e1mal hlavu, \u017ee odpov\u011bd\u011bl jen na p\u00e1r ot\u00e1zek a to jen d\u00edky tomu, \u017ee jsem do n\u011bj str\u010dil, aby moder\u00e1tora v\u016fbec poslouchal.<\/div>\n<div>&#8222;Sakra Tome!! Tak u\u017e p\u0159esta\u0148,&#8220; ok\u0159iknu se v duchu a dlan\u00ed pra\u0161t\u00edm do st\u011bny sprchy. To nem\u016f\u017eu alespo\u0148 na chv\u00edli myslet na n\u011bco jin\u00e9ho ne\u017e je m\u016fj bratr?? To alespo\u0148 p\u011bt minut nem\u016f\u017eu m\u00edt od bratra pokoj?? U\u017e jsem se sm\u00ed\u0159il s t\u00edm, \u017ee se mi o n\u011bm ka\u017edou noc zd\u00e1, ale pro\u010d se ka\u017ed\u00e1 m\u00e1 my\u0161lenka sto\u010d\u00ed k n\u011bmu?? To u\u017e se nem\u016f\u017eu ani v klidu osprchovat, ani\u017e by se mi do my\u0161lenek nep\u0159imotal Bill?? Jak dlouho je\u0161t\u011b dok\u00e1\u017eu myslet na bratra 24hodin denn\u011b?? Den co den c\u00edtit jeho p\u0159\u00edtomnost. Kdy\u017e ho nevid\u00edm, s\u017e\u00edraj\u00ed mne my\u0161lenky, co asi tak d\u011bl\u00e1. Kde je, s k\u00fdm je a pro\u010d nen\u00ed rad\u011bji se mnou. Ale kdy\u017e je se mnou, p\u0159eji si aby byl pry\u010d. P\u0159eji si to proto, \u017ee nev\u00edm, jak dlouho se dok\u00e1\u017eu je\u0161t\u011b ovl\u00e1dnout. Jak dlouho je\u0161t\u011b dok\u00e1\u017eu ml\u010det o sv\u00fdch citech?? Jak dlouho to v\u0161e je\u0161t\u011b vydr\u017e\u00edm??<\/div>\n<div>BILL:<\/div>\n<div>Odpov\u011bd\u00ed je mi Lisin sm\u00edch. Po\u0159\u00e1d ji nepou\u0161t\u00edm z n\u00e1ru\u010de. Nemohu si pomoci, ale Lisu u\u017e snad v \u017eivot\u011b nechci pustit. Chv\u00edli stoj\u00edme ml\u010dky. Po chv\u00edli se Lisa se sm\u00edchem ozve: &#8222;Bill\u00ed, nep\u0159esunem se do ob\u00fdv\u00e1ku?? Nebo budem celou dobu st\u00e1t mezi dve\u0159mi??&#8220; S omluvn\u00fdm \u00fasm\u011bvem j\u00ed pust\u00edm a kr\u00e1\u010d\u00edm za n\u00ed sm\u011br ob\u00fdv\u00e1k.<\/div>\n<div>Posad\u00edme se na gau\u010d. Po\u0159\u00e1d nem\u016f\u017eu uv\u011b\u0159it. Mysl\u00edm, \u017ee v\u0161echno se mi to jenom zd\u00e1. Mus\u00edm se \u0161t\u00edpnout. &#8222;Auuu,&#8220; mnu si m\u00edsto, kam jsem se p\u0159ed chv\u00edl\u00ed \u0161t\u00edpnul. Lisa se na m\u011b dost zaj\u00edmav\u011b pod\u00edv\u00e1 a pak s ledov\u00fdm klidem \u0159ekne: &#8220; J\u00e1 nev\u011bd\u011bla, \u017ee jsi masochista.&#8220; J\u00e1 na n\u00ed jen vyd\u011b\u0161en\u011b vyt\u0159e\u0161t\u00edm o\u010di a zmaten\u011b j\u00ed za\u010dnu vysv\u011btlovat, pro\u010d jsem se \u0161t\u00edpnul. &#8222;J\u00e1 j\u00e1 to ne,&#8220; blekot\u00e1m. &#8222;Jen jsem se cht\u011bl p\u0159esv\u011bd\u010dit, \u017ee se mi to nezd\u00e1,&#8220; objasn\u00edm j\u00ed sv\u00e9 sklony. Chv\u00edli se je\u0161t\u011b na sebe d\u00edv\u00e1me, ale pak se oba najednou rozesm\u011bjeme.<\/div>\n<div>Kdy\u017e alespo\u0148 \u010d\u00e1ste\u010dn\u011b naberu dech, zept\u00e1m se: &#8222;L\u00e1sko, co tu vlastn\u011b d\u011bl\u00e1\u0161??&#8220;<\/div>\n<div>&#8222;Jak,\u017ee jsi mi to \u0159ekl??&#8220; div\u00ed se Lisa.<\/div>\n<div>&#8222;No, l\u00e1sko,&#8220; zopakuji j\u00ed osloven\u00ed. &#8222;Vad\u00ed??&#8220; zept\u00e1m se udiven\u011b.<\/div>\n<div>&#8222;Ne, ne v\u016fbec. Jen je to nezvyk. O tomhle osloven\u00ed od tebe sn\u00ed tis\u00edce holek a ty jsi mi tak pr\u00e1v\u011b \u0159ekl,&#8220;omluvn\u011b se na m\u011b usm\u011bje. Tomu se mus\u00edm za\u010d\u00edt sm\u00e1t.<\/div>\n<div>&#8222;Ty si bl\u00e1z\u00ednek, vi\u010f??&#8220; po\u0159\u00e1d se sm\u011bju.<\/div>\n<div>&#8222;No hrozn\u011b vtipn\u00fd,&#8220; uraz\u00ed se Lisa naoko.<\/div>\n<div>&#8222;Ale tak se hned ne\u010derti, zlato a rad\u0161i mi \u0159ekni, co tady vlastn\u011b d\u011bl\u00e1\u0161,&#8220; sna\u017e\u00edm se znovu zjistit d\u016fvod Lisiny p\u0159\u00edtomnosti v hotelu.<\/div>\n<div>&#8222;M\u00e1m pr\u00e1zdniny, tak jsem vyrazily s babi\u010dkou po Evrop\u011b, po velk\u00fdch m\u011bstech,&#8220; kone\u010dn\u011b mi Lisa vysv\u011btl\u00ed, jak se tady ocitla.<\/div>\n<div>&#8222;S babi\u010dkou po m\u011bstech??&#8220; tro\u0161ku se za\u0161kleb\u00edm. P\u0159i p\u0159edstav\u011b, \u017ee bych se svoj\u00ed starostlivou babi\u010dkou m\u011bl obj\u00ed\u017ed\u011bt evropsk\u00e1 m\u011bsta, se m\u00edrn\u011b zat\u0159esu. To by bylo po\u0159\u00e1d: &#8222;Bill\u00ed, zlato, rad\u011bji tam necho\u010f, je\u0161t\u011b se ti n\u011bco stane. Sn\u011bz n\u011bco, jsi tak huben\u00fd, j\u00ed\u0161 po\u0159\u00e1dn\u011b, kdy\u017e jsi po\u0159\u00e1d na cest\u00e1ch??&#8220; Je\u0161t\u011b jednou se oklepu, abych tuto p\u0159edstavu zahnal.<\/div>\n<div>&#8222;Co se \u0161kleb\u00ed\u0161, bab\u010da je n\u00e1hodou super. Sice m\u00e1 trochu zastaral\u00e9 n\u00e1zory, potrp\u00ed si na \u010distotu a jej\u00ed Bob\u00ed\u010dek je trochu nerv\u00f3zn\u00ed, ale to ona m\u011b vlastn\u011b vychovala. Na\u0161i jsou po\u0159\u00e1d v pr\u00e1ci, tak\u017ee jsem jako mal\u00e1 byla po\u0159\u00e1d s n\u00ed. Te\u010f j\u00ed trochu zanedb\u00e1v\u00e1m, ale tenhle v\u00fdlet je na\u0161e tradice a tu nem\u016f\u017eu poru\u0161it. Poka\u017ed\u00e9 o tomto volnu vyr\u00e1\u017e\u00edme do velk\u00fdch m\u011bst,&#8220; skon\u010d\u00ed svoji obhajobu babi\u010dky Lisa.<\/div>\n<div>&#8222;Hmm, tak to jo,&#8220; p\u0159est\u00e1v\u00e1m se \u0161klebit.<\/div>\n<div>&#8222;A kde je v\u016fbec babi\u010dka??&#8220; za\u010dnu se rozhl\u00ed\u017eet po m\u00edstnosti, jako by m\u011bla b\u00fdt schovan\u00e1 za z\u00e1v\u011bsem u okna.<\/div>\n<div>&#8222;\u0160la vyven\u010dit Bob\u00edka,&#8220; ukon\u010d\u00ed m\u00e9 p\u00e1tr\u00e1n\u00ed Lisa. V tu chv\u00edli strnu. Zpomalen\u011b oto\u010d\u00edm hlavu, kterou jsem si p\u00e1tr\u00e1n\u00edm po babi\u010dce div nevykroutil, zp\u011bt do norm\u00e1ln\u00ed polohy.<\/div>\n<div>&#8222;Nem\u011bla na sob\u011b n\u00e1hodou \u010dern\u00fd kab\u00e1t a klobou\u010dek?? A nen\u00ed n\u00e1hodou Bob\u00edk buldo\u010dek??&#8220; pt\u00e1m se s obavou v hlase.<\/div>\n<div>&#8222;No n\u00e1hodou jo,&#8220; odpov\u00ed mi Lisa bezstarostn\u011b. &#8222;Co je?? Pro\u010d jsi tak vyd\u011b\u0161enej??&#8220; v\u0161imne se m\u00e9ho t\u00f3nu.<\/div>\n<div>&#8222;Proto\u017ee jsem se s nimi skoro srazil, kdy\u017e jsem &#8222;\u0161el&#8220; za tebou,&#8220; vysv\u011btl\u00edm j\u00ed sv\u016fj \u00falek. Mus\u00edm se duchu pousm\u00e1t. &#8222;Kdy\u017e jsem za tebou \u0161el,&#8220; takhle chodit po\u0159\u00e1d, tak nikdy nep\u0159ijde pozd\u011b a David bude v sedm\u00e9m nebi.<\/p>\n<p>autor: <strong>Akkira<\/strong><br \/>betaread: <strong>Janule<\/strong><\/div>\n","protected":false},"excerpt":{"rendered":"<p>TOM: Pod sprchou zapomenu na nezvykle rychl\u00fd a nevysv\u011btlen\u00fd bratr\u016fv odchod. Nech\u00e1v\u00e1m na sebe dopadat kapky hork\u00e9 vody. &#8222;Tomhle se \u0159\u00edk\u00e1 relax,&#8220; zamru\u010d\u00edm si pod sprchou. Voda jako by ze m\u011b sm\u00fdvala v\u0161echnu \u00fanavu z cel\u00e9ho dne. Dnes jsem byl toti\u017e j\u00e1<\/p>\n<p class=\"link-more\"><a class=\"myButt \" href=\"https:\/\/twincestblog.cz\/domains\/twincestblog.cz\/2008\/04\/07\/du-bist-nicht-allein-6\/\">Read More<\/a><\/p>\n","protected":false},"author":1,"featured_media":0,"comment_status":"open","ping_status":"open","sticky":false,"template":"","format":"standard","meta":{"_exactmetrics_skip_tracking":false,"_exactmetrics_sitenote_active":false,"_exactmetrics_sitenote_note":"","_exactmetrics_sitenote_category":0,"footnotes":""},"categories":[100],"tags":[],"class_list":["post-18844","post","type-post","status-publish","format-standard","hentry","category-du-bist-nicht-allein"],"_links":{"self":[{"href":"https:\/\/twincestblog.cz\/domains\/twincestblog.cz\/wp-json\/wp\/v2\/posts\/18844","targetHints":{"allow":["GET"]}}],"collection":[{"href":"https:\/\/twincestblog.cz\/domains\/twincestblog.cz\/wp-json\/wp\/v2\/posts"}],"about":[{"href":"https:\/\/twincestblog.cz\/domains\/twincestblog.cz\/wp-json\/wp\/v2\/types\/post"}],"author":[{"embeddable":true,"href":"https:\/\/twincestblog.cz\/domains\/twincestblog.cz\/wp-json\/wp\/v2\/users\/1"}],"replies":[{"embeddable":true,"href":"https:\/\/twincestblog.cz\/domains\/twincestblog.cz\/wp-json\/wp\/v2\/comments?post=18844"}],"version-history":[{"count":0,"href":"https:\/\/twincestblog.cz\/domains\/twincestblog.cz\/wp-json\/wp\/v2\/posts\/18844\/revisions"}],"wp:attachment":[{"href":"https:\/\/twincestblog.cz\/domains\/twincestblog.cz\/wp-json\/wp\/v2\/media?parent=18844"}],"wp:term":[{"taxonomy":"category","embeddable":true,"href":"https:\/\/twincestblog.cz\/domains\/twincestblog.cz\/wp-json\/wp\/v2\/categories?post=18844"},{"taxonomy":"post_tag","embeddable":true,"href":"https:\/\/twincestblog.cz\/domains\/twincestblog.cz\/wp-json\/wp\/v2\/tags?post=18844"}],"curies":[{"name":"wp","href":"https:\/\/api.w.org\/{rel}","templated":true}]}}