{"id":18910,"date":"2008-04-06T00:05:00","date_gmt":"2008-04-05T23:05:00","guid":{"rendered":"http:\/\/twincestblog.cz\/?p=18869"},"modified":"2008-04-06T00:05:00","modified_gmt":"2008-04-05T23:05:00","slug":"koncert-2","status":"publish","type":"post","link":"https:\/\/twincestblog.cz\/domains\/twincestblog.cz\/2008\/04\/06\/koncert-2\/","title":{"rendered":"Koncert 2."},"content":{"rendered":"<div>Koncert prob\u00edh\u00e1 v pohod\u011b, v\u0161ude davy bl\u00e1zn\u00edc\u00edch fanynek. Ony by snad za m\u016fj pohled darovaly cokoli\u2026 i \u017eivot\u2026 N\u011bkdy to vypad\u00e1 mezi nimi fakt docela drasticky. Zp\u00edv\u00e1m, jak nejl\u00e9pe m\u016f\u017eu, p\u0159esto m\u011b Tomovy pohledy a pohyby nenech\u00e1vaj\u00ed chladn\u00fdm. Tom m\u011b za ka\u017edou v\u011btou, za ka\u017ed\u00fdm slovem kontroluje. Sice nen\u00e1padn\u011b, ale jeho sekundov\u00fdm pohledem prop\u00edchne moje srdce a divoce rozproud\u00ed krev v m\u00fdch \u017eil\u00e1ch&#8230; Ne!!! Mus\u00edm se soust\u0159edit na zp\u011bv.V duchu zpytuji sv\u011bdom\u00ed. Chrl\u00edm ze sebe slova, v\u00fdznamov\u011b v\u0161echny pro Toma. V\u0161echno d\u011bn\u00ed v kapele, v\u0161echny texty, v\u0161echna l\u00e1ska pat\u0159\u00ed jemu\u2026 m\u00e9mu nejlep\u0161\u00edmu br\u00e1\u0161kovi. N\u011bkter\u00e9 fanynky si naivn\u011b mysl\u00ed, \u017ee to promlouv\u00e1m k nim, ale d\u011bl\u00e1m to jen kv\u016fli m\u00e9 nejv\u011bt\u0161\u00ed l\u00e1sce.<\/div>\n<div>Dnes se v\u0161ichni moc sna\u017e\u00edme, tento koncert v N\u011bmecku je pro n\u00e1s velmi d\u016fle\u017eit\u00fd. Tom se ode m\u011b vzdaluje. Jde pozdravit fanou\u0161ky na okraj vystupovac\u00ed plochy. J\u00e1 zp\u00edv\u00e1m z pln\u00fdch plic, ale moje o\u010di nem\u016f\u017eou z\u016fstat na fanou\u0161c\u00edch, mus\u00edm po\u0159\u00e1d sledovat Toma. Hlavn\u011b jak si to u\u017e\u00edv\u00e1 s fanou\u0161ky\u2026 Je tak kr\u00e1sn\u00e9 vid\u011bt n\u011bco, co se sna\u017e\u00ed stejn\u011b jako j\u00e1 a je\u0161t\u011b mu z\u00e1le\u017e\u00ed na n\u00e1s v\u0161ech. \u00d3, tak ochotn\u00e9 a up\u0159\u00edmn\u00e9!<\/div>\n<div>Po chv\u00edli p\u0159ib\u011bhnu k n\u011bmu a za\u010dneme si tuto situaci pln\u011b u\u017e\u00edvat spole\u010dn\u011b. Ot\u00e1\u010d\u00ed pohled ke mn\u011b, usm\u00edv\u00e1me se na sebe a bereme to jako svoje hudebn\u00ed vy\u017eit\u00ed\u2026<\/div>\n<div>Ach, ty pohledy\u2026 a tu kytaru na sv\u00e9m prohnut\u00e9m t\u011ble, struny, na kter\u00e9 brnk\u00e1, zakr\u00fdvaj\u00ed p\u0159esn\u011b jeho p\u0159irozen\u00ed. Z jeho tv\u00e1\u0159e pozoruji jeho velk\u00e9 vzru\u0161en\u00ed. &#8222;\u017de by jsem ho vzru\u0161oval?&#8220; To je \u00fa\u017easn\u00fd pocit, u\u017e jsem my\u0161lenkami na hotelu. Spolu, jen my\u2026 Rytmick\u00e1 p\u00edsni\u010dka skon\u010dila a my, u\u017e pln\u011b vy\u010derpan\u00ed, se nem\u016f\u017eeme do\u010dkat posledn\u00ed pomal\u00e9 In die Nacht.<\/div>\n<div>Publikum ztichne, v\u0161ichni \u010dekaj\u00ed, a\u017e reflektory oz\u00e1\u0159\u00ed jen n\u00e1s dva. To sv\u011btlo je jako ka\u017ed\u00fd z n\u00e1s, kter\u00fd vn\u00e1\u0161\u00ed do \u017eivota tomu druh\u00e9mu p\u0159ekr\u00e1snou \u010distou l\u00e1sku. Takovou, kter\u00e1 m\u016f\u017ee existovat jen v sourozenc\u00edch. V\u0161echna ta \u010dern\u00e1 tma kolem ale nedok\u00e1\u017ee porazit tuto l\u00e1sku. Na\u0161e sv\u011btlo je siln\u011bj\u0161\u00ed ne\u017e ona\u2026<\/div>\n<div>Za\u010dnu zp\u00edvat p\u00edsni\u010dku In die Nacht. P\u0159esn\u011b vysv\u011btluje m\u00e9 aktu\u00e1ln\u00ed pocity, ale ka\u017ed\u00fd koncert ji obohacuje n\u011bco jin\u00e9ho. Jsou to bratrovy pohledy, ka\u017ed\u00fd jeho pohyb \u00fast, o\u010d\u00ed \u010di t\u011bla je poka\u017ed\u00e9 nenapodobiteln\u00fd origin\u00e1l, a proto se mi na\u0161e p\u00edsni\u010dky nep\u0159estaly a douf\u00e1m, \u017ee ani nep\u0159estanou, ohr\u00e1vat\u2026 Ty pocity se toti\u017e napodobit nedaj\u00ed. Trvaj\u00ed v n\u00e1s a budou trvat cel\u00fd \u017eivot. Kdy\u017e jsme ho cel\u00fd spole\u010dn\u011b za\u010dali, mus\u00edme ho ve stejn\u00e9m slo\u017een\u00ed i dokon\u010dit. Vid\u00edm v Tomovi nedo\u010dkavost, chu\u0165\u2026 Pouze sta\u010d\u00ed, kdy\u017e se v jeho \u010dokol\u00e1dov\u00fdch o\u010d\u00ed zabl\u00fdskne paprsek \u010dist\u00e9 l\u00e1sky, to sv\u011btlo\u2026 uv\u00e1d\u00ed m\u011b do rozpak\u016f. Neust\u00e1le se d\u00edv\u00e1me sob\u011b do o\u010d\u00ed a j\u00e1 jen pomalu vyslovuju slova. Oba se tolik ch\u00e1peme. Ch\u00e1peme navz\u00e1jem sv\u00e9 pocity, h\u00e1dky, \u0161t\u011bst\u00ed i smutek.V\u017edy\u0165 Tom je jedin\u00e1 osoba na sv\u011bt\u011b, kter\u00e9 m\u016f\u017eu nejv\u00edce v\u011b\u0159it. Je to p\u0159ece m\u016fj bratr! A mysl\u00edm si, \u017ee on m\u00e1 na to stejn\u00fd n\u00e1zor\u2026<\/div>\n<div>Koncert skon\u010dil, posledn\u00ed, u\u017e pon\u011bkud odbyt\u00e1 slova, n\u00e1sledn\u00e9 d\u011bkov\u00e1n\u00ed fanou\u0161k\u016fm i fanou\u0161k\u016f\u2026<\/p>\n<p>autor: <strong>Wendulka<\/strong><br \/>betaread: <strong>Michelle M.<\/strong><\/div>\n","protected":false},"excerpt":{"rendered":"<p>Koncert prob\u00edh\u00e1 v pohod\u011b, v\u0161ude davy bl\u00e1zn\u00edc\u00edch fanynek. Ony by snad za m\u016fj pohled darovaly cokoli\u2026 i \u017eivot\u2026 N\u011bkdy to vypad\u00e1 mezi nimi fakt docela drasticky. Zp\u00edv\u00e1m, jak nejl\u00e9pe m\u016f\u017eu, p\u0159esto m\u011b Tomovy pohledy a pohyby nenech\u00e1vaj\u00ed chladn\u00fdm. Tom m\u011b za ka\u017edou<\/p>\n<p class=\"link-more\"><a class=\"myButt \" href=\"https:\/\/twincestblog.cz\/domains\/twincestblog.cz\/2008\/04\/06\/koncert-2\/\">Read More<\/a><\/p>\n","protected":false},"author":1,"featured_media":0,"comment_status":"open","ping_status":"open","sticky":false,"template":"","format":"standard","meta":{"_exactmetrics_skip_tracking":false,"_exactmetrics_sitenote_active":false,"_exactmetrics_sitenote_note":"","_exactmetrics_sitenote_category":0,"footnotes":""},"categories":[94],"tags":[],"class_list":["post-18910","post","type-post","status-publish","format-standard","hentry","category-koncert"],"_links":{"self":[{"href":"https:\/\/twincestblog.cz\/domains\/twincestblog.cz\/wp-json\/wp\/v2\/posts\/18910","targetHints":{"allow":["GET"]}}],"collection":[{"href":"https:\/\/twincestblog.cz\/domains\/twincestblog.cz\/wp-json\/wp\/v2\/posts"}],"about":[{"href":"https:\/\/twincestblog.cz\/domains\/twincestblog.cz\/wp-json\/wp\/v2\/types\/post"}],"author":[{"embeddable":true,"href":"https:\/\/twincestblog.cz\/domains\/twincestblog.cz\/wp-json\/wp\/v2\/users\/1"}],"replies":[{"embeddable":true,"href":"https:\/\/twincestblog.cz\/domains\/twincestblog.cz\/wp-json\/wp\/v2\/comments?post=18910"}],"version-history":[{"count":0,"href":"https:\/\/twincestblog.cz\/domains\/twincestblog.cz\/wp-json\/wp\/v2\/posts\/18910\/revisions"}],"wp:attachment":[{"href":"https:\/\/twincestblog.cz\/domains\/twincestblog.cz\/wp-json\/wp\/v2\/media?parent=18910"}],"wp:term":[{"taxonomy":"category","embeddable":true,"href":"https:\/\/twincestblog.cz\/domains\/twincestblog.cz\/wp-json\/wp\/v2\/categories?post=18910"},{"taxonomy":"post_tag","embeddable":true,"href":"https:\/\/twincestblog.cz\/domains\/twincestblog.cz\/wp-json\/wp\/v2\/tags?post=18910"}],"curies":[{"name":"wp","href":"https:\/\/api.w.org\/{rel}","templated":true}]}}