{"id":18985,"date":"2008-04-03T20:32:00","date_gmt":"2008-04-03T19:32:00","guid":{"rendered":"http:\/\/twincestblog.cz\/?p=18944"},"modified":"2008-04-03T20:32:00","modified_gmt":"2008-04-03T19:32:00","slug":"zrazeny","status":"publish","type":"post","link":"https:\/\/twincestblog.cz\/domains\/twincestblog.cz\/2008\/04\/03\/zrazeny\/","title":{"rendered":"Zrazen\u00fd"},"content":{"rendered":"<div><em>Po\u010det slov: +-100 (mysl\u00edm 108, mn\u011b se to prost\u011b do t\u00e9 100 necht\u011blo vej\u00edt\u2026 :-\/ )<\/em><\/div>\n<div><em>Twincest: Ano<\/em><\/div>\n<div><em>\u017d\u00e1nr: m\u011blo to b\u00fdt Emo, ale n\u011bjak se mi to nezd\u00e1\u2026<\/em><\/div>\n<div><em>Zadan\u00e1 slova: park, d\u016fm, sysel<br \/><\/em><\/div>\n<div>Ut\u00edkal\u2026pry\u010d parkem\u2026nev\u011bd\u011bl o tom\u2026myslel jen na to, co p\u0159ed chvilkou vid\u011bl\u2026\u00fapln\u011b vy\u010derpan\u00fd se v parku z\u0159\u00edtil na lavi\u010dku\u2026jeho a bratr\u016fv d\u016fm pro n\u011bj p\u0159estal b\u00fdt domovem\u2026jeho bratr ho podvedl\u2026byl to pro n\u011bj stra\u0161n\u00fd \u0161ok, kdy\u017e ho uvid\u011bl v posteli s b\u016fhv\u00edjak\u00fdm stvo\u0159en\u00edm\u2026nev\u011bd\u011bl jestli to byla holka nebo kluk, bylo mu to jedno\u2026!!!<\/div>\n<div>Cht\u011bl by b\u00fdt syslem\u2026p\u0159ed v\u0161emi nep\u0159\u00edjemnostmi by se ukryl ve sv\u00e9 no\u0159e\u2026zvedl se a \u0161el d\u00e1l\u2026do\u0161el k opu\u0161t\u011bn\u00e9mu domu s rozbit\u00fdmi okny\u2026zvedl jeden st\u0159ep a zajel si s n\u00edm pod k\u016f\u017ei na z\u00e1p\u011bst\u00ed\u2026hloub\u011bji a hloub\u011bji&#8230;te\u010f v\u011bd\u011bl jedno-temn\u00ed and\u011bl\u00e9 ho volaj\u00ed\u2026!!!<\/div>\n<div>P.S.: P\u0159edstavte si pod t\u00edm koho chcete\u2026 =o)<\/p>\n<p>autor: <strong>Any.K.<br \/><\/strong>betaread: <strong>Janule<\/strong><\/div>\n","protected":false},"excerpt":{"rendered":"<p>Po\u010det slov: +-100 (mysl\u00edm 108, mn\u011b se to prost\u011b do t\u00e9 100 necht\u011blo vej\u00edt\u2026 :-\/ ) Twincest: Ano \u017d\u00e1nr: m\u011blo to b\u00fdt Emo, ale n\u011bjak se mi to nezd\u00e1\u2026 Zadan\u00e1 slova: park, d\u016fm, sysel Ut\u00edkal\u2026pry\u010d parkem\u2026nev\u011bd\u011bl o tom\u2026myslel jen na to, co<\/p>\n<p class=\"link-more\"><a class=\"myButt \" href=\"https:\/\/twincestblog.cz\/domains\/twincestblog.cz\/2008\/04\/03\/zrazeny\/\">Read More<\/a><\/p>\n","protected":false},"author":1,"featured_media":0,"comment_status":"open","ping_status":"open","sticky":false,"template":"","format":"standard","meta":{"_exactmetrics_skip_tracking":false,"_exactmetrics_sitenote_active":false,"_exactmetrics_sitenote_note":"","_exactmetrics_sitenote_category":0,"footnotes":""},"categories":[43],"tags":[],"class_list":["post-18985","post","type-post","status-publish","format-standard","hentry","category-drabbles"],"_links":{"self":[{"href":"https:\/\/twincestblog.cz\/domains\/twincestblog.cz\/wp-json\/wp\/v2\/posts\/18985","targetHints":{"allow":["GET"]}}],"collection":[{"href":"https:\/\/twincestblog.cz\/domains\/twincestblog.cz\/wp-json\/wp\/v2\/posts"}],"about":[{"href":"https:\/\/twincestblog.cz\/domains\/twincestblog.cz\/wp-json\/wp\/v2\/types\/post"}],"author":[{"embeddable":true,"href":"https:\/\/twincestblog.cz\/domains\/twincestblog.cz\/wp-json\/wp\/v2\/users\/1"}],"replies":[{"embeddable":true,"href":"https:\/\/twincestblog.cz\/domains\/twincestblog.cz\/wp-json\/wp\/v2\/comments?post=18985"}],"version-history":[{"count":0,"href":"https:\/\/twincestblog.cz\/domains\/twincestblog.cz\/wp-json\/wp\/v2\/posts\/18985\/revisions"}],"wp:attachment":[{"href":"https:\/\/twincestblog.cz\/domains\/twincestblog.cz\/wp-json\/wp\/v2\/media?parent=18985"}],"wp:term":[{"taxonomy":"category","embeddable":true,"href":"https:\/\/twincestblog.cz\/domains\/twincestblog.cz\/wp-json\/wp\/v2\/categories?post=18985"},{"taxonomy":"post_tag","embeddable":true,"href":"https:\/\/twincestblog.cz\/domains\/twincestblog.cz\/wp-json\/wp\/v2\/tags?post=18985"}],"curies":[{"name":"wp","href":"https:\/\/api.w.org\/{rel}","templated":true}]}}