{"id":19086,"date":"2008-03-31T19:13:00","date_gmt":"2008-03-31T18:13:00","guid":{"rendered":"http:\/\/twincestblog.cz\/?p=19045"},"modified":"2008-03-31T19:13:00","modified_gmt":"2008-03-31T18:13:00","slug":"schrei-volume","status":"publish","type":"post","link":"https:\/\/twincestblog.cz\/domains\/twincestblog.cz\/2008\/03\/31\/schrei-volume\/","title":{"rendered":"Schrei volume"},"content":{"rendered":"<div>Pro\u010d k\u0159i\u010det SHREI?<\/div>\n<div>Kdy\u017e n\u00e1\u0161 hlas ztr\u00e1c\u00ed se v davu\u2026<\/div>\n<div>Pro\u010d b\u011b\u017eet DURCH DEN MONSUN?<\/div>\n<div>Kdy\u017e ut\u00edk\u00e1me na \u00fakor strachu\u2026<\/div>\n<div>Pro\u010d \u017e\u00edt LIEB DIE SEKUNDE?<\/div>\n<div>Kdy\u017e \u017eivot n\u00e1s zklame\u2026<\/div>\n<div>Pro\u010d bre\u010det RETTE MICH?<\/div>\n<div>Kdy\u017e l\u00e1ska n\u00e1s klame\u2026<\/div>\n<div>Pro\u010d z\u016fstat FREUNDE BLEIBEN?<\/div>\n<div>Kdy\u017e n\u00e1s v\u0161ichni opustili\u2026<\/div>\n<div>Pro\u010d ICH BIN NICHT ICH?<\/div>\n<div>Kdy\u017e tu se mnou nez\u016fstali\u2026<\/div>\n<div>WENN NICHTS MEHR GEHT<\/div>\n<div>To nen\u00ed snad v\u010derej\u0161\u00ed\u2026<\/div>\n<div>Pro\u010d LASS UNS HIER RAUS?<\/div>\n<div>Tak to bude nejsp\u00ed\u0161 lep\u0161\u00ed\u2026<\/div>\n<div>Pro\u010d GEGEN MEINEN WILLEN?<\/div>\n<div>Nikdo nechce zn\u00e1t m\u016fj n\u00e1zor\u2026<\/div>\n<div>My jsme ale JUNG UND NICHT MEHR JUGENDFREI<\/div>\n<div>Na tyhle lidi d\u00e1vejte si rad\u011bj pozor\u2026<\/div>\n<div>I kdy\u017e je to m\u016fj DER LETZE TAG.<\/div>\n<div>Nesm\u00edm ztratit nad\u011bji\u2026<\/div>\n<div>Nav\u017edy zmiz\u00edm v UNENDLICHKEIT.<\/div>\n<div>Lep\u0161\u00ed ne\u017e \u017e\u00edt ve strachu a beznad\u011bji\u2026<\/div>\n<div>Poslouchejte moj\u00ed BEICHTE!<\/div>\n<div>Ta v\u00e1m snad napov\u00ed\u2026<\/div>\n<div>Pro\u010d SCHWARZ?<\/div>\n<div>Pro\u010d je osud takov\u00fd\u2026<\/div>\n<div>Ty jsi pro m\u011b THEMA NR.1.<\/div>\n<div>Ty m\u011b dr\u017e\u00ed\u0161 p\u0159i \u017eivot\u011b\u2026<\/div>\n<div>\u0160el bych \u00dcBERS ENDE DER WELT.<\/div>\n<div>Pom\u016f\u017ee\u0161 mi, kdy\u017e jsem na dn\u011b\u2026<\/div>\n<div>Proto v\u011b\u0159\u00edm v TOTGELIEBT?<\/div>\n<div>Ta je n\u00e1m souzen\u00e1\u2026<\/div>\n<div>Kdy\u017e poslouch\u00e1m SPRING NICHT!<\/div>\n<div>Na tohle se \u0161patn\u011b vzpom\u00edn\u00e1\u2026<\/div>\n<div>Jsi pro m\u011b v\u00edc ne\u017e HEILIG!<\/div>\n<div>Kdy\u017e jak and\u011bl l\u00e9t\u00e1\u0161 po noci\u2026<\/div>\n<div>No tak! WO SIND EURE H\u00c4NDE?<\/div>\n<div>U\u017e mi nen\u00ed pomoci\u2026<\/div>\n<div>Sta\u010d\u00ed jen STICH INS GL\u00dcCK.<\/div>\n<div>A v\u0161e se mo\u017en\u00e1 sprav\u00ed\u2026<\/div>\n<div>Potom ale ICH BRECH AUS!<\/div>\n<div>Nic m\u011b u\u017e nezastav\u00ed\u2026<\/div>\n<div>D\u016fle\u017eit\u00e9 je REDEN!<\/div>\n<div>To u n\u00e1s v\u0161ak nepom\u00e1h\u00e1\u2026<\/div>\n<div>V\u00edm \u017ee NACH DIR KOMMT NICHTS.<\/div>\n<div>To mou du\u0161i uvnit\u0159 u\u017e\u00edr\u00e1\u2026<\/div>\n<div>Ale p\u0159ece WIR STERBEN NIEMALS AUS.<\/div>\n<div>To m\u011b ale neuklidn\u00ed\u2026<\/div>\n<div>Jsem jak VERGESSENE KINDER.<\/div>\n<div>Nem\u00e1m na sv\u00e9 stran\u011b \u017e\u00e1dn\u00e9 lidi\u2026<\/div>\n<div>P\u0159esn\u011b tak AN DEINER SEITE.<\/div>\n<div>To je p\u0159esn\u011b to co mysl\u00edm\u2026<\/div>\n<div>Ale nezapome\u0148\u2026(ICH BIN DA)!<\/div>\n<div>\u2026pro tebe\u2026L\u00c1SKO!<\/p>\n<p>autor: <strong>Pajda<\/strong><br \/>betaread: <strong>Janule<\/strong><\/div>\n","protected":false},"excerpt":{"rendered":"<p>Pro\u010d k\u0159i\u010det SHREI? Kdy\u017e n\u00e1\u0161 hlas ztr\u00e1c\u00ed se v davu\u2026 Pro\u010d b\u011b\u017eet DURCH DEN MONSUN? Kdy\u017e ut\u00edk\u00e1me na \u00fakor strachu\u2026 Pro\u010d \u017e\u00edt LIEB DIE SEKUNDE? Kdy\u017e \u017eivot n\u00e1s zklame\u2026 Pro\u010d bre\u010det RETTE MICH? Kdy\u017e l\u00e1ska n\u00e1s klame\u2026 Pro\u010d z\u016fstat FREUNDE BLEIBEN? Kdy\u017e<\/p>\n<p class=\"link-more\"><a class=\"myButt \" href=\"https:\/\/twincestblog.cz\/domains\/twincestblog.cz\/2008\/03\/31\/schrei-volume\/\">Read More<\/a><\/p>\n","protected":false},"author":1,"featured_media":0,"comment_status":"open","ping_status":"open","sticky":false,"template":"","format":"standard","meta":{"_exactmetrics_skip_tracking":false,"_exactmetrics_sitenote_active":false,"_exactmetrics_sitenote_note":"","_exactmetrics_sitenote_category":0,"footnotes":""},"categories":[42],"tags":[],"class_list":["post-19086","post","type-post","status-publish","format-standard","hentry","category-poems"],"_links":{"self":[{"href":"https:\/\/twincestblog.cz\/domains\/twincestblog.cz\/wp-json\/wp\/v2\/posts\/19086","targetHints":{"allow":["GET"]}}],"collection":[{"href":"https:\/\/twincestblog.cz\/domains\/twincestblog.cz\/wp-json\/wp\/v2\/posts"}],"about":[{"href":"https:\/\/twincestblog.cz\/domains\/twincestblog.cz\/wp-json\/wp\/v2\/types\/post"}],"author":[{"embeddable":true,"href":"https:\/\/twincestblog.cz\/domains\/twincestblog.cz\/wp-json\/wp\/v2\/users\/1"}],"replies":[{"embeddable":true,"href":"https:\/\/twincestblog.cz\/domains\/twincestblog.cz\/wp-json\/wp\/v2\/comments?post=19086"}],"version-history":[{"count":0,"href":"https:\/\/twincestblog.cz\/domains\/twincestblog.cz\/wp-json\/wp\/v2\/posts\/19086\/revisions"}],"wp:attachment":[{"href":"https:\/\/twincestblog.cz\/domains\/twincestblog.cz\/wp-json\/wp\/v2\/media?parent=19086"}],"wp:term":[{"taxonomy":"category","embeddable":true,"href":"https:\/\/twincestblog.cz\/domains\/twincestblog.cz\/wp-json\/wp\/v2\/categories?post=19086"},{"taxonomy":"post_tag","embeddable":true,"href":"https:\/\/twincestblog.cz\/domains\/twincestblog.cz\/wp-json\/wp\/v2\/tags?post=19086"}],"curies":[{"name":"wp","href":"https:\/\/api.w.org\/{rel}","templated":true}]}}