{"id":19095,"date":"2008-03-31T18:50:00","date_gmt":"2008-03-31T17:50:00","guid":{"rendered":"http:\/\/twincestblog.cz\/?p=19054"},"modified":"2008-03-31T18:50:00","modified_gmt":"2008-03-31T17:50:00","slug":"ohne-dich-kann-ich-nicht","status":"publish","type":"post","link":"https:\/\/twincestblog.cz\/domains\/twincestblog.cz\/2008\/03\/31\/ohne-dich-kann-ich-nicht\/","title":{"rendered":"Ohne dich kann ich nicht"},"content":{"rendered":"<div>Ned\u00e1vno jsem si uv\u011bdomil:<\/div>\n<div>Pro\u010d jsem se za sukn\u011bmi honil?<\/div>\n<div>Kdy\u017e nejv\u011bt\u0161\u00ed kr\u00e1su doma m\u00e1m,<\/div>\n<div>nemysli si, \u017ee se t\u011b jen tak vzd\u00e1m.<\/div>\n<div>Kdy\u017e na m\u011b pohled sv\u016fj vrhne\u0161,<\/div>\n<div>na kolena m\u011b t\u00edm strhne\u0161.<\/div>\n<div>Co se ti br\u00e1\u0161ko v hlav\u011b hon\u00ed?<\/div>\n<div>Tvoje vl\u00e1sky tak n\u00e1dhern\u011b von\u00ed.<\/div>\n<div>Kdy\u017e na tvou tv\u00e1\u0159 se pod\u00edv\u00e1m,<\/div>\n<div>nic okolo u\u017e v\u016fbec nevn\u00edm\u00e1m.<\/div>\n<div>Sv\u011bt bez tebe je nicotn\u00e1 d\u00edra,<\/div>\n<div>jiskra v tv\u00fdch o\u010d\u00edch je sv\u00edt\u00edc\u00ed \u0161kv\u00edra.<\/div>\n<div>Jak to, \u017ee bez tebe \u017eivot cenu ztr\u00e1c\u00ed,<\/div>\n<div>vzpom\u00ednky na d\u011btstv\u00ed se mi vrac\u00ed.<\/div>\n<div>Tenkr\u00e1t jsem ne\u017e\u00e1rlil na \u017e\u00e1dnou hol\u010dinu,<\/div>\n<div>nedopou\u0161t\u011bl jsem se toho zlo\u010dinu\u2026<\/div>\n<div>Pro\u010d jen mi v m\u00e9 pam\u011bti z\u016fst\u00e1v\u00e1\u0161?<\/div>\n<div>Pro\u010d sex jen lidskou pot\u0159ebou shled\u00e1v\u00e1\u0161?<\/div>\n<div>Sex je pokro\u010dil\u00fdm stadiem l\u00e1sky,<\/div>\n<div style=\"text-align:left\">tak u\u017e ned\u011blej na m\u00e9m srdci vr\u00e1sky!!!<\/p>\n<p>autor: <strong>Neilinka<\/strong><br \/>betaread: <strong>Janule<\/strong><\/div>\n","protected":false},"excerpt":{"rendered":"<p>Ned\u00e1vno jsem si uv\u011bdomil: Pro\u010d jsem se za sukn\u011bmi honil? Kdy\u017e nejv\u011bt\u0161\u00ed kr\u00e1su doma m\u00e1m, nemysli si, \u017ee se t\u011b jen tak vzd\u00e1m. Kdy\u017e na m\u011b pohled sv\u016fj vrhne\u0161, na kolena m\u011b t\u00edm strhne\u0161. Co se ti br\u00e1\u0161ko v hlav\u011b hon\u00ed? Tvoje<\/p>\n<p class=\"link-more\"><a class=\"myButt \" href=\"https:\/\/twincestblog.cz\/domains\/twincestblog.cz\/2008\/03\/31\/ohne-dich-kann-ich-nicht\/\">Read More<\/a><\/p>\n","protected":false},"author":1,"featured_media":0,"comment_status":"open","ping_status":"open","sticky":false,"template":"","format":"standard","meta":{"_exactmetrics_skip_tracking":false,"_exactmetrics_sitenote_active":false,"_exactmetrics_sitenote_note":"","_exactmetrics_sitenote_category":0,"footnotes":""},"categories":[42],"tags":[],"class_list":["post-19095","post","type-post","status-publish","format-standard","hentry","category-poems"],"_links":{"self":[{"href":"https:\/\/twincestblog.cz\/domains\/twincestblog.cz\/wp-json\/wp\/v2\/posts\/19095","targetHints":{"allow":["GET"]}}],"collection":[{"href":"https:\/\/twincestblog.cz\/domains\/twincestblog.cz\/wp-json\/wp\/v2\/posts"}],"about":[{"href":"https:\/\/twincestblog.cz\/domains\/twincestblog.cz\/wp-json\/wp\/v2\/types\/post"}],"author":[{"embeddable":true,"href":"https:\/\/twincestblog.cz\/domains\/twincestblog.cz\/wp-json\/wp\/v2\/users\/1"}],"replies":[{"embeddable":true,"href":"https:\/\/twincestblog.cz\/domains\/twincestblog.cz\/wp-json\/wp\/v2\/comments?post=19095"}],"version-history":[{"count":0,"href":"https:\/\/twincestblog.cz\/domains\/twincestblog.cz\/wp-json\/wp\/v2\/posts\/19095\/revisions"}],"wp:attachment":[{"href":"https:\/\/twincestblog.cz\/domains\/twincestblog.cz\/wp-json\/wp\/v2\/media?parent=19095"}],"wp:term":[{"taxonomy":"category","embeddable":true,"href":"https:\/\/twincestblog.cz\/domains\/twincestblog.cz\/wp-json\/wp\/v2\/categories?post=19095"},{"taxonomy":"post_tag","embeddable":true,"href":"https:\/\/twincestblog.cz\/domains\/twincestblog.cz\/wp-json\/wp\/v2\/tags?post=19095"}],"curies":[{"name":"wp","href":"https:\/\/api.w.org\/{rel}","templated":true}]}}