{"id":19096,"date":"2008-03-31T18:50:00","date_gmt":"2008-03-31T17:50:00","guid":{"rendered":"http:\/\/twincestblog.cz\/?p=19055"},"modified":"2008-03-31T18:50:00","modified_gmt":"2008-03-31T17:50:00","slug":"vrat-se-mi-13","status":"publish","type":"post","link":"https:\/\/twincestblog.cz\/domains\/twincestblog.cz\/2008\/03\/31\/vrat-se-mi-13\/","title":{"rendered":"Vra\u0165 se mi"},"content":{"rendered":"<div><em>-&#8222;Necho\u010f\u2026&#8220;<\/em><\/div>\n<div><em>-&#8222;Pro\u010d?&#8220;<\/em><\/div>\n<div><em>-&#8222;Boj\u00edm se o tebe&#8220;<\/em><\/div>\n<div><em>-&#8222;Nemus\u00ed\u0161. Nic se mi nestane \u2026 slibuji!&#8220;<\/em><\/div>\n<div>Pro\u010d?<\/div>\n<div>Pt\u00e1m se: pro\u010d?<\/div>\n<div>Pro\u010d jsem takov\u00fd hlup\u00e1k?<\/div>\n<div>Nechal jsem t\u011b odej\u00edt\u2026<\/div>\n<div>i kdy\u017e by jsi \u0161el tak jako tak.<\/div>\n<div>Nikdy m\u011b neposlouch\u00e1\u0161!<\/div>\n<div>S\u00e1m sis to zavinil\u2026<\/div>\n<div>Byla to jen kamufl\u00e1\u017e.<\/div>\n<div>A j\u00e1 se pt\u00e1m: pro\u010d?<\/div>\n<div>Copak jsi nic nepochopil\u2026?<\/div>\n<div>Nezn\u00e1\u0161 m\u011b ani sebe.<\/div>\n<div>Jak ti m\u00e1m vysv\u011btlit,<\/div>\n<div>\u017ee jsem d\u0159\u00edv leh\u00e1val vedle tebe?<\/div>\n<div>Jak ti m\u00e1m vysv\u011btlit,<\/div>\n<div>\u017ee za to v\u0161echno m\u016f\u017eu j\u00e1\u2026?<\/div>\n<div>Za tv\u016fj vrchol a p\u00e1d.<\/div>\n<div>Pt\u00e1m se: pro\u010d?<\/div>\n<div>A nel\u017ei\u2026<\/div>\n<div>Sl\u00edbil si, \u017ee se mi vr\u00e1t\u00ed\u0161,<\/div>\n<div>Sko\u010d\u00ed\u0161 mi do n\u00e1ru\u010de na tv\u00e1\u0159 m\u011b pol\u00edb\u00ed\u0161.<\/div>\n<div>Tvoje o\u010di t\u011b ale v\u017edy prozrad\u00ed.<\/div>\n<div>Nepoznal jsi m\u011b\u2026<\/div>\n<div>V\u00ed\u0161, co te\u010f m\u00e9 srdce c\u00edt\u00ed?<\/div>\n<div>Cht\u011bl bys to v\u016fbec v\u011bd\u011bt?<\/div>\n<div>Nec\u00edt\u00ed nic!<\/div>\n<div>Tys to v\u0161echno zabil\u2026<\/div>\n<div><em>Tv\u00e1 l\u00e1ska je pry\u010d,<\/em><\/div>\n<div><em>tv\u016fj \u00fasm\u011bv v\u00edtr odv\u00e1l,<\/em><\/div>\n<div><em>tv\u00e9 o\u010di postr\u00e1daj\u00ed onen cht\u00ed\u010d.<\/em><\/div>\n<div><em>A j\u00e1 jej tak postr\u00e1dal.<\/em><\/div>\n<div><em>Jsi to v\u016fbec ty,<\/em><\/div>\n<div><em>m\u016fj and\u011bli?<\/em><\/div>\n<div>Pros\u00edm.<\/div>\n<div>Tebe a v\u0161echny ostatn\u00ed.<\/div>\n<div>Pros\u00edm cel\u00fdm zbytkem m\u00e9ho srdce.<\/div>\n<div>Vra\u0165 se mi.<\/div>\n<div>Ty, osoba mi ze v\u0161ech nejmilej\u0161\u00ed.<\/div>\n<div>Vra\u0165 se mi.<\/div>\n<div>Ty, kter\u00fd jsi m\u011b nau\u010dil v\u0161emu.<\/div>\n<div>Vra\u0165 se a donu\u0165 svou tv\u00e1\u0159 k \u00fasm\u011bvu.<\/div>\n<div>Tak,<\/div>\n<div>jak to dok\u00e1\u017ee\u0161 jen ty\u2026<\/div>\n<div>Pt\u00e1m se: pro\u010d?<\/div>\n<div>Neodpov\u00edd\u00e1\u0161.<\/div>\n<div>D\u00edv\u00e1m se do t\u00e9 pr\u00e1zdnoty,<\/div>\n<div>ve kter\u00e9 se ut\u00e1p\u00ed tv\u00e9 o\u010di.<\/div>\n<div><em>Ml\u010d\u00ed\u0161<\/em><\/div>\n<div><em>A t\u00edm m\u00e9 srdce mu\u010d\u00ed\u0161.<\/em><\/div>\n<div>Ten chlad je jako ledov\u00e1 d\u00fdka,<\/div>\n<div>kter\u00e1 zabod\u00e1v\u00e1 do m\u00e9 hrudi.<\/div>\n<div>Ot\u00e1\u010d\u00ed\u0161 j\u00ed v\u0161emi sm\u011bry,<\/div>\n<div>chce\u0161 snad u\u0161kodit mi?<\/div>\n<div>D\u00fdka v\u0161ak marn\u011b hled\u00e1 srdce.<\/div>\n<div>St\u00e1le jsi nic nepochopil\u2026<\/div>\n<div>\u017de to co hled\u00e1\u0161,<\/div>\n<div>sis s\u00e1m p\u0159ivlastnil.<\/div>\n<div><em>Odevzd\u00e1v\u00e1m se ti, tady a te\u010f.<\/em><\/div>\n<div><em>Nezra\u010f m\u011b pros\u00edm,<\/em><\/div>\n<div><em>od chmurn\u00fdch my\u0161lenek, mou mysl odve\u010f.<\/em><\/div>\n<div><em>Osude,<\/em><\/div>\n<div><em>on je mnou, j\u00e1 jsem j\u00edm.<\/em><\/div>\n<div><em>Ani tv\u00e1 moc n\u00e1s nerozd\u011bl\u00ed\u2026<\/em><\/div>\n<div>Srdce bled\u00e9&#8230; t\u00e9m\u011b\u0159 pr\u016fsvitn\u00e9,<\/div>\n<div>odb\u00edj\u00ed posledn\u00ed vte\u0159iny.<\/div>\n<div>Pomalu um\u00edr\u00e1 ve tv\u00e9 dlani.<\/div>\n<div>St\u00e1le je pro tebe otev\u0159en\u00e9.<\/div>\n<div>\u010cek\u00e1.<\/div>\n<div>Na nov\u00e9ho majitele?<\/div>\n<div>Na dostatek krve?<\/div>\n<div>Ne\u2026<\/div>\n<div><em>\u010cek\u00e1 m\u011b peklo,<\/em><\/div>\n<div><em>m\u00e1 du\u0161e je p\u0159\u00edli\u0161 slab\u00e1.<\/em><\/div>\n<div><em>Sejdem se tam, zlato,<\/em><\/div>\n<div><em>dole n\u00e1s to u\u017e \u010dek\u00e1\u2026<\/em><\/div>\n<div>Nat\u00e1hne\u0161 ruku a polo\u017e\u00ed\u0161 ji tam,<\/div>\n<div>kde by m\u00e9 srdce m\u011blo b\u00fdt.<\/div>\n<div>P\u0159est\u00e1v\u00e1m vn\u00edmat i c\u00edtit.<\/div>\n<div>No\u0159\u00edm se do chladu,<\/div>\n<div>kter\u00fd vych\u00e1z\u00ed z d\u00fdky.<\/div>\n<div>O\u010dima vid\u00edm,<\/div>\n<div>\u017ee se skl\u00e1n\u00ed\u0161 a \u0161imr\u00e1\u0161 m\u00e9 vlasy.<\/div>\n<div>\u00dasm\u011bvem tvou tv\u00e1\u0159 rozjasn\u00edm.<\/div>\n<div>U\u017e se nept\u00e1m pro\u010d.<\/div>\n<div>Nem\u00e1m \u010das p\u0159em\u00fd\u0161let,<\/div>\n<div>moje srdce k\u0159i\u010d\u00ed.<\/div>\n<div>Vr\u00e1til ses mi\u2026<\/div>\n<div>a j\u00e1 ti kone\u010dn\u011b m\u016f\u017eu \u0159\u00edct sbohem.<\/div>\n<div><em>L\u00e1sko,<\/em><\/div>\n<div><em>jsi zl\u00e1, krut\u00e1, z\u00e1ke\u0159n\u00e1.<\/em><\/div>\n<div><em>Bez tebe by v\u0161echno leh\u010d\u00ed bylo.<\/em><\/div>\n<div><em>Jen ubli\u017euje\u0161, ni\u010d\u00ed\u0161 a zab\u00edj\u00ed\u0161.<\/em><\/div>\n<div><em>Jsi vrah nevinn\u00fdch srdc\u00ed,<\/em><\/div>\n<div><em>M\u00e1\u0161 n\u00e1s ve sv\u00e9 moci.<\/em><\/div>\n<div><em>Bez tebe to nejde, ale s tebou tak\u00e9 ne.<\/em><\/div>\n<div><em>L\u00e1sko,<\/em><\/div>\n<div style=\"text-align:left\"><em>pro\u010d nejsi dokonal\u00e1?<\/p>\n<p><\/em> autor: <strong>Lyra<\/strong><br \/>betaread: <strong>Janule<\/strong><\/div>\n","protected":false},"excerpt":{"rendered":"<p>-&#8222;Necho\u010f\u2026&#8220; -&#8222;Pro\u010d?&#8220; -&#8222;Boj\u00edm se o tebe&#8220; -&#8222;Nemus\u00ed\u0161. Nic se mi nestane \u2026 slibuji!&#8220; Pro\u010d? Pt\u00e1m se: pro\u010d? Pro\u010d jsem takov\u00fd hlup\u00e1k? Nechal jsem t\u011b odej\u00edt\u2026 i kdy\u017e by jsi \u0161el tak jako tak. Nikdy m\u011b neposlouch\u00e1\u0161! S\u00e1m sis to zavinil\u2026 Byla to<\/p>\n<p class=\"link-more\"><a class=\"myButt \" href=\"https:\/\/twincestblog.cz\/domains\/twincestblog.cz\/2008\/03\/31\/vrat-se-mi-13\/\">Read More<\/a><\/p>\n","protected":false},"author":1,"featured_media":0,"comment_status":"open","ping_status":"open","sticky":false,"template":"","format":"standard","meta":{"_exactmetrics_skip_tracking":false,"_exactmetrics_sitenote_active":false,"_exactmetrics_sitenote_note":"","_exactmetrics_sitenote_category":0,"footnotes":""},"categories":[42],"tags":[],"class_list":["post-19096","post","type-post","status-publish","format-standard","hentry","category-poems"],"_links":{"self":[{"href":"https:\/\/twincestblog.cz\/domains\/twincestblog.cz\/wp-json\/wp\/v2\/posts\/19096","targetHints":{"allow":["GET"]}}],"collection":[{"href":"https:\/\/twincestblog.cz\/domains\/twincestblog.cz\/wp-json\/wp\/v2\/posts"}],"about":[{"href":"https:\/\/twincestblog.cz\/domains\/twincestblog.cz\/wp-json\/wp\/v2\/types\/post"}],"author":[{"embeddable":true,"href":"https:\/\/twincestblog.cz\/domains\/twincestblog.cz\/wp-json\/wp\/v2\/users\/1"}],"replies":[{"embeddable":true,"href":"https:\/\/twincestblog.cz\/domains\/twincestblog.cz\/wp-json\/wp\/v2\/comments?post=19096"}],"version-history":[{"count":0,"href":"https:\/\/twincestblog.cz\/domains\/twincestblog.cz\/wp-json\/wp\/v2\/posts\/19096\/revisions"}],"wp:attachment":[{"href":"https:\/\/twincestblog.cz\/domains\/twincestblog.cz\/wp-json\/wp\/v2\/media?parent=19096"}],"wp:term":[{"taxonomy":"category","embeddable":true,"href":"https:\/\/twincestblog.cz\/domains\/twincestblog.cz\/wp-json\/wp\/v2\/categories?post=19096"},{"taxonomy":"post_tag","embeddable":true,"href":"https:\/\/twincestblog.cz\/domains\/twincestblog.cz\/wp-json\/wp\/v2\/tags?post=19096"}],"curies":[{"name":"wp","href":"https:\/\/api.w.org\/{rel}","templated":true}]}}