{"id":19101,"date":"2008-03-31T18:44:00","date_gmt":"2008-03-31T17:44:00","guid":{"rendered":"http:\/\/twincestblog.cz\/?p=19060"},"modified":"2008-03-31T18:44:00","modified_gmt":"2008-03-31T17:44:00","slug":"pisnicka-od-billa-pro-toma","status":"publish","type":"post","link":"https:\/\/twincestblog.cz\/domains\/twincestblog.cz\/2008\/03\/31\/pisnicka-od-billa-pro-toma\/","title":{"rendered":"P\u00edsni\u010dka od Billa pro Toma"},"content":{"rendered":"<div>Vra\u0165 se<br \/>Jsem tu u tebe. C\u00edt\u00edm t\u011b!sv\u00edr\u00e1m tvou ruku v m\u00e9.<br \/>Pros\u00edm vra\u0165 se ke mn\u011b.<br \/>C\u00edt\u00edm t\u011b u sebe. Byl bych r\u00e1d, kdyby si c\u00edtil i ty m\u011b.<\/p>\n<p>Ref.: Bez Tebe nem\u016f\u017eu sp\u00e1t, nem\u016f\u017eu j\u00edst, kdy\u017e se mnou nejsi.<br \/>M\u016fj \u017eivot je bez tebe na nic.<br \/>Pro\u010d tu nejsi? Pro\u010d t\u011b c\u00edt\u00edm a ty tu nejsi?<br \/>Pro\u010d je tu jen t\u011blo bez du\u0161e? Pro\u010d? Pro\u010d?<\/p>\n<p>Pro\u010d se tohle muselo st\u00e1t? Snad to byl osud, snad omyl jen?<br \/>Nech\u00e1pu to!! Pro\u010d? Pro\u010d tu te\u010f le\u017e\u00ed\u0161 skoro ned\u00fdchaj\u00edc. Pro\u010d? Pro\u010d jsi u mne nez\u016fstal tak pro\u010d? M\u011bl jsem t\u011b r\u00e1d a m\u00e1m, tak pro\u010d?<\/p>\n<p>Ref.: Bez Tebe nem\u016f\u017eu sp\u00e1t nem\u016f\u017eu j\u00edst kdy\u017e se mnou nejsi.<br \/>M\u016fj \u017eivot je bez tebe na nic.<br \/>Pro\u010d tu nejsi? Pro\u010d t\u011b c\u00edt\u00edm a ty tu nejsi?<br \/>Pro\u010d je tu jen t\u011blo bez du\u0161e? Pro\u010d? Pro\u010d?<\/p>\n<p>Myslel jsem, \u017ee jsi se bavil a ty jsi m\u011b zat\u00edm podez\u0159\u00edval. Pro\u010d, kdy\u017e jsem ti byl v\u011brn\u00fd? M\u011bl jsem t\u011b r\u00e1d a m\u00e1m tak pro\u010d? Pro\u010d jsi odj\u00ed\u017ed\u011bl? Pro\u010d jsi m\u011b nevyslechl, pro\u010d?<\/p>\n<p>Pro\u010d tu te\u010f sed\u00edm u Tebe a d\u00edv\u00e1m se na tebe jak bezmocn\u011b le\u017e\u00ed\u0161?<br \/>Nechci sed\u011bt u tebe v b\u00edl\u00fdm pokoji, chci se s Tebou bavit, aby bylo v\u0161echno jako d\u0159\u00edv!!<\/p>\n<p>Ref.: Bez Tebe nem\u016f\u017eu sp\u00e1t, nem\u016f\u017eu j\u00edst, kdy\u017e se mnou nejsi.<br \/>M\u016fj \u017eivot je bez tebe na nic.<br \/>Pro\u010d tu nejsi? Pro\u010d t\u011b c\u00edt\u00edm a ty tu nejsi?<br \/>Pro\u010d je tu jen t\u011blo bez du\u0161e? Pro\u010d? Pro\u010d?<\/p>\n<p>Pros\u00edm, probu\u010f se! Chci c\u00edtit Tv\u016fj pohled, chci sly\u0161et Tv\u016fj hlas, chci c\u00edtit tv\u00e9 doteky.<\/p>\n<p>Ref.: Bez Tebe nem\u016f\u017eu sp\u00e1t, nem\u016f\u017eu j\u00edst, kdy\u017e se mnou nejsi.<br \/>M\u016fj \u017eivot je bez tebe na nic.<br \/>Pro\u010d tu nejsi? Pro\u010d t\u011b c\u00edt\u00edm a ty tu nejsi?<br \/>Pro\u010d je tu jen t\u011blo bez du\u0161e? Pro\u010d? Pro\u010d?<\/p>\n<p>Pro\u010d se to stalo? Pro\u010d jsi jel? Opil\u00fd jsi byl a stejn\u011b jsi m\u011b nevyslechl?!!<br \/>Pro\u010d? Pro\u010d tu te\u010f le\u017e\u00ed jen t\u011blo bez du\u0161e? Pro\u010d?<\/p>\n<p>Pros\u00edm, probu\u010f se!<\/p>\n<p>Ref.: Bez Tebe nem\u016f\u017eu sp\u00e1t, nem\u016f\u017eu j\u00edst, kdy\u017e se mnou nejsi.<br \/>M\u016fj \u017eivot je bez tebe na nic.<br \/>Pro\u010d tu nejsi? Pro\u010d t\u011b c\u00edt\u00edm a ty tu nejsi?<br \/>Pro\u010d je tu jen t\u011blo bez du\u0161e? Pro\u010d? Pro\u010d?<\/p>\n<p>Pro\u010d se to stalo? Pro\u010d? Pro\u010d? Bo\u017ee pro\u010d? Pro\u010d? Pro\u010ds to ud\u011blal?<br \/>Pro\u010d Tomeeeeeeeeeeee!!!!!!!!!!<\/div>\n<div style=\"text-align:left\"><em>Ps.:tak tuhle p\u00edsni\u010dku jsem slo\u017eila sama jo!(sem machr co??)n\u00e9\u00e9 dost samochv\u00e1ly !! pls pi\u0161te koment\u00edky, jak se l\u00edb\u00ed!!<\/p>\n<p><\/em> autor: <strong>Tomina<\/strong><br \/>betaread: <strong>Janule<\/strong><\/div>\n","protected":false},"excerpt":{"rendered":"<p>Vra\u0165 seJsem tu u tebe. C\u00edt\u00edm t\u011b!sv\u00edr\u00e1m tvou ruku v m\u00e9.Pros\u00edm vra\u0165 se ke mn\u011b.C\u00edt\u00edm t\u011b u sebe. Byl bych r\u00e1d, kdyby si c\u00edtil i ty m\u011b. Ref.: Bez Tebe nem\u016f\u017eu sp\u00e1t, nem\u016f\u017eu j\u00edst, kdy\u017e se mnou nejsi.M\u016fj \u017eivot je bez tebe<\/p>\n<p class=\"link-more\"><a class=\"myButt \" href=\"https:\/\/twincestblog.cz\/domains\/twincestblog.cz\/2008\/03\/31\/pisnicka-od-billa-pro-toma\/\">Read More<\/a><\/p>\n","protected":false},"author":1,"featured_media":0,"comment_status":"open","ping_status":"open","sticky":false,"template":"","format":"standard","meta":{"_exactmetrics_skip_tracking":false,"_exactmetrics_sitenote_active":false,"_exactmetrics_sitenote_note":"","_exactmetrics_sitenote_category":0,"footnotes":""},"categories":[42],"tags":[],"class_list":["post-19101","post","type-post","status-publish","format-standard","hentry","category-poems"],"_links":{"self":[{"href":"https:\/\/twincestblog.cz\/domains\/twincestblog.cz\/wp-json\/wp\/v2\/posts\/19101","targetHints":{"allow":["GET"]}}],"collection":[{"href":"https:\/\/twincestblog.cz\/domains\/twincestblog.cz\/wp-json\/wp\/v2\/posts"}],"about":[{"href":"https:\/\/twincestblog.cz\/domains\/twincestblog.cz\/wp-json\/wp\/v2\/types\/post"}],"author":[{"embeddable":true,"href":"https:\/\/twincestblog.cz\/domains\/twincestblog.cz\/wp-json\/wp\/v2\/users\/1"}],"replies":[{"embeddable":true,"href":"https:\/\/twincestblog.cz\/domains\/twincestblog.cz\/wp-json\/wp\/v2\/comments?post=19101"}],"version-history":[{"count":0,"href":"https:\/\/twincestblog.cz\/domains\/twincestblog.cz\/wp-json\/wp\/v2\/posts\/19101\/revisions"}],"wp:attachment":[{"href":"https:\/\/twincestblog.cz\/domains\/twincestblog.cz\/wp-json\/wp\/v2\/media?parent=19101"}],"wp:term":[{"taxonomy":"category","embeddable":true,"href":"https:\/\/twincestblog.cz\/domains\/twincestblog.cz\/wp-json\/wp\/v2\/categories?post=19101"},{"taxonomy":"post_tag","embeddable":true,"href":"https:\/\/twincestblog.cz\/domains\/twincestblog.cz\/wp-json\/wp\/v2\/tags?post=19101"}],"curies":[{"name":"wp","href":"https:\/\/api.w.org\/{rel}","templated":true}]}}