{"id":20407,"date":"2008-03-02T22:37:00","date_gmt":"2008-03-02T21:37:00","guid":{"rendered":"http:\/\/twincestblog.cz\/?p=20365"},"modified":"2008-03-02T22:37:00","modified_gmt":"2008-03-02T21:37:00","slug":"neslyset-ticho-5","status":"publish","type":"post","link":"https:\/\/twincestblog.cz\/domains\/twincestblog.cz\/2008\/03\/02\/neslyset-ticho-5\/","title":{"rendered":"Nesly\u0161et ticho 5."},"content":{"rendered":"<div><strong>5.Br\u00e1\u0161ko<\/strong><\/div>\n<div>&#8218;Br\u00e1\u0161ko\u2026 Ty, kter\u00fd u\u017e pro m\u011b nejsi jenom bratrem\u2026&#8216;<\/div>\n<div>^-^<\/div>\n<div>V koupeln\u011b zavl\u00e1dlo ticho, p\u0159eru\u0161ovan\u00e9 jen ironick\u00fdm odkap\u00e1v\u00e1n\u00edm jinak nefunk\u010dn\u00edho vodovodn\u00edho kohoutku a nejist\u00fdm dechem obou chlapc\u016f. Ani jeden nev\u011bd\u011bl co \u0159\u00edct, jak se tv\u00e1\u0159it, co d\u011blat. Zn\u00e1te ten pocit, kdy v\u00edte, \u017ee v\u00e1s n\u011bkdo, na kom v\u00e1m z\u00e1le\u017e\u00ed, pozoruje, sleduje v\u00e1s, a vy m\u00e1te strach, \u017ee se ztrapn\u00edte, zni\u010d\u00edte iluze toho doty\u010dn\u00e9ho, zni\u010d\u00edte ty svoje &#8211; a p\u0159ijdete o n\u011bj? Tenhle okam\u017eik nutil ob\u011b dvoj\u010data k v\u00e1h\u00e1n\u00ed, zda to, co se de facto d\u011bje, je spr\u00e1vn\u00e9.<\/div>\n<div><em>Pro\u010d to, sakra, d\u011bl\u00e1m? Pro\u010d? V\u017edy\u0165\u2026 Nemus\u00edm, zvl\u00e1dl by to s\u00e1m, je p\u0159ece ten star\u0161\u00ed, siln\u011bj\u0161\u00ed, tak pro\u010d? Pro\u010d m\u00e1m pocit, \u017ee to d\u011blat mus\u00edm? Pro\u010d m\u00e1m, do prkna, pot\u0159ebu o n\u011bj pe\u010dovat, kdy\u017e bych se m\u011bl vlastn\u011b c\u00edtit pon\u011bkud ubl\u00ed\u017een\u011b? Tak pro\u010d tu stoj\u00edm p\u0159ed sv\u00fdm nah\u00fdm dvoj\u010detem a sna\u017e\u00edm se z n\u011bj co nejopatrn\u011bji set\u0159\u00edt b\u00edlou \u0161tiplavou p\u011bnu? A PRO\u010c, kurva, zav\u00edr\u00e1 o\u010di a tv\u00e1\u0159\u00ed se, jako by mu to bylo p\u0159\u00edjemn\u00e9???<\/em><\/div>\n<div>&#8222;Co to\u2026?&#8220; vydechl Bill, kdy\u017e uc\u00edtil Tomovu ruku na sv\u00e9 a prudce se zastavil uprost\u0159ed pohybu &#8211; s prava\u010dkou na bratrov\u011b tv\u00e1\u0159i.<\/div>\n<div>Tom se polekal.<\/div>\n<div>&#8222;J\u00e1 &#8211; j\u00e1 s\u00e1m\u2026&#8220; vykoktal a vytrhl bratrovi ru\u010dn\u00edk z rozklepan\u00e9 ruky.<\/div>\n<div>Bill se na n\u011bj ned\u016fv\u011b\u0159iv\u011b zamra\u010dil.<\/div>\n<div>&#8222;Jist\u011b? A zvl\u00e1dne\u0161 to?&#8220; dal si ruce v bok a doufal, \u017ee t\u00edm zamaskuje svoji nerozhodnost.<\/div>\n<div>&#8222;No dovol? Nejsem mimino!&#8220; ohradil se dot\u010den\u011b dreda\u0159 a na d\u016fkaz toho, \u017ee m\u00e1 pravdu, si m\u00fddlov\u00fdm ru\u010dn\u00edkem prot\u0159el o\u010di. Vz\u00e1p\u011bt\u00ed vyjekl a za\u010dal si je \u010distou rukou t\u0159\u00edt.<\/div>\n<div><em>Takhle se ztrapnit\u2026 a p\u0159ed Billem\u2026 V\u00edc u\u017e by to ne\u0161lo???<\/em><\/div>\n<div>\u010cernovlas\u00fd chlapec se rozpa\u010dit\u011b pousm\u00e1l.<\/div>\n<div>&#8222;Potom p\u0159ij\u010f,&#8220; nak\u00e1zal poskakuj\u00edc\u00edmu dvoj\u010deti a s\u00e1m se nap\u016fl odl\u00ed\u010den\u00fd odebral z koupelny, aby nechal sv\u00e9 druh\u00e9 polovi\u010dce soukrom\u00ed, nev\u011bd\u00edc, jestli se m\u00e1 sm\u00e1t br\u00e1\u0161kov\u011b ne\u0161ikovnosti, a nebo b\u00fdt ne\u0161\u0165astn\u00fd, \u017ee ho jeho dvoj\u010de p\u0159ece jenom nepot\u0159ebuje.<\/div>\n<div><em>Ne\u2026 ne, to nebyla pravda, to ne\u2026<\/em><\/div>\n<div>Doufal Tom a ne\u0161\u0165astn\u011b se zap\u0159el o st\u011bnu. Srdce mu bu\u0161ilo, o\u010di \u0161t\u00edpaly a tv\u00e1\u0159e ho\u0159ely studem. <em>Mus\u00ed mi to takhle zt\u011b\u017eovat? To m\u011b mus\u00ed takhle ni\u010dit?<\/em><\/div>\n<div>Nat\u00e1hl se pro \u010dist\u00fd ru\u010dn\u00edk a za\u010dal si \u010distit b\u0159icho.<\/div>\n<div><em>Co v\u016fbec myslel t\u00edm &#8222;ruplo ti v bed\u00fdnce\u2026?&#8220; Copak mn\u011b, slavn\u00e9mu kytaristovi, m\u016f\u017ee p\u0159esko\u010dit? Mn\u011b? Copak jsem bl\u00e1zen? Jsem\u2026 jsem bl\u00e1zen do sv\u00e9ho bratra. Bo\u017ee, to je diagn\u00f3za!<\/em><\/div>\n<div>P\u0159es intimn\u00ed partie pokra\u010doval s odstra\u0148ov\u00e1n\u00edm vo\u0148av\u00e9ho svinstva na nohou.<\/div>\n<div><em>Pro\u010d jenom mus\u00edm m\u00edt tak dlouh\u00fd hn\u00e1ty?<\/em><\/div>\n<div>Ptal se s\u00e1m sebe zoufale, kdy\u017e zjistil, \u017ee a\u017e ke kotn\u00edk\u016fm se opravdu neohne.<\/div>\n<div><em>Na to se mus\u00ed v\u011bdecky\u2026<\/em><\/div>\n<div>Rozumoval, jednou rukou se podep\u0159el o poli\u010dku a zvedl levou nohu do vzduchu. Opatrn\u011b, tak, aby neztratil rovnov\u00e1hu, st\u00edral b\u00edl\u00e9 bublinky z l\u00fdtka, o\u010distil si prostor mezi prsty a potom odlo\u017eil \u010distou nohu zp\u011bt na dno vany.<\/div>\n<div><em>Jsem King! Nikdo na m\u011b nem\u00e1!<\/em><\/div>\n<div>J\u00e1sal v duchu, kdy\u017e zvedal druhou nohu. Frajersky se u toho prot\u00e1hl a volnou rukou si zakryl pusu, kdy\u017e zaz\u00edval. Samoz\u0159ejm\u011b u\u017e se nepodep\u00edral.<\/div>\n<div>&#8222;\u00c1\u00e1\u00e1\u00e1\u00e1, kurva!!!&#8220; odrazilo se od \u010dty\u0159 modr\u00fdch st\u011bn, ale slova p\u0159ehlu\u0161ila tup\u00e1 r\u00e1na, jako by kostnat\u00e9 sedmn\u00e1ctilet\u00e9 t\u011blo pr\u00e1sklo o dno vany. Tom zvedl hlavu a zavr\u00e1voral.<\/div>\n<div>&#8222;J\u00e9, hv\u011bzdi\u010dky\u2026&#8220;<\/div>\n<div>Ihned se ozval p\u0159ekotn\u00fd dupot po schodech, osoba hnan\u00e1 panikou rozrazila dve\u0159e a pomohla mu posadit se.<\/div>\n<div>&#8222;Nen\u00ed ti nic?&#8220;<\/div>\n<div>&#8222;J\u00e9, Bille, vy jste dva?&#8220; \u017eblebtl om\u00e1men\u011b Tom a p\u0159ijal nab\u00edzenou ruku. Jakmile st\u00e1l na nohou, pov\u00e1\u017eliv\u011b se zakym\u00e1cel a plnou vahou se o bratra op\u0159el. &#8222;On t\u011b n\u011bkdo zbil?&#8220; divil se d\u00e1l jeho jednomu neodl\u00ed\u010den\u00e9mu a rozmazan\u00e9mu oku a pat\u0159i\u010dn\u011b p\u0159ihlouple se uculoval.<\/div>\n<div>&#8222;To nen\u00ed mo\u017en\u00fd!&#8220; za\u00fap\u011bl zp\u011bv\u00e1k a pevn\u011b sv\u00e9 dvoj\u010de chytil okolo pasu, vyt\u00e1hl ho z vany a celou cestu do pokoje jej podep\u00edral, aby sebou n\u00e1hodou je\u0161t\u011b jednou nesekl.<\/div>\n<div><em>\u0158\u00edkal jsem, \u017ee si s t\u00edm neporad\u00ed\u2026 Kdyby alespo\u0148 nebyl tak t\u011b\u017ekej\u2026<\/em><\/div>\n<div>Kdy\u017e se kone\u010dn\u011b dopl\u00e1cali na m\u00edsto, posadil Bill br\u00e1chu opatrn\u011b na postel a n\u00e1sil\u00edm na n\u011bj narval py\u017eamo, kter\u00e9 na\u0161el zmuchlan\u00e9 pod pol\u0161t\u00e1\u0159em. N\u00e1sil\u00edm proto, \u017ee se &#8218;slavn\u00fd kytarista&#8216; urputn\u011b br\u00e1nil (<em>&#8218;To je hrozn\u011b pali\u010dat\u00fd stvo\u0159en\u00ed&#8216;<\/em>) a tvrdil, \u017ee takhle se jim p\u0159ece bude sp\u00e1t l\u00edp.<\/div>\n<div><em>Chud\u00e1k, asi se pra\u0161til tro\u0161i\u010dku v\u00edc\u2026<\/em><\/div>\n<div>&#8222;Nekecej,&#8220; napomenul ho Bill a jemn\u011b do n\u011bj str\u010dil, tak\u017ee se jeho m\u00edrn\u011b indisponovan\u00fd bratr svalil p\u0159\u00edmo do rozestlan\u00fdch p\u0159ikr\u00fdvek, a zakryl ho pe\u0159inou. &#8222;Le\u017e, neh\u00fdbej se, za chv\u00edli za tebou p\u0159ijdu. A nevst\u00e1vej, mohla by se ti zamotat hlava\u2026&#8220; p\u0159ik\u00e1zal a pot\u00e9, co zkontroloval Tomovy zav\u0159en\u00e9 o\u010di, n\u011bkam odb\u011bhl.<\/div>\n<div>^-^<\/div>\n<div><em>Co mi to d\u011bl\u00e1\u0161, br\u00e1\u0161ko?<\/em><\/div>\n<div>Vzdychl Tom a do\u0161iroka otev\u0159el \u010dokol\u00e1dov\u00e9 o\u010di.<\/div>\n<div><em>&#8218;Asi u\u017e jsem opravdu bl\u00e1zen\u2026&#8216;<\/em><\/div>\n<div>autor: <strong>Hate<\/strong>, <strong>Schwarz<\/strong><br \/>betaread: <strong>Kajess<\/strong><\/div>\n","protected":false},"excerpt":{"rendered":"<p>5.Br\u00e1\u0161ko &#8218;Br\u00e1\u0161ko\u2026 Ty, kter\u00fd u\u017e pro m\u011b nejsi jenom bratrem\u2026&#8216; ^-^ V koupeln\u011b zavl\u00e1dlo ticho, p\u0159eru\u0161ovan\u00e9 jen ironick\u00fdm odkap\u00e1v\u00e1n\u00edm jinak nefunk\u010dn\u00edho vodovodn\u00edho kohoutku a nejist\u00fdm dechem obou chlapc\u016f. Ani jeden nev\u011bd\u011bl co \u0159\u00edct, jak se tv\u00e1\u0159it, co d\u011blat. Zn\u00e1te ten pocit, kdy<\/p>\n<p class=\"link-more\"><a class=\"myButt \" href=\"https:\/\/twincestblog.cz\/domains\/twincestblog.cz\/2008\/03\/02\/neslyset-ticho-5\/\">Read More<\/a><\/p>\n","protected":false},"author":1,"featured_media":0,"comment_status":"open","ping_status":"open","sticky":false,"template":"","format":"standard","meta":{"_exactmetrics_skip_tracking":false,"_exactmetrics_sitenote_active":false,"_exactmetrics_sitenote_note":"","_exactmetrics_sitenote_category":0,"footnotes":""},"categories":[61],"tags":[],"class_list":["post-20407","post","type-post","status-publish","format-standard","hentry","category-neslyset-ticho"],"_links":{"self":[{"href":"https:\/\/twincestblog.cz\/domains\/twincestblog.cz\/wp-json\/wp\/v2\/posts\/20407","targetHints":{"allow":["GET"]}}],"collection":[{"href":"https:\/\/twincestblog.cz\/domains\/twincestblog.cz\/wp-json\/wp\/v2\/posts"}],"about":[{"href":"https:\/\/twincestblog.cz\/domains\/twincestblog.cz\/wp-json\/wp\/v2\/types\/post"}],"author":[{"embeddable":true,"href":"https:\/\/twincestblog.cz\/domains\/twincestblog.cz\/wp-json\/wp\/v2\/users\/1"}],"replies":[{"embeddable":true,"href":"https:\/\/twincestblog.cz\/domains\/twincestblog.cz\/wp-json\/wp\/v2\/comments?post=20407"}],"version-history":[{"count":0,"href":"https:\/\/twincestblog.cz\/domains\/twincestblog.cz\/wp-json\/wp\/v2\/posts\/20407\/revisions"}],"wp:attachment":[{"href":"https:\/\/twincestblog.cz\/domains\/twincestblog.cz\/wp-json\/wp\/v2\/media?parent=20407"}],"wp:term":[{"taxonomy":"category","embeddable":true,"href":"https:\/\/twincestblog.cz\/domains\/twincestblog.cz\/wp-json\/wp\/v2\/categories?post=20407"},{"taxonomy":"post_tag","embeddable":true,"href":"https:\/\/twincestblog.cz\/domains\/twincestblog.cz\/wp-json\/wp\/v2\/tags?post=20407"}],"curies":[{"name":"wp","href":"https:\/\/api.w.org\/{rel}","templated":true}]}}