{"id":20445,"date":"2008-03-02T13:07:00","date_gmt":"2008-03-02T12:07:00","guid":{"rendered":"http:\/\/twincestblog.cz\/?p=20403"},"modified":"2008-03-02T13:07:00","modified_gmt":"2008-03-02T12:07:00","slug":"utajeny-vztah-1","status":"publish","type":"post","link":"https:\/\/twincestblog.cz\/domains\/twincestblog.cz\/2008\/03\/02\/utajeny-vztah-1\/","title":{"rendered":"Utajen\u00fd vztah 1."},"content":{"rendered":"<div>Psal se den 7.4.2007. Byl ve\u010der. Konal se koncert jedn\u00e9 z nejslavn\u011bj\u0161\u00edch skupin v\u0161ech dob &#8211; Tokio Hotel. Fanou\u0161ci nad\u0161en\u011b k\u0159i\u010deli, co jim s\u00edly sta\u010dily. V Ostrav\u011b &#8211; \u010cEZ Ar\u00e9n\u011b si pr\u00e1v\u011b n\u011bkte\u0159\u00ed pro\u017e\u00edvali sv\u016fj nej den v \u017eivot\u011b. Bill zp\u00edval naplno, ostatn\u00ed kluci se sna\u017eili, aby na onen ve\u010der nikdo nezapomn\u011bl. A tak se i stalo. Ostravsk\u00fd koncert nebyl opomenut, ale s n\u00edm se zapsalo i mnoho jin\u00fdch v\u011bc\u00ed. O jedn\u00e9 z on\u011bch v\u011bc\u00ed bude i tento p\u0159\u00edb\u011bh\u2026.<br \/>Poj\u010fme se p\u0159en\u00e9st do doby, kdy je\u0161t\u011b byli TH tou nejslavn\u011bj\u0161\u00ed skupinou Evropy\u2026<br \/>&#8222;Dank\u00e9\u00e9\u00e9\u00e9\u00e9\u00e9\u00e9, dank\u00e9\u00e9\u00e9\u00e9\u00e9\u00e9\u00e9!!!!!!!&#8220;, rozl\u00e9halo se Ar\u00e9nou, kdy\u017e Bill dozp\u00edval posledn\u00ed p\u00edse\u0148 sv\u00e9ho koncertu. Fanynky pi\u0161t\u011bly a v\u0159e\u0161t\u011bly jedna p\u0159es druhou.Bill se pot\u00e9 ode\u0161el do z\u00e1kulisn\u00ed upravit.<\/div>\n<div>&#8222;J\u00e9 br\u00e1\u0161ko, to bylo fajn!&#8220; pronesl po chv\u00edli Tom.<\/div>\n<div>&#8222;Jo, \u010desk\u00e9 fanynky, ty se nezdaj\u00ed.&#8220; \u0159ekl na to Georg.<\/div>\n<div>&#8222;Hele, j\u00e1 si v\u0161imnul jedn\u00e9 kr\u00e1sky v 1. \u0159ad\u011b, ta by st\u00e1la za h\u0159\u00edch!&#8220;<\/div>\n<div>&#8222;Jo Tome, j\u00e1 jsem taky vid\u011bl p\u00e1r n\u00e1dhern\u00fdch!&#8220; odpov\u011bd\u011bl mu Georg.<\/div>\n<div>Bill st\u00e1le ml\u010del, jakoby se ho to ani net\u00fdkalo.<\/div>\n<div>&#8222;Ale co je s tebou br\u00e1cho?&#8220; zeptal se ho Tom, &#8222;Taky se Ti l\u00edbila n\u011bjak\u00e1, m\u011bl jsi p\u0159ece v\u00fdhled u In Die Nacht.&#8220; &#8222;Jo, jo, byly hezk\u00fd&#8220; odpov\u011bd\u011bl su\u0161e Bill. Tom na to m\u00e1vl rukou a d\u011blal si svoje. Pak se v\u0161ichni p\u0159em\u00edstili do sv\u00fdch pokoj\u016f\u2026<br \/>Bill se zamkl a sedl si ke stolku. V hlav\u011b si po\u0159\u00e1d kladl ot\u00e1zku, jestli je norm\u00e1ln\u00ed. Tak dlouho u\u017e snil o jedn\u00e9 sv\u00e9 l\u00e1sce, kter\u00e1 ale nem\u011bla ani tu\u0161en\u00ed, \u017ee ji Bill miluje. A p\u0159itom byla ta osoba tak bl\u00edzko. &#8222;Tome, Ty ani nev\u00ed\u0161, jak T\u011b miluju!&#8220; za\u0161eptal Bill do tmy a ticha. Je\u0161t\u011b v\u00edce ho su\u017eovaly hlasy, kter\u00e9 sly\u0161el odvedle z Tomova pokoje. Tom si tam op\u011bt p\u0159ivedl d\u00edv\u010d\u00ed &#8222;spole\u010dnost&#8220;.<br \/>Na druh\u00fd den u sn\u00eddan\u011b to bylo velice podivn\u00e9. Bill sed\u011bl a ml\u010del, skoro bre\u010del, Tom m\u00e1lem pr\u00e1skl hlavou do tal\u00ed\u0159e, jak byl po t\u00e9 noci unaven\u00fd a Georg s Gustavem si pov\u00eddali, jako\u017eto hudebn\u00edci, z\u00e1\u017eitky z koncertu. Zm\u011bnilo se cosi, a\u017e kdy\u017e Tom vstal ze \u017eidle a Bill k n\u011bmu vzhl\u00e9dl. Jejich pohledy se st\u0159etly. V tu chv\u00edli se n\u011bco zm\u011bnilo.<\/div>\n<div>Najednou si uv\u011bdomili, co pro sebe znamenaj\u00ed. St\u0159etnut\u00ed jejich pohled\u016f trvalo kr\u00e1tce, ale pro n\u011b to byly hodiny. Vyru\u0161il je a\u017e Georg\u016fv hlas &#8222;Kluci, m\u011bli bychom u\u017e j\u00edt&#8220;. Tom se na Billa jemn\u011b pousm\u00e1l a oto\u010dil se. Bill vstal ze \u017eidle a z oka mu uk\u00e1pla slza, kter\u00e1 se vpila do jeho tri\u010dka.<br \/>Kluci si to nam\u00ed\u0159ili p\u0159\u00edmo do z\u00e1kulis\u00ed, kde zkou\u0161eli p\u0159ed koncertem a ladili n\u00e1stroje. Dnes ale nebylo n\u011bco v po\u0159\u00e1dku. A\u017e to Gustava dop\u00e1lilo.<\/div>\n<div>&#8222;Proboha kluci, co to s v\u00e1ma dneska je??&#8220; zak\u0159i\u010del Gustav pot\u00e9, co Tomovi n\u011bkolikr\u00e1t ujela kytara a Billovi hlas.<\/div>\n<div>&#8222;J\u00e1 nev\u00edm, co se to d\u011bje!&#8220; p\u00edskl vyd\u011b\u0161en\u00fd Bill z toho, \u017ee pokaz\u00ed cel\u00fd koncert. V\u0161ak ani Tom z toho nebyl dvakr\u00e1t odv\u00e1zan\u00fd.<br \/>Koncert: Tom se sna\u017eil hr\u00e1t a nepl\u00e9st se, ale ne\u0161lo to. Jeho chyby byly a\u017e p\u0159\u00edli\u0161 velk\u00e9 na to, aby se daly zamaskovat k\u0159ikem fans. I Billovi neust\u00e1le uj\u00ed\u017ed\u011bl hlas. I ta nejmen\u0161\u00ed fanynka v posledn\u00ed \u0159ad\u011b si mohla v\u0161imnout, \u017ee pohledy dvoj\u010dat se hodn\u011b st\u0159et\u00e1vaj\u00ed. Nakonec byl koncert ozna\u010den jako obrovsk\u00fd propad\u00e1k, dokonce TH ztratili i n\u011bkter\u00e9 sv\u00e9 p\u0159\u00edznivce. Na\u0161li se jen dva lid\u00e9, kte\u0159\u00ed kluky ut\u011b\u0161ovali: producent David a kamar\u00e1d Andreas.<br \/>Pak se pomalu odebrali do sv\u00fdch pokoj\u016f. Hlavn\u011b dvoj\u010data z toho byli obzvl\u00e1\u0161\u0165 ne\u0161\u0165astn\u00ed a p\u0159itom v\u016fbec netu\u0161ili, co to zp\u016fsobilo.<br \/>Bill s Tomem si pustili televizi, ud\u011blali si n\u011bco k pit\u00ed a ml\u010deli\u2026..a\u017e po chv\u00edli Tom uchopil ovlada\u010d z v\u011btou &#8222;Bille, to nem\u00e1 smysl, stejn\u011b ani nevn\u00edm\u00e1me, co tam d\u00e1vaj!!!&#8220; Bill ti\u0161e p\u0159ik\u00fdvl,m\u00edrn\u011b naklonil hlavu ke sv\u00e9mu bratrovi,jakoby mu cht\u011bl n\u011bco za\u0161eptat do ucha.<\/div>\n<div>&#8222;Co je Bille?&#8220; \u0159ekl ti\u0161e Tom.<\/div>\n<div>&#8222;V\u00ed\u0161 br\u00e1\u0161ko,j\u00e1\u2026\u2026<\/p>\n<p>autor: <strong>LucyLark<\/strong><br \/>betaread: <strong>Janule<\/strong><\/div>\n","protected":false},"excerpt":{"rendered":"<p>Psal se den 7.4.2007. Byl ve\u010der. Konal se koncert jedn\u00e9 z nejslavn\u011bj\u0161\u00edch skupin v\u0161ech dob &#8211; Tokio Hotel. Fanou\u0161ci nad\u0161en\u011b k\u0159i\u010deli, co jim s\u00edly sta\u010dily. V Ostrav\u011b &#8211; \u010cEZ Ar\u00e9n\u011b si pr\u00e1v\u011b n\u011bkte\u0159\u00ed pro\u017e\u00edvali sv\u016fj nej den v \u017eivot\u011b. Bill zp\u00edval naplno,<\/p>\n<p class=\"link-more\"><a class=\"myButt \" href=\"https:\/\/twincestblog.cz\/domains\/twincestblog.cz\/2008\/03\/02\/utajeny-vztah-1\/\">Read More<\/a><\/p>\n","protected":false},"author":1,"featured_media":0,"comment_status":"open","ping_status":"open","sticky":false,"template":"","format":"standard","meta":{"_exactmetrics_skip_tracking":false,"_exactmetrics_sitenote_active":false,"_exactmetrics_sitenote_note":"","_exactmetrics_sitenote_category":0,"footnotes":""},"categories":[58],"tags":[],"class_list":["post-20445","post","type-post","status-publish","format-standard","hentry","category-utajeny-vztah"],"_links":{"self":[{"href":"https:\/\/twincestblog.cz\/domains\/twincestblog.cz\/wp-json\/wp\/v2\/posts\/20445","targetHints":{"allow":["GET"]}}],"collection":[{"href":"https:\/\/twincestblog.cz\/domains\/twincestblog.cz\/wp-json\/wp\/v2\/posts"}],"about":[{"href":"https:\/\/twincestblog.cz\/domains\/twincestblog.cz\/wp-json\/wp\/v2\/types\/post"}],"author":[{"embeddable":true,"href":"https:\/\/twincestblog.cz\/domains\/twincestblog.cz\/wp-json\/wp\/v2\/users\/1"}],"replies":[{"embeddable":true,"href":"https:\/\/twincestblog.cz\/domains\/twincestblog.cz\/wp-json\/wp\/v2\/comments?post=20445"}],"version-history":[{"count":0,"href":"https:\/\/twincestblog.cz\/domains\/twincestblog.cz\/wp-json\/wp\/v2\/posts\/20445\/revisions"}],"wp:attachment":[{"href":"https:\/\/twincestblog.cz\/domains\/twincestblog.cz\/wp-json\/wp\/v2\/media?parent=20445"}],"wp:term":[{"taxonomy":"category","embeddable":true,"href":"https:\/\/twincestblog.cz\/domains\/twincestblog.cz\/wp-json\/wp\/v2\/categories?post=20445"},{"taxonomy":"post_tag","embeddable":true,"href":"https:\/\/twincestblog.cz\/domains\/twincestblog.cz\/wp-json\/wp\/v2\/tags?post=20445"}],"curies":[{"name":"wp","href":"https:\/\/api.w.org\/{rel}","templated":true}]}}