{"id":20562,"date":"2008-03-01T21:48:00","date_gmt":"2008-03-01T20:48:00","guid":{"rendered":"http:\/\/twincestblog.cz\/?p=20520"},"modified":"2023-05-18T18:45:55","modified_gmt":"2023-05-18T16:45:55","slug":"casoprostor-i-1","status":"publish","type":"post","link":"https:\/\/twincestblog.cz\/domains\/twincestblog.cz\/2008\/03\/01\/casoprostor-i-1\/","title":{"rendered":"\u010casoprostor I 1."},"content":{"rendered":"<p style=\"text-align: justify;\"><strong><em>Prolog: Tahle dlouh\u00e1 pov\u00eddka za\u010d\u00edn\u00e1 t\u00edm, \u010d\u00edm v\u011bt\u0161ina ostatn\u00edch kon\u010d\u00ed\u2026 ale p\u0159esto, \u017ee to na za\u010d\u00e1tku tak nevypad\u00e1, je to twincest, co\u017e zjist\u00edte pozd\u011bji, a\u017e bude ten spr\u00e1vn\u00fd \u010das. Mo\u017en\u00e1 v\u00e1m napov\u00ed, kdy\u017e prozrad\u00edm, \u017ee jsem se p\u0159i psan\u00ed inspirovala jedn\u00edm star\u00fdm filmem s Michaelem Foxem v hlavn\u00ed roli, kter\u00fd m\u00e1m moc r\u00e1da. Jmenuje se &#8222;N\u00e1vrat do budoucnosti&#8220; a vznikl v roce 1985&#8230;<\/em><\/strong><\/p>\n<p style=\"text-align: justify;\"><strong><em>Pov\u00eddka m\u00e1 \u010dty\u0159icet jedna d\u00edl\u016f a douf\u00e1m, \u017ee se bude dob\u0159e \u010d\u00edst. P\u0159\u00edb\u011bh je uzav\u0159en a dops\u00e1n. Koment\u00e1\u0159e m\u011b samoz\u0159ejm\u011b pot\u011b\u0161\u00ed, ale p\u0159episovat u\u017e to fakt nebudu\u2026 <img loading=\"lazy\" decoding=\"async\" style=\"margin-left: 3px; margin-right: 3px; vertical-align: middle; -webkit-box-shadow: none; -moz-box-shadow: none; box-shadow: none;\" src=\"https:\/\/twincestblog.cz\/domains\/twincestblog.cz\/wp-content\/plugins\/wp-emoji-one\/icons\/1F609.png\" width=\"16\" height=\"16\" \/> D\u00edky, Janule<\/em><\/strong><\/p>\n<p style=\"text-align: justify;\"><strong><em>Edit 2009: Proto\u017ee mi u\u017e n\u011bkolik lid\u00ed napsalo, \u017ee kdy\u017e si p\u0159e\u010detli prvn\u00ed d\u00edl t\u00e9hle pov\u00eddky, odradilo je to od dal\u0161\u00edho \u010dten\u00ed, rozhodla jsem se v\u00e1m je\u0161t\u011b napsat dodatek k prologu&#8230; nechci a nem\u016f\u017eu nic konkr\u00e9tn\u00edho prozrazovat o n\u00e1sleduj\u00edc\u00edm d\u011bji, ale opravdu si mysl\u00edte, \u017ee by \u0161ly s mrtv\u00fdm Tomem napsat t\u0159i \u0159ady? :o) Nebojte se tuhle pov\u00eddku \u010d\u00edst, proto\u017ee smutnej je opravdu jen za\u010d\u00e1tek, v\u0161e se vy\u0159e\u0161\u00ed&#8230; Va\u0161e Janule :o)<\/em><\/strong><\/p>\n<p><em><strong>Zpr\u00e1va v den\u00edku Die Welt:<\/strong><\/em><\/p>\n<div style=\"text-align: justify;\"><\/div>\n<div style=\"text-align: justify;\"><\/div>\n<p style=\"text-align: justify;\"><strong><em>Hamburk 13.5.2014:<\/em><\/strong> &#8222;Na n\u00e1sledky t\u011b\u017ek\u00e9ho zran\u011bn\u00ed zem\u0159el dnes brzy r\u00e1no ve sv\u00e9m byt\u011b v Hamburku kytarista skupiny &#8222;Tokio Hotel&#8220; Tom Kaulitz (+25), bratr frontmana skupiny Billa Kaulitze (25). T\u011b\u017ek\u00e9 bodn\u00e9 zran\u011bn\u00ed, kter\u00e9mu n\u00e1sledn\u011b podlehl, mu podle dosavadn\u00edch poznatk\u016f policie, zp\u016fsobila jeho p\u0159\u00edtelkyn\u011b Sabine Z.(23) p\u0159i dom\u00e1c\u00ed h\u00e1dce. Rodina zesnul\u00e9ho se k cel\u00e9 v\u011bci nebude vyjad\u0159ovat. Bude-li se konat ve\u0159ejn\u00fd smute\u010dn\u00ed ob\u0159ad, nen\u00ed dosud jasn\u00e9.&#8220;<\/p>\n<div style=\"text-align: justify;\"><\/div>\n<div><\/div>\n<p style=\"text-align: justify;\"><strong>Lipsko 20.5.2014<\/strong><\/p>\n<div><\/div>\n<p style=\"text-align: justify;\">Tu\u0161il jsem, \u017ee to mezi nimi jednou dopadne \u0161patn\u011b, ale \u017ee to nakonec skon\u010d\u00ed jeho smrt\u00ed, m\u011b ani ve snu nenapadlo\u2026 bohu\u017eel, nem\u011bl jsem \u0161anci tomu zabr\u00e1nit. Tom m\u011bl v\u017edycky svoj\u00ed hlavu a \u010d\u00edm jsme byli star\u0161\u00ed, t\u00edm to bylo hor\u0161\u00ed. Byli jsme dvoj\u010data, tak\u017ee v\u00edm o \u010dem mluv\u00edm, jsem na tom \u00fapln\u011b stejn\u011b. Sabine byla sice fajn holka, ale podle m\u011b se k sob\u011b nehodili. Br\u00e1cha pot\u0159eboval n\u011bkoho, kdo by na n\u011bj doma oddan\u011b \u010dekal, a\u017e se vr\u00e1t\u00ed ze sv\u00fdch z\u00e1let\u016f, nic mu nevy\u010d\u00edtal a miloval ho i s jeho chybami a \u00falety. To se bohu\u017eel od Sabine nedalo o\u010dek\u00e1vat. Byla kr\u00e1sn\u00e1 vysok\u00e1 \u010dernovl\u00e1ska, citliv\u00e1, ale z\u00e1rove\u0148 divok\u00e1 jako ko\u010dka, v\u00fdbu\u0161n\u00e1 a sv\u00e9hlav\u00e1, stejn\u011b jako on a opl\u00e1cela mu jeho \u00falety a nev\u011bry stejnou minc\u00ed\u2026 Tomovi to ale vyhovovalo, n\u011bjakou pu\u0165ku by asi vedle sebe nesnesl. Stokr\u00e1t jsem mu \u0159\u00edkal, a\u0165 ten bou\u0159liv\u00fd vztah rad\u0161i skon\u010d\u00ed dokud je \u010das, ale m\u011bl ji moc r\u00e1d na to, aby ji dok\u00e1zal opustit. Po noc\u00edch jsme si telefonovali a rozeb\u00edrali ka\u017edou jejich h\u00e1dku, ale k ni\u010demu to nevedlo. Vydr\u017eeli spolu neuv\u011b\u0159iteln\u00e9 t\u0159i roky h\u00e1dek a l\u00e1sky, a\u017e to Sabine definitivn\u011b ukon\u010dila\u2026 p\u0159i t\u00e9 posledn\u00ed, kter\u00e1 se zvrhla v boj o \u017eivot, mu v sebeobran\u011b vrazila n\u016f\u017e p\u0159\u00edmo do srdce\u2026 a ani\u017e by to tu\u0161ila, zabila t\u00edm taky m\u011b\u2026 zabila moj\u00ed druhou polovinu, moje dvoj\u010de a taky moj\u00ed l\u00e1sku\u2026<\/p>\n<p style=\"text-align: justify;\">Je kv\u011bten\u2026 m\u011bs\u00edc zasv\u011bcen\u00fd l\u00e1sce a j\u00e1 tu sed\u00edm u star\u00e9ho rodinn\u00e9ho hrobu v Lipsku, kam jsme dnes r\u00e1no br\u00e1\u0161ku tajn\u011b ulo\u017eili a nem\u016f\u017eu p\u0159estat bre\u010det\u2026 v\u00edm, \u017ee je to mo\u017en\u00e1 slabo\u0161stv\u00ed, ale ode\u0161el n\u011bkdo, kdo mi byl v\u0161\u00edm. Byl moje dvoj\u010de, kamar\u00e1d, spole\u010dn\u00edk p\u0159i d\u011btsk\u00e9m blbnut\u00ed, kolega ve skupin\u011b, d\u016fv\u011brn\u00edk a nakonec vlastn\u011b moje prvn\u00ed i posledn\u00ed l\u00e1ska. Hlavou se mi hon\u00ed vzpom\u00ednky na tu dobu, kdy bylo je\u0161t\u011b v\u0161echno tak jednoduch\u00e9\u2026<\/p>\n<div style=\"text-align: justify;\"><\/div>\n<div><\/div>\n<p style=\"text-align: center;\"><em>-flashback-<\/em><\/p>\n<div><\/div>\n<div><\/div>\n<p style=\"text-align: justify;\"><em>&#8222;Bill\u00e9\u00e9\u00e9\u00e9, jsi doma?&#8220; ozve se od dve\u0159\u00ed a j\u00e1 sebou trhnu, jako kdybych d\u011blal n\u011bco zak\u00e1zan\u00e9ho. Schov\u00e1m pod pol\u0161t\u00e1\u0159 jeho fotku a zavol\u00e1m: &#8222;Jo, tady v pokoji\u2026&#8220; Sly\u0161\u00edm dus\u00e1n\u00ed po chodb\u011b a b\u011bhem chvilky mi m\u016fj patn\u00e1ctilet\u00fd brat\u0159\u00ed\u010dek sko\u010d\u00ed s rozb\u011bhem do postele a s neuv\u011b\u0159iteln\u011b rozz\u00e1\u0159en\u00fdma o\u010dima na m\u011b vychrl\u00ed: &#8222;P\u0159edstav si, \u017ee Lina mi \u0159ekla, \u017ee se j\u00ed l\u00edb\u00edm!!!! Dovede\u0161 si to p\u0159edstavit? Lina, nejkr\u00e1sn\u011bj\u0161\u00ed holka na gymplu, kterou chce ka\u017ed\u00fd a ona chce m\u011b, jenom m\u011b, Toma Kaulitze ze zakopan\u00fd d\u00edry. To je co?&#8220; \u0161\u0165ouchne do m\u011b samou radost\u00ed a dychtiv\u011b \u010dek\u00e1, co mu na to odpov\u00edm. &#8222;To jo,&#8220; zm\u016f\u017eu se jen na dv\u011b slova a d\u00e1l pozoruju jeho \u0161\u0165astnou tv\u00e1\u0159. Kdyby v\u011bd\u011bl, co mi t\u00edm zp\u016fsobuje\u2026 cht\u011bl bych b\u00fdt na m\u00edst\u011b Liny, pro\u010d mus\u00edm b\u00fdt kluk a je\u0161t\u011b k tomu jeho dvoj\u010de\u2026 pro\u010d nem\u016f\u017eu b\u00fdt jeho l\u00e1ska j\u00e1? V\u017edy\u0165 j\u00e1 ho miluju jako nikoho na sv\u011bt\u011b. Snesl bych mu modr\u00e9 z nebe, kdyby m\u011b cht\u011bl, ale to bych musel nejd\u0159\u00edv naj\u00edt odvahu mu o tom v\u016fbec \u0159\u00edct a tu j\u00e1 nem\u00e1m\u2026<\/em><\/p>\n<div><\/div>\n<div><\/div>\n<p style=\"text-align: center;\"><em>-konec flashbacku-<\/em><\/p>\n<div style=\"text-align: justify;\"><\/div>\n<div><\/div>\n<p style=\"text-align: justify;\">Miloval jsem sv\u00e9ho bratra k zbl\u00e1zn\u011bn\u00ed. \u010c\u00edm v\u00edc se mi zatajoval dech p\u0159i pohledu na n\u011bj, t\u00edm v\u00edc mi doch\u00e1zelo, \u017ee to asi bude n\u011bco v\u00edc, ne\u017e jen obdiv k star\u0161\u00edmu bratrovi. Byla to l\u00e1ska\u2026 l\u00e1ska jako tr\u00e1m, se v\u0161\u00edm v\u0161udy. Tom byl pro m\u011b najednou Bohem. Ze dne na den, ani\u017e by se n\u011bjak zm\u011bnil\u2026 to jen moje o\u010di ho tak za\u010daly vid\u011bt. Kdy\u017e se na m\u011b usm\u00e1l, zastavilo se mi srdce a nemohl jsem d\u00fdchat. Kdy\u017e se m\u011b dotkl, bylo to jako dotek sametu, nabit\u00e9ho elektrick\u00fdm proudem. V\u0161echno na n\u011bm mi p\u0159ipadalo obdivuhodn\u00e9 a kr\u00e1sn\u00e9. Jeho ch\u016fze, jeho vlasy, o\u010di, hlas a rty, i slova kter\u00e1 z nich vych\u00e1zela, pro m\u011b byla posv\u00e1tn\u00e1, i kdy\u017e na m\u011b zrovna pok\u0159ikoval n\u011bjakou svoj\u00ed vtipnou hl\u00e1\u0161ku&#8230; Tolik jsem se tou\u017eil t\u011bch rt\u016f dotknout. Kdy\u017e ne sv\u00fdmi \u00fasty, tak alespo\u0148 b\u0159\u00ed\u0161ky prst\u016f, jen tak tro\u0161ku, jakoby omylem, aby nic nepoznal. N\u011bkolikr\u00e1t jsem se p\u0159istihl, \u017ee na n\u011bj z\u00edr\u00e1m s otev\u0159enou pusou a nejsem schopn\u00fd vn\u00edmat co mi \u0159\u00edk\u00e1, sta\u010dilo mi jen vid\u011bt ten pohyb rt\u016f a mozek mi p\u0159estal pracovat. Ob\u010das jsem v jeho o\u010d\u00edch zahl\u00e9dl n\u011bco zvl\u00e1\u0161tn\u00edho, n\u011bco jako smutek nebo mo\u017en\u00e1 i l\u00e1sku, ale v\u011bt\u0161inou to rychle zmizelo a j\u00e1 zase z\u016fstal se svoj\u00ed l\u00e1skou beznad\u011bjn\u011b s\u00e1m.<\/p>\n<div style=\"text-align: justify;\"><\/div>\n<div><\/div>\n<p style=\"text-align: justify;\">Kdy\u017e jsem si to tenkr\u00e1t uv\u011bdomil, za\u010dal jsem se stra\u0161n\u011b styd\u011bt s\u00e1m p\u0159ed sebou. My\u0161lenky mi l\u00edtaly hlavou \u010dty\u0159iadvacet hodin denn\u011b a nemohl jsem se jich zbavit\u2026 styd\u011bl jsem se i za ty erotick\u00e9 sny, kter\u00e9 mou l\u00e1sku doprov\u00e1zely jako v\u011brn\u00fd pes ka\u017edou noc, ale na druhou stranu jsem si je u\u017e\u00edval a miloval je\u2026 byly mou jedinou mo\u017enost\u00ed, jak pro\u017e\u00edt alespo\u0148 kousek toho, o \u010dem jsem snil cel\u00fd den. Pova\u017eoval jsem se za zvrhl\u00edka. Copak je to norm\u00e1ln\u00ed? Tom navenek sice u\u017e tenkr\u00e1t vypadal jinak ne\u017e j\u00e1, ale oba jsme v\u011bd\u011bli, \u017ee jsme p\u0159ece \u00fapln\u011b stejn\u00ed \u2026 m\u00e1me stejn\u00e9 t\u011blo, stejn\u00e9 geny, tv\u00e1\u0159, my\u0161lenky, dokonce ob\u010das i sny, snad jen pihu na tv\u00e1\u0159i m\u00e1 jinde ne\u017e j\u00e1\u2026 to je skoro jako bych se zamiloval s\u00e1m do sebe. To p\u0159ece nejde, to se snad ani nesm\u00ed\u2026 tu\u0161il jsem, \u017ee je to n\u011bco, o \u010dem tahle spole\u010dnost nemluv\u00ed\u2026 \u017ee je to incest\u2026 na\u0161el jsem to slovo tenkr\u00e1t ve slovn\u00edku\u2026 dodne\u0161ka ho nesn\u00e1\u0161\u00edm. Zkazilo mi \u017eivot, pron\u00e1sleduje m\u011b a zajistilo mi cel\u00fdch deset let utrpen\u00ed.<\/p>\n<div><\/div>\n<div style=\"text-align: justify;\"><\/div>\n<p style=\"text-align: justify;\">Tehdy jsem si \u0159ekl, \u017ee tohle Tomovi p\u0159ece nem\u016f\u017eu ud\u011blat\u2026 zat\u00e1hnout ho do n\u011b\u010deho takov\u00e9ho, znamenalo nutit ho, aby lhal nebo alespo\u0148 ne\u0159\u00edkal plnou pravdu. On, takov\u00fd kecka, kter\u00fd pl\u00e1cl v\u017edycky prvn\u00ed v\u011bc, kter\u00e1 ho napadla\u2026 m\u011bl by to t\u011b\u017ek\u00e9, ztratil by svoj\u00ed bezstarostnost, kterou jsem na n\u011bm m\u011bl tak r\u00e1d. Kdyby v\u011bd\u011bl co k n\u011bmu c\u00edt\u00edm, snad by m\u011b nep\u0159estal m\u00edt kv\u016fli tomu \u00fapln\u011b r\u00e1d\u2026 snad? Kdo v\u00ed? Pouto mezi n\u00e1mi bylo od narozen\u00ed siln\u00e9 a mn\u011b p\u0159ipadalo v\u017edycky nezni\u010diteln\u00e9. P\u0159etrhlo se a\u017e jeho smrt\u00ed\u2026 c\u00edt\u00edm stra\u0161n\u00e9 pr\u00e1zdno uprost\u0159ed hrudi, tam kde byla jeho p\u016flka srdce v t\u00e9 m\u00e9. Kdybych se mu tenkr\u00e1t sv\u011b\u0159il a on m\u00e9 city neop\u011btoval, snad by m\u011b nezavrhl\u2026 Snad ? Nev\u011bd\u011bl jsem to, nebyl jsem si jist\u00fd a zeptat jsem se ho nemohl\u2026 Kdyby to v\u011bd\u011bl, jak by to vzal? Trp\u011bl by se mnou, kdyby v\u011bd\u011bl, \u017ee mi nem\u016f\u017ee d\u00e1t to co po n\u011bm chci? Dok\u00e1zal by to p\u0159ede v\u0161emi tajit? S\u00e1m v\u00edm, jak je t\u011b\u017ek\u00e9 n\u011bco takov\u00e9ho skr\u00fdvat. Mo\u017en\u00e1 by n\u00e1s to nakonec rozd\u011blilo, a to jsem nemohl a necht\u011bl p\u0159ipustit\u2026 to ne, to bych nep\u0159e\u017eil. Tohle jsem mu p\u0159ece nemohl ud\u011blat, ne jemu, kter\u00e9ho jsem miloval.<\/p>\n<div><\/div>\n<div style=\"text-align: justify;\"><\/div>\n<p style=\"text-align: justify;\">Po po\u010d\u00e1te\u010dn\u00edm \u0161oku jsem se se svou beznad\u011bjnou l\u00e1skou pomalu sm\u00ed\u0159il, v\u011bd\u011bl jsem, \u017ee s t\u00edm nem\u016f\u017eu nic d\u011blat a dokud to samo nep\u0159ejde, mus\u00edm se s n\u00ed vypo\u0159\u00e1dat\u2026 netu\u0161il jsem tenkr\u00e1t, \u017ee se to nestane\u2026 nikdy to nep\u0159e\u0161lo a te\u010f u\u017e je pozd\u011b.<\/p>\n<p style=\"text-align: justify;\">Za\u010dal tenkr\u00e1t s Linou chodit a m\u011b bylo jasn\u00e9, \u017ee milostn\u00fd cit k vlastn\u00edmu bratrovi se od n\u011bj ned\u00e1 o\u010dek\u00e1vat. Jen\u017ee nic jin\u00e9ho jsem od n\u011bj necht\u011bl\u2026 ne l\u00edtost, ne soucit, ale l\u00e1sku a tu mi d\u00e1t nemohl, neum\u011bl to\u2026 a nejsp\u00ed\u0161 by ani necht\u011bl. Po Lin\u011b p\u0159i\u0161la dal\u0161\u00ed a dal\u0161\u00ed a \u010d\u00edm v\u00edc jich pozn\u00e1val, t\u00edm v\u00edc j\u00e1 trp\u011bl. Jeho \u00fasp\u011bchy u d\u00edvek byly jako d\u00fdky do m\u00e9ho srdce\u2026 s ka\u017edou dal\u0161\u00ed se moje l\u00e1ska st\u00e1vala beznad\u011bjn\u011bj\u0161\u00ed. Kdy\u017e se z n\u00e1s stala slavn\u00e1 skupina, bylo to u\u017e \u00fapln\u011b ztracen\u00e9. Proslul jako &#8222;donchuan&#8220;, krut\u00fd dobyvatel, kter\u00fd nev\u00e1h\u00e1 sbalit ka\u017edou vhodnou ob\u011b\u0165 a u\u017e\u00edt si co to jde. O l\u00e1sku nest\u00e1l\u2026 nev\u011b\u0159il v n\u00ed\u2026 cht\u011bl si jen u\u017e\u00edvat. J\u00e1 byl pro n\u011bj jen mlad\u0161\u00ed br\u00e1\u0161ka, nerozumn\u00fd romantik, \u010dekaj\u00edc\u00ed na velkou l\u00e1sku, kter\u00e9ho je t\u0159eba maxim\u00e1ln\u011b ochra\u0148ovat. Ale milovat? To ne.<\/p>\n<p>Bolelo to\u2026 moc to bolelo, ale nau\u010dil jsem se s t\u00edm \u017e\u00edt. Nic jin\u00e9ho mi nezbylo, pokud jsem necht\u011bl p\u0159ij\u00edt o svou l\u00e1sku. Takhle jsem pro n\u011bj byl po\u0159\u00e1d d\u016fv\u011brn\u00edkem, kter\u00e9mu se sv\u011b\u0159oval se sv\u00fdmi \u00fasp\u011bchy i tr\u00e1pen\u00edmi a nebylo jich m\u00e1lo. Se svoj\u00ed povahou dobyvatele d\u00edv\u010d\u00edch srdc\u00ed nesn\u00e1\u0161el ne\u00fasp\u011bchy\u2026 ob\u010das utr\u017eil i n\u011bjakou prohru od hrd\u00e9 d\u00edvky nebo \u017eeny, kter\u00e1 ho odm\u00edtla a j\u00e1 byl v\u017edycky po ruce\u2026 mn\u011b se mohl sv\u011b\u0159it. Nikomu jin\u00e9mu by svoje slabosti nep\u0159iznal, na to byl p\u0159\u00edli\u0161 hrd\u00fd\u2026 v\u011b\u0159il mi, \u017ee to nikomu jin\u00e9mu ne\u0159eknu. M\u011bl pravdu. V\u0161echno co mi sv\u011b\u0159il, bylo u m\u011b ulo\u017eeno v odd\u011blen\u00ed &#8222;Top secret&#8220;, kter\u00e9 jsem si pro sebe ve sv\u00e9m srdci p\u0159ejmenoval na &#8222;koutek bolesti&#8220;. Pro v\u0161echny ostatn\u00ed byl ten t\u00fdpek, co si jen tak n\u011bco k srdci nep\u0159ipust\u00ed, ale j\u00e1 v\u011bd\u011bl, \u017ee to tak nen\u00ed\u2026 byl citliv\u00fd, stejn\u011b jako j\u00e1, jen to jeho okol\u00ed nesm\u011blo v\u011bd\u011bt.<\/p>\n<div><\/div>\n<div style=\"text-align: justify;\"><\/div>\n<p style=\"text-align: justify;\">Ano, nau\u010dil jsem se ho milovat nesobeckou l\u00e1skou a p\u0159\u00e1l jsem mu, aby se mu v \u017eivot\u011b da\u0159ilo to, po \u010dem zatou\u017eil a to, co bolelo jeho, bolelo i m\u011b. V\u0161echny jeho radosti a bolesti jsem s n\u00edm pro\u017e\u00edval a byl jsem \u0161\u0165astn\u00fd, \u017ee to tak m\u016f\u017ee b\u00fdt. N\u011bkolikr\u00e1t jsem se m\u00e1lem neuhl\u00eddal, skoro prasklo v\u0161echno to, co se ve mn\u011b hromadilo, ale v\u017edycky jsem to nakonec v sob\u011b n\u00e1sil\u00edm potla\u010dil. Nemohl jsem mu to \u0159\u00edct. Hrozilo nebezpe\u010d\u00ed, \u017ee m\u011b mo\u017en\u00e1 nepochop\u00ed a j\u00e1 z\u016fstanu s\u00e1m. Nemohl jsem to riskovat, nemohl, nemohl, nemohl\u2026 pane bo\u017ee Bille, p\u0159esta\u0148 u\u017e bre\u010det, jsi chlap a chlapi p\u0159ece nepl\u00e1\u010dou\u2026<\/p>\n<p style=\"text-align: justify;\">Na ruku mi dopadla kapka. Hned za n\u00ed druh\u00e1\u2026 t\u0159et\u00ed. Zvedl jsem svoje zarudl\u00e9 o\u010di k obloze. Zat\u00edmco jsem tu p\u0159em\u00fd\u0161lel, zat\u00e1hla se \u010dern\u00fdmi mraky a za\u010d\u00edn\u00e1 pr\u0161et. Nebe pl\u00e1\u010de nad jeho smrt\u00ed\u2026 nad smrt\u00ed m\u00e9ho druh\u00e9ho j\u00e1, kter\u00e9 mi tak moc chyb\u00ed\u2026 Je\u0161t\u011b jednou jsem se pod\u00edval na ten smutn\u00fd hrob a v duchu se rozlou\u010dil. Mus\u00edm j\u00edt, br\u00e1\u0161ko, \u010dek\u00e1 m\u011b spousta smutn\u00fdch povinnost\u00ed. V\u00edm, \u017ee jsme si kdysi sl\u00edbili, \u017ee jednou um\u0159eme spolu, ale v \u0161estn\u00e1cti se takov\u00e9 v\u011bci jako je smrt, zdaj\u00ed stra\u0161n\u011b vzd\u00e1len\u00e9 a neskute\u010dn\u00e9. Jdu \u017e\u00edt d\u00e1l ten zoufal\u00fd \u017eivot. M\u00e1m t\u011b nav\u017edy u sebe, ve sv\u00e9m srdci.<\/p>\n<div style=\"text-align: justify;\"><\/div>\n<div><\/div>\n<p style=\"text-align: center;\"><strong>xXx<\/strong><\/p>\n<div style=\"text-align: justify;\"><\/div>\n<div><\/div>\n<p style=\"text-align: justify;\">Jel jsem ze h\u0159bitova rovnou za Sabine do Hamburku. Volala mi, a\u0165 se stav\u00edm pro n\u011bjak\u00e9 Tomovy v\u011bci. M\u011bl jsem ji celkem r\u00e1d, ale nem\u00e1m te\u010f s\u00edlu poslouchat jej\u00ed zd\u016fvod\u0148ov\u00e1n\u00ed toho, co se stalo. \u010cetl jsem jej\u00ed v\u00fdpov\u011b\u010f do policejn\u00edho protokolu, a to mi sta\u010d\u00ed. Podle nich to byla sebeobrana, Tom byl opil\u00fd, napadl ji a ona se jen br\u00e1nila. Nechci j\u00ed ubli\u017eovat, ale nejsem schopen se s n\u00ed te\u010f vid\u011bt. Vzal jsem si krabici jen mezi dve\u0159mi a rychle vypadl z m\u00edsta, kde m\u016fj Tom naposledy vydechl. Nechci tam j\u00edt, musel bych ji nen\u00e1vid\u011bt.<\/p>\n<p>Sko\u010dil jsem do auta a uj\u00ed\u017ed\u011bl do sv\u00e9ho bytu v dom\u011b na kraji Hamburku. Nikdy jsem se neo\u017eenil a nem\u00e1m ani \u017e\u00e1dnou st\u00e1lou p\u0159\u00edtelkyni. \u017d\u00e1dn\u00e1 z nich mi nikdy nemohla d\u00e1t to, co jsem pot\u0159eboval, tak\u017ee na m\u011b doma \u010dekal jen m\u016fj pes Scotty\u2026 u\u017e to nebyl n\u00e1\u0161 spole\u010dn\u00fd Scotty z d\u011btstv\u00ed, ale n\u011bjak jsme se nedok\u00e1zali toho jm\u00e9na vzd\u00e1t, kdy\u017e jsme ho s Tomem vyb\u00edrali v \u00fatulku. Je to pouli\u010dn\u00ed sm\u011bska\u2026 k\u0159\u00ed\u017eenec, a v\u00e1\u017e\u00ed v\u00edc ne\u017e j\u00e1. Nikdy jsme nep\u00e1trali, jakou rasu m\u011bli jeho rodi\u010de, ale je to chytr\u00fd a mil\u00fd pes a neubl\u00ed\u017eil by ani mou\u0161e. Mus\u00edm ho vyven\u010dit, nakrmit, a pak si kone\u010dn\u011b sednu a v klidu se pod\u00edv\u00e1m, co je v t\u00e9 krabici.<\/p>\n<div>\n<p style=\"text-align: justify;\">\n<p style=\"text-align: justify;\">autor: <strong>Janule<\/strong><br \/>\nbetaread: <strong>Janik<\/strong><\/p>\n<\/div>\n","protected":false},"excerpt":{"rendered":"<p>Prolog: Tahle dlouh\u00e1 pov\u00eddka za\u010d\u00edn\u00e1 t\u00edm, \u010d\u00edm v\u011bt\u0161ina ostatn\u00edch kon\u010d\u00ed\u2026 ale p\u0159esto, \u017ee to na za\u010d\u00e1tku tak nevypad\u00e1, je to twincest, co\u017e zjist\u00edte pozd\u011bji, a\u017e bude ten spr\u00e1vn\u00fd \u010das. Mo\u017en\u00e1 v\u00e1m napov\u00ed, kdy\u017e prozrad\u00edm, \u017ee jsem se p\u0159i psan\u00ed inspirovala jedn\u00edm star\u00fdm<\/p>\n<p class=\"link-more\"><a class=\"myButt \" href=\"https:\/\/twincestblog.cz\/domains\/twincestblog.cz\/2008\/03\/01\/casoprostor-i-1\/\">Read More<\/a><\/p>\n","protected":false},"author":1,"featured_media":0,"comment_status":"open","ping_status":"open","sticky":false,"template":"","format":"standard","meta":{"_exactmetrics_skip_tracking":false,"_exactmetrics_sitenote_active":false,"_exactmetrics_sitenote_note":"","_exactmetrics_sitenote_category":0,"footnotes":""},"categories":[53],"tags":[],"class_list":["post-20562","post","type-post","status-publish","format-standard","hentry","category-casoprostor-i"],"_links":{"self":[{"href":"https:\/\/twincestblog.cz\/domains\/twincestblog.cz\/wp-json\/wp\/v2\/posts\/20562","targetHints":{"allow":["GET"]}}],"collection":[{"href":"https:\/\/twincestblog.cz\/domains\/twincestblog.cz\/wp-json\/wp\/v2\/posts"}],"about":[{"href":"https:\/\/twincestblog.cz\/domains\/twincestblog.cz\/wp-json\/wp\/v2\/types\/post"}],"author":[{"embeddable":true,"href":"https:\/\/twincestblog.cz\/domains\/twincestblog.cz\/wp-json\/wp\/v2\/users\/1"}],"replies":[{"embeddable":true,"href":"https:\/\/twincestblog.cz\/domains\/twincestblog.cz\/wp-json\/wp\/v2\/comments?post=20562"}],"version-history":[{"count":10,"href":"https:\/\/twincestblog.cz\/domains\/twincestblog.cz\/wp-json\/wp\/v2\/posts\/20562\/revisions"}],"predecessor-version":[{"id":79438014,"href":"https:\/\/twincestblog.cz\/domains\/twincestblog.cz\/wp-json\/wp\/v2\/posts\/20562\/revisions\/79438014"}],"wp:attachment":[{"href":"https:\/\/twincestblog.cz\/domains\/twincestblog.cz\/wp-json\/wp\/v2\/media?parent=20562"}],"wp:term":[{"taxonomy":"category","embeddable":true,"href":"https:\/\/twincestblog.cz\/domains\/twincestblog.cz\/wp-json\/wp\/v2\/categories?post=20562"},{"taxonomy":"post_tag","embeddable":true,"href":"https:\/\/twincestblog.cz\/domains\/twincestblog.cz\/wp-json\/wp\/v2\/tags?post=20562"}],"curies":[{"name":"wp","href":"https:\/\/api.w.org\/{rel}","templated":true}]}}