{"id":20623,"date":"2008-02-29T17:40:00","date_gmt":"2008-02-29T16:40:00","guid":{"rendered":"http:\/\/twincestblog.cz\/?p=20581"},"modified":"2008-02-29T17:40:00","modified_gmt":"2008-02-29T16:40:00","slug":"erf-llende-tr-umen-ii-28","status":"publish","type":"post","link":"https:\/\/twincestblog.cz\/domains\/twincestblog.cz\/2008\/02\/29\/erf-llende-tr-umen-ii-28\/","title":{"rendered":"Erf\u00fcllende Tr\u00e4umen II 28."},"content":{"rendered":"<div>&#8222;Nev\u00edte, co je s Laurou?&#8220; zeptal se z ni\u010deho nic Georg a zkoumav\u011b p\u0159el\u00e9tl pohledem z Toma na Gustava a zp\u011bt.<\/div>\n<div>&#8222;Co by m\u011blo b\u00fdt?&#8220; Gustav naprosto netu\u0161il, kam Georg svoj\u00ed ot\u00e1zkou m\u00ed\u0159\u00ed.<\/div>\n<div>&#8222;Ni\u010deho jste si nev\u0161imli?&#8220; Georgovi tahle v\u011bc z\u0159ejm\u011b le\u017eela na srdci.<\/div>\n<div>Tom ml\u010del.<\/div>\n<div>&#8222;Nev\u0161imli jste si, jak\u00fd m\u00e1 najednou \u0161ediv\u00fd kruhy pod o\u010dima? Po\u0159\u00e1d je takov\u00e1 ubre\u010den\u00e1&#8230; Ani sem na tu oslavu necht\u011bla j\u00edt&#8230; s\u00e1m jsem ji zval. Jako by ji n\u011bco tr\u00e1pilo, ale nev\u00edm co.&#8220;<\/div>\n<div>Georg se odml\u010del. Nech\u00e1pav\u011b pot\u0159\u00e1sl hlavou.<\/div>\n<div>&#8222;Ptal jsem se j\u00ed, jestli j\u00ed m\u016f\u017eu n\u011bjak pomoct, ale zase se rozbre\u010dela a utekla&#8230; to p\u0159ece nen\u00ed norm\u00e1ln\u00ed, ne? A zvl\u00e1\u0161\u0165 u n\u00ed ne&#8230;&#8220;<\/div>\n<div>Tom si povzdechl. Nemohl p\u0159ece p\u0159iznat, \u017ee tu\u0161\u00ed pravou p\u0159\u00ed\u010dinu Lau\u0159ina chov\u00e1n\u00ed, proto nasadil naoko lhostejn\u00fd v\u00fdraz.<\/div>\n<div>&#8222;To ji zas p\u0159ejde, zn\u00e1\u0161 holky,&#8220; prohodil, jako by v\u016fbec o nic ne\u0161lo.<\/div>\n<div>&#8222;T\u0159eba&#8230;,&#8220; pok\u00fdval Georg hlavou. Pak se znovu na Toma zad\u00edval a p\u0159imhou\u0159en\u00ed jeho o\u010d\u00ed nev\u011bstilo nic dobr\u00e9ho. &#8222;Nem\u00e1\u0161 s t\u00edm nic spole\u010dn\u00e9ho, \u017ee ne?&#8220;<\/div>\n<div>&#8222;J\u00e1?&#8220; vyvalil Tom p\u0159ekvapen\u011b o\u010di. &#8222;Pro\u010d zrovna j\u00e1?&#8220;<\/div>\n<div>Georg pokr\u010dil rameny. &#8222;V\u017edycky kdy\u017e potk\u00e1m holku, kter\u00e1 bre\u010d\u00ed, je to proto, \u017ee ses na ni vyka\u0161lal&#8230; Tak se rad\u0161i pt\u00e1m. M\u011bl jsi s n\u00ed n\u011bco?&#8220;<\/div>\n<div>Odpov\u011bd\u00ed mu bylo znechucen\u00e9 odfrknut\u00ed.<\/div>\n<div>&#8222;Ses asi zbl\u00e1znil, ne?<\/div>\n<div>&#8222;Pro\u010d? Je to kr\u00e1sn\u00e1 holka a ty ses j\u00ed l\u00edbil&#8230; ka\u017ed\u00fd to v\u00ed. Nav\u00edc&#8230; m\u011b odm\u00edtla.&#8220;<\/div>\n<div>&#8222;Nevyspal jsem se s n\u00ed. Sta\u010d\u00ed?&#8220; odsekl podr\u00e1\u017ed\u011bn\u011b Tom a boj\u00e1cn\u011b sklouzl pohledem k prot\u011bj\u0161\u00ed st\u011bn\u011b boxu, kde tu\u0161il Billovu p\u0159\u00edtomnost. Teprve te\u010f si vlastn\u011b v\u0161iml, \u017ee Bill zmizel a David s n\u00edm.<\/div>\n<div>&#8222;Kde jsou? Kam \u0161li?&#8220; vyrazil ze sebe. Okam\u017eit\u011b se rozhl\u00e9dl, jestli n\u011bkde nezahl\u00e9dne vy\u010dn\u00edvat Billovu vysokou postavu.<\/div>\n<div>&#8222;J\u00e1 nev\u00edm,&#8220; \u0159ekl Georg a stejn\u011b jako Tom, i on se rozhl\u00e9dl kolem sebe.<\/div>\n<div>Po chvilce \u0161touchl do Toma loktem.<\/div>\n<div>&#8222;Hele, t\u00e1mhle&#8230;&#8220;.<\/div>\n<div>U baru st\u00e1l David a n\u011bco \u0159e\u0161il s mu\u017eem neobvykle sv\u011btl\u00fdch vlas\u016f, kter\u00e9ho Tom nikdy p\u0159edt\u00edm nevid\u011bl, a\u010dkoli mu byl tak n\u011bjak pov\u011bdom\u00fd. Zkoumav\u011b si ho prohl\u00e9dl. Mohl b\u00fdt tak v Davidov\u011b v\u011bku, mo\u017en\u00e1 o p\u00e1r let star\u0161\u00ed. Op\u00e1len\u00e1 k\u016f\u017ee kontrastovala s kr\u00e1tk\u00fdmi blon\u010fat\u00fdmi vlasy a pronikav\u011b modr\u00fdma o\u010dima. Kdy\u017e se usm\u00e1l, jeho b\u00edl\u00e9 zuby zasv\u00edtily a on z\u00edskal t\u00e9m\u011b\u0159 drav\u010d\u00ed vzez\u0159en\u00ed. Tenhle mu\u017e rozhodn\u011b p\u016fsobil dojmem, \u017ee v\u00ed, co chce, a \u017ee to v\u017edycky i dostane.<\/div>\n<div>&#8222;Kde je Bill?&#8220; procedil Tom skrze zuby.<\/div>\n<div>&#8222;T\u00e1mhle je.&#8220; Georg nat\u00e1hl ruku a ukazov\u00e1\u010dkem vyty\u010dil sm\u011br, ze kter\u00e9ho se Bill s koktejlem v ruce bl\u00ed\u017eil.<\/div>\n<div>&#8222;Kde, sakra, byl?&#8220;<\/div>\n<div>Te\u010f u\u017e se zapojil i Gustav.<\/div>\n<div>&#8222;Nen\u00ed to jedno? P\u0159ece ho nehl\u00edd\u00e1\u0161, ne? M\u016f\u017ee si j\u00edt, kam chce&#8230;&#8220;<\/div>\n<div>Tom po n\u011bm nahn\u011bvan\u011b bl\u00fdskl o\u010dima a Gustav zapochyboval, jestli se n\u00e1hodou nem\u00fdlil, kdy\u017e si myslel, \u017ee mezi dvoj\u010daty v\u0161echno skon\u010dilo&#8230; N\u011bco mu na tom v\u0161em nesed\u011blo.<\/div>\n<div>&#8230;&#8230;&#8230;&#8230;&#8230;&#8230;..<\/div>\n<div>Bill kr\u00e1\u010del velmi sebev\u011bdom\u011b. V u\u0161\u00edch mu zn\u011bla hlasit\u00e1 hudba, kter\u00e1 zapl\u0148ovala klub do nejzaz\u0161\u00edho kouta. Sna\u017eil se srovnat sv\u00e9 kroky s jej\u00edm rytmem, tak\u017ee se ob\u010das trochu zavlnil, trochu zhoupl v boc\u00edch. Bylo mu dob\u0159e, byl spokojen\u00fd, jak zvl\u00e1dli cel\u00fd ten koloto\u010d, po\u0159\u00e1d si vybavoval fanou\u0161ky, jak s n\u00edm p\u0159ed n\u011bkolika hodinami na koncert\u011b proc\u00edt\u011bn\u011b zp\u00edvali, pro\u017e\u00edvali to s n\u00edm&#8230; I ve\u010der se rozb\u00edhal naprosto skv\u011ble. Sice je\u0161t\u011b v\u016fbec nem\u011bl p\u0159\u00edle\u017eitost p\u0159ibl\u00ed\u017eit se k Tomovi, ale nepochyboval, \u017ee k tomu d\u0159\u00edv nebo pozd\u011bji rozhodn\u011b dojde. To, jak Tom reagoval na jeho bl\u00edzkost, pro Billa stra\u0161n\u011b moc znamenalo. Dalo mu to novou nad\u011bji, \u017ee budou zase spolu&#8230; tak jako d\u0159\u00edv&#8230;<\/div>\n<div>&#8222;Bille, pod\u00edvej, kdo p\u0159ijel?&#8220; zam\u00e1val na n\u011bj David.<\/div>\n<div>&#8222;Lucasi, stra\u0161n\u011b r\u00e1d v\u00e1s vid\u00edm&#8230; Co vy tady?&#8220; Billova tv\u00e1\u0159 se rozt\u00e1hla do p\u0159\u00e1telsk\u00e9ho \u00fasm\u011bvu a jeho drobn\u00e1 dla\u0148 zmizela v siln\u00e9 ruce star\u0161\u00edho mu\u017ee.<\/div>\n<div>&#8222;Bille? Jak se vede? Sly\u0161el jsem, \u017ee jste zabodovali na pln\u00e9 \u010d\u00e1\u0159e&#8230; M\u00e1m z toho up\u0159\u00edmnou radost.&#8220;<\/div>\n<div>&#8222;D\u011bkuju,&#8220; z\u010dervenal Bill.<\/div>\n<div>&#8222;Kdybys Billa vid\u011bl, co p\u0159i koncertu dok\u00e1\u017ee,&#8220; vlo\u017eil se do hovoru David, &#8222;to se prost\u011b ned\u00e1 vypr\u00e1v\u011bt, to mus\u00ed\u0161 za\u017e\u00edt.&#8220;<\/div>\n<div>&#8222;David p\u0159eh\u00e1n\u00ed,&#8220; zamumlal skromn\u011b Bill.<\/div>\n<div>C\u00edtil se trochu nesv\u016fj pod pozorn\u00fdmi pohledy obou mu\u017e\u016f, na druhou stranu nemohl \u0159\u00edct, \u017ee by to bylo a\u017e tak moc nep\u0159\u00edjemn\u00e9.<\/div>\n<div>&#8230;&#8230;&#8230;&#8230;&#8230;&#8230;<\/div>\n<div>Tom roz\u010dilen\u011b sledoval ka\u017ed\u00fd Bill\u016fv krok. V krku c\u00edtil podivn\u00e9 sucho. \u010cekal, \u017ee se na n\u011bj alespo\u0148 pod\u00edv\u00e1, \u017ee se vr\u00e1t\u00ed zp\u00e1tky a kone\u010dn\u011b v\u011bnuje trochu pozornosti i jemu&#8230; <em>A nen\u00ed to p\u0159esn\u011b opak toho, co sis pl\u00e1noval? V\u017edy\u0165 jsi necht\u011bl b\u00fdt s n\u00edm&#8230; cht\u011bl jsi konec, definitivn\u00ed konec&#8230; Tak pro\u010d t\u011b znerv\u00f3z\u0148uje pozornost, kterou bud\u00ed, pohledy, kter\u00e9 p\u0159itahuje?Prost\u011b ti vad\u00ed, \u017ee ho nem\u016f\u017ee\u0161 m\u00edt jenom pro sebe, co? Tak si to p\u0159iznej!<\/em><\/div>\n<div>Kdy\u017e uvid\u011bl \u00fasm\u011bv, kter\u00fd Bill v\u011bnoval tomu sv\u011btlovlas\u00e9mu mu\u017ei, a p\u0159\u00e1telsk\u00e9 pod\u00e1n\u00ed ruky, rozho\u0159\u010den\u011b vydechl. <em>On ho zn\u00e1? Kdo to k \u010dertu m\u016f\u017ee b\u00fdt?<\/em><\/div>\n<div>&#8222;On ho zn\u00e1? Kdo to k \u010dertu m\u016f\u017ee b\u00fdt?&#8220; Ani si neuv\u011bdomil, \u017ee to vyslovil nahlas.<\/div>\n<div>&#8222;Co?&#8220; podivil se Georg. &#8222;Tome?!? Kdybych t\u011b neznal, myslel bych, \u017ee \u017e\u00e1rl\u00ed\u0161.&#8220;<\/div>\n<div>&#8222;J\u00e1? Tsss&#8230;&#8220; Tom musel ubrat, jestli necht\u011bl, aby se Georg dovt\u00edpil, jak se cel\u00e1 v\u011bc m\u00e1.<\/div>\n<div>&#8222;D\u00e1te si je\u0161t\u011b n\u011bco?&#8220; Hlas mlad\u00e9 \u017eeny, kter\u00e1 p\u0159i\u0161la sebrat pr\u00e1zdn\u00e9 sklo z jejich stolu, protrhl t\u00ed\u017eivou atmosf\u00e9ru.<\/div>\n<div>&#8222;Jo&#8230; Vodku. \u010cistou. Velkou.&#8220; Objednal si Tom bez dlouh\u00e9ho rozm\u00fd\u0161len\u00ed. \u017dena p\u0159ik\u00fdvla a ode\u0161la.<\/div>\n<div>&#8222;Hele, nem\u011bl bys brzdit? Jsme tu teprve chv\u00edli a je\u0161t\u011b po\u0159\u00e1d s n\u00e1mi David neprobral to, \u010d\u00edm n\u00e1s chce p\u0159ekvapit, tak a\u0165 z toho taky n\u011bco m\u00e1\u0161&#8230;&#8220; sna\u017eil se ho zpomalit Gustav.<\/div>\n<div>&#8222;Nestarej se,&#8220; odsekl Tom nerudn\u011b a nar\u00e1z do sebe obr\u00e1til sklenku pr\u016fzra\u010dn\u011b \u010dist\u00e9 tekutiny, kter\u00e1 mu pr\u00e1v\u011b p\u0159ist\u00e1la na stole. &#8222;Je\u0161t\u011b jednou!&#8220;<\/div>\n<div>Gustav pokr\u010dil rameny a u\u017e si ho nev\u0161\u00edmal.<\/div>\n<div>P\u00e1r vte\u0159in se Tom rozm\u00fd\u0161lel, jestli m\u00e1 j\u00edt za Billem&#8230; Nen\u00e1padn\u011b, samoz\u0159ejm\u011b. Jako \u017ee si jde objednat pit\u00ed nebo n\u011bco podobn\u00e9ho&#8230;<\/div>\n<div>&#8222;Hele, nezn\u00e1te toho chlapa?&#8220; vstoupil Gustavovi a Georgovi do hovoru.<\/div>\n<div>Oba svorn\u011b zakroutili hlavou a d\u00e1l pokra\u010dovali v \u0159e\u010di.<\/div>\n<div>Tom se zamra\u010dil. Nel\u00edbilo se mu, jak\u00fdm stylem si onen nezn\u00e1m\u00fd mu\u017e Billa prohl\u00ed\u017eel. V jeho o\u010d\u00edch toti\u017e naprosto z\u0159eteln\u011b zahl\u00e9dl z\u00e1jem. Bill ho upoutal, p\u0159i\u0161el mu zaj\u00edmav\u00fd.<\/div>\n<div>Mohlo mu b\u00fdt sice u\u017e p\u0159es \u010dty\u0159icet, ale objektivn\u011b vzato vypadal po\u0159\u00e1d hodn\u011b dob\u0159e.<\/div>\n<div>Jako by snad vyc\u00edtil Tom\u016fv up\u0159en\u00fd pohled, zabloudil n\u00e1hle o\u010dima sm\u011brem k n\u011bmu. Jejich pohledy se kone\u010dn\u011b protnuly. Tom nedok\u00e1zal ovl\u00e1dnout nesympatie, kter\u00e9 k n\u011bmu poc\u00edtil b\u011bhem n\u011bkolika m\u00e1lo minut, a\u010dkoli ho v\u016fbec neznal. A z\u0159ejm\u011b ani onen mu\u017e nech\u00e1pal, pro\u010d se na n\u011bj ten mlad\u00fd mu\u017e d\u00edv\u00e1 s vyz\u00fdvav\u00fdm nep\u0159\u00e1telstv\u00edm. Odtrhl sv\u016fj pohled jako prvn\u00ed, lehce objal Billa kolem ramen a oto\u010dil se spolu s n\u00edm k Tomovi z\u00e1dy. Rychl\u00fdm pohybem druh\u00e9 ruky p\u0159ivolal barmana. Tom pochopil, \u017ee objedn\u00e1v\u00e1 dal\u0161\u00ed drink.<\/div>\n<div>Obr\u00e1til do sebe t\u0159et\u00ed skleni\u010dku vodky. <em>Je\u0161t\u011b \u0161t\u011bst\u00ed, \u017ee vodka nen\u00ed nijak c\u00edtit&#8230; nesn\u00e1\u0161\u00edm tu pachu\u0165 alkoholu&#8230;<\/em><\/div>\n<div>Nedok\u00e1zal si poru\u010dit. Svalnat\u00e1 ruka lehce spo\u010d\u00edvaj\u00edc\u00ed na \u0161t\u00edhl\u00e9m rameni jeho bratra p\u0159itahovala Tomovy o\u010di jak magnet. Nedok\u00e1zal zastavit adrenalin, bolestiv\u011b se hromad\u00edc\u00ed v jeho ledvin\u00e1ch. Cht\u011bl jedin\u00e9. Uhodit toho nezn\u00e1m\u00e9ho mu\u017ee, strhnout tu op\u00e1lenou ruku z Billova t\u011bla a zak\u0159i\u010det tak, aby to v\u0161ichni sly\u0161eli, \u017ee Bill je jen jeho. Jen on se ho sm\u00ed dot\u00fdkat&#8230; a nikdo jin\u00fd. Ale neud\u011blal to. Zhluboka se nadechl a zabo\u0159il se je\u0161t\u011b hloub\u011bji do seda\u010dky.<\/p>\n<p>autor: <strong>Michelle M.<\/strong><\/div>\n","protected":false},"excerpt":{"rendered":"<p>&#8222;Nev\u00edte, co je s Laurou?&#8220; zeptal se z ni\u010deho nic Georg a zkoumav\u011b p\u0159el\u00e9tl pohledem z Toma na Gustava a zp\u011bt. &#8222;Co by m\u011blo b\u00fdt?&#8220; Gustav naprosto netu\u0161il, kam Georg svoj\u00ed ot\u00e1zkou m\u00ed\u0159\u00ed. &#8222;Ni\u010deho jste si nev\u0161imli?&#8220; Georgovi tahle v\u011bc z\u0159ejm\u011b le\u017eela<\/p>\n<p class=\"link-more\"><a class=\"myButt \" href=\"https:\/\/twincestblog.cz\/domains\/twincestblog.cz\/2008\/02\/29\/erf-llende-tr-umen-ii-28\/\">Read More<\/a><\/p>\n","protected":false},"author":1,"featured_media":0,"comment_status":"open","ping_status":"open","sticky":false,"template":"","format":"standard","meta":{"_exactmetrics_skip_tracking":false,"_exactmetrics_sitenote_active":false,"_exactmetrics_sitenote_note":"","_exactmetrics_sitenote_category":0,"footnotes":""},"categories":[49],"tags":[],"class_list":["post-20623","post","type-post","status-publish","format-standard","hentry","category-erfullende-traumen-ii"],"_links":{"self":[{"href":"https:\/\/twincestblog.cz\/domains\/twincestblog.cz\/wp-json\/wp\/v2\/posts\/20623","targetHints":{"allow":["GET"]}}],"collection":[{"href":"https:\/\/twincestblog.cz\/domains\/twincestblog.cz\/wp-json\/wp\/v2\/posts"}],"about":[{"href":"https:\/\/twincestblog.cz\/domains\/twincestblog.cz\/wp-json\/wp\/v2\/types\/post"}],"author":[{"embeddable":true,"href":"https:\/\/twincestblog.cz\/domains\/twincestblog.cz\/wp-json\/wp\/v2\/users\/1"}],"replies":[{"embeddable":true,"href":"https:\/\/twincestblog.cz\/domains\/twincestblog.cz\/wp-json\/wp\/v2\/comments?post=20623"}],"version-history":[{"count":0,"href":"https:\/\/twincestblog.cz\/domains\/twincestblog.cz\/wp-json\/wp\/v2\/posts\/20623\/revisions"}],"wp:attachment":[{"href":"https:\/\/twincestblog.cz\/domains\/twincestblog.cz\/wp-json\/wp\/v2\/media?parent=20623"}],"wp:term":[{"taxonomy":"category","embeddable":true,"href":"https:\/\/twincestblog.cz\/domains\/twincestblog.cz\/wp-json\/wp\/v2\/categories?post=20623"},{"taxonomy":"post_tag","embeddable":true,"href":"https:\/\/twincestblog.cz\/domains\/twincestblog.cz\/wp-json\/wp\/v2\/tags?post=20623"}],"curies":[{"name":"wp","href":"https:\/\/api.w.org\/{rel}","templated":true}]}}