{"id":20770,"date":"2008-02-28T17:14:00","date_gmt":"2008-02-28T16:14:00","guid":{"rendered":"http:\/\/twincestblog.cz\/?p=20728"},"modified":"2008-02-28T17:14:00","modified_gmt":"2008-02-28T16:14:00","slug":"zachran-me-13","status":"publish","type":"post","link":"https:\/\/twincestblog.cz\/domains\/twincestblog.cz\/2008\/02\/28\/zachran-me-13\/","title":{"rendered":"Zachra\u0148 m\u011b"},"content":{"rendered":"<div><em>Tak m\u011b zase jednou napadla jednod\u00edln\u00e1 pov\u00eddka. Jestli si chcete poslechnout hudbu, p\u0159i kter\u00e9 vznikala, tady je.<br \/><\/em><\/div>\n<div><em>Pov\u00eddku bych cht\u011bla v\u011bnovat Ly\u0159e za jej\u00ed b\u00e1je\u010dn\u00fd recept na elix\u00edr v\u011b\u010dn\u00e9ho ml\u00e1d\u00ed&#8230; :-*<\/em><\/div>\n<div><em>M.<\/p>\n<p><\/em><\/div>\n<div>V\u0161echno se zm\u011bnilo a nejv\u00edc j\u00e1 s\u00e1m&#8230;<\/div>\n<div>Uplynuly roky od chv\u00edle, kdy n\u00e1m sv\u011bt le\u017eel u nohou a my jen pln\u00fdmi dou\u0161ky u\u017e\u00edvali v\u0161eho, co se n\u00e1m nab\u00edzelo. \u00dasp\u011bch, sl\u00e1va, obdiv&#8230; i l\u00e1ska p\u0159i\u0161la. M\u011bli jsme v\u0161echno. Nev\u011b\u0159ili jsme, \u017ee by tohle v\u0161echno mohlo n\u011bkdy skon\u010dit a my&#8230; upadnout v zapomn\u011bn\u00ed.<\/div>\n<div>A stalo se.<\/div>\n<div>Kdo dneska v\u00ed, kdo jsme byli? Pamatuje si je\u0161t\u011b n\u011bkdo na\u0161i prvn\u00ed desku? Um\u011bl by n\u011bkdo vyjmenovat na\u0161e prvn\u00ed t\u0159i klipy? Asi t\u011b\u017eko&#8230;<\/div>\n<div>Osm let trval ten stra\u0161n\u00fd koloto\u010d. Osm let fenomen\u00e1ln\u00edho \u00fasp\u011bchu. Osm let na vrcholu. Osm let na tituln\u00edch str\u00e1nk\u00e1ch novin. Osm let jednou z nejprod\u00e1van\u011bj\u0161\u00edch kapel v Evrop\u011b. Osm let&#8230; osm kr\u00e1sn\u00fdch \u0161\u0165astn\u00fdch let&#8230; A pak? Voln\u00fd p\u00e1d&#8230; P\u00e1d z vrcholu v\u017edycky bol\u00ed, ale my byli p\u0159ipraveni. Pot\u0159ebovali jsme vypadnout z toho stra\u0161n\u00e9ho ml\u00fdnsk\u00e9ho kola, kter\u00e9 n\u00e1s cht\u011blo seml\u00edt na prach.<\/div>\n<div>Pot\u0159ebovali jsme zm\u011bnu.<\/div>\n<div>Pot\u0159ebovali jsme b\u00fdt zas na chv\u00edli oby\u010dejn\u00fdmi lidmi, kte\u0159\u00ed se bez pov\u0161imnut\u00ed m\u00edjej\u00ed na ulic\u00edch, kter\u00e9 nikdo nepron\u00e1sleduje, na n\u011b\u017e ne\u010dekaj\u00ed davy fanou\u0161k\u016f p\u0159ed domovn\u00edmi dve\u0159mi&#8230; Skr\u00fdt se. B\u00fdt sami sebou.<\/div>\n<div>Jen my&#8230; a l\u00e1ska.<\/div>\n<div>Obrac\u00edm str\u00e1nku za str\u00e1nkou. Album pln\u00e9 fotek je u\u017e tak ohmatan\u00e9, \u017ee m\u00e1m strach, aby se nerozpadlo \u00fapln\u011b. M\u016fj nejmilej\u0161\u00ed spole\u010dn\u00edk&#8230; pln\u00fd vzpom\u00ednek.<\/div>\n<div>Tvoje tv\u00e1\u0159 se na m\u011b sm\u011bje, vid\u00edm ty hn\u011bd\u00e9 o\u010di pln\u00e9 \u0161\u0165astn\u00fdch jisk\u0159i\u010dek. Nejsou to ty strnul\u00e9, na efekt d\u011blan\u00e9 fotky, kter\u00fdch bylo tehdy v\u0161ude plno. Tyhle jsou jen na\u0161e. V\u00edm to, v\u0161echny jsem stvo\u0159il j\u00e1. A taky v\u00edm, \u017ee to \u0161t\u011bst\u00ed z\u00e1\u0159\u00edc\u00ed z tv\u00fdch o\u010d\u00ed&#8230; to pat\u0159ilo mn\u011b. To j\u00e1 t\u011b probudil ze sp\u00e1nku, jak zakletou princeznu&#8230; To mn\u011b pat\u0159ily v\u0161echny tv\u00e9 \u00fasm\u011bvy. To j\u00e1 byl ve v\u0161ech tv\u00fdch my\u0161lenk\u00e1ch a snech. To mn\u011b pat\u0159ila ta n\u011b\u017en\u00e1 sl\u016fvka \u0161eptan\u00e1 p\u0159i sv\u00edt\u00e1n\u00ed. Byl jsi se mou cel\u00e1 ta dlouh\u00e1 l\u00e9ta, tak jak jsme si kdysi sl\u00edbili&#8230; Jen my dva&#8230; a na\u0161e l\u00e1ska.<\/div>\n<div>Prohl\u00ed\u017e\u00edm si sv\u00e9 ruce sv\u00edraj\u00edc\u00ed ot\u0159epan\u00e9 album.<\/div>\n<div>Mo\u017en\u00e1 jsem rad\u0161i, \u017ee nem\u016f\u017ee\u0161 vid\u011bt, jak moc se zm\u011bnily od doby, kdy se naposledy dotkly tv\u00e9ho t\u011bla. Ty v\u00ed\u0161, jak jsem byl v\u017edycky marniv\u00fd a posedl\u00fd touhou po dokonalosti, kr\u00e1se a v\u011b\u010dn\u00e9m ml\u00e1d\u00ed. Zoufale, zoufale jsem se b\u00e1l st\u00e1rnut\u00ed. A te\u010f je tady. Dolehlo na m\u011b celou svou t\u011b\u017ekost\u00ed a bez\u00fat\u011b\u0161nost\u00ed&#8230; a samotou.<\/div>\n<div>Dychtiv\u011b zav\u00edr\u00e1m o\u010di. Tvoje usm\u011bvav\u00e1 tv\u00e1\u0159 z fotek spadl\u00fdch v m\u00e9m kl\u00edn\u011b je pro m\u011b vysvobozen\u00edm.<\/div>\n<div>Nedo\u010dkav\u011b po tob\u011b vztahuju ruce.<\/div>\n<div>A pak&#8230;<\/div>\n<div>Nem\u016f\u017eu tomu uv\u011b\u0159it.<\/div>\n<div>Cel\u00e9 moje t\u011blo, moje ruce&#8230; zase jsem to j\u00e1&#8230; tak jak si m\u011b pamatuje\u0161. Nepatrn\u011b pooto\u010d\u00edm hlavu a vid\u00edm t\u011b le\u017eet vedle sebe. Sp\u00ed\u0161&#8230; sladce, nevinn\u011b.<\/div>\n<div>\u00dapln\u011b se dus\u00edm city, kter\u00e9 mi zaplav\u00ed krk, kdy\u017e t\u011b pozoruju ve sp\u00e1nku. Tv\u016fj jemn\u011b op\u00e1len\u00fd hrudn\u00edk se m\u011blce zdv\u00edh\u00e1. Mal\u00e1 jizvi\u010dka ve rtu u\u017e t\u00e9m\u011b\u0159 nen\u00ed vid\u011bt. Dlouhat\u00e1nsk\u00e9 spleten\u00e9 prameny vlas\u016f, kter\u00e9 jsi tolik let nosil, nahradily hladk\u00e9, m\u00edrn\u011b zvln\u011bn\u00e9 vlasy. V\u00e1hav\u011b, abych nenaru\u0161il tu neskute\u010dnou harmonii, se jich dotknu kone\u010dky prst\u016f.<\/div>\n<div>Dus\u00edm se. Tolik emoc\u00ed najednou nejde vst\u0159ebat.<\/div>\n<div>C\u00edt\u00edm, \u017ee m\u016fj krk je sta\u017een\u00fd. Chyb\u00ed mi vzduch.<\/div>\n<div>Zachra\u0148 m\u011b!<\/div>\n<div>Otv\u00edr\u00e1\u0161 o\u010di a usm\u011bje\u0161 se tak kr\u00e1sn\u011b, jak to um\u00ed\u0161 jen ty.<\/div>\n<div>Tisknu se k tob\u011b cel\u00fdm sv\u00fdm t\u011blem.<\/div>\n<div>Odhrne\u0161 deku a vrac\u00ed\u0161 mi objet\u00ed.<\/div>\n<div>Stihl jsem ti v\u016fbec n\u011bkdy \u0159\u00edct, \u017ee oble\u010den\u00ed tv\u00e9 t\u011blo jen hyzd\u00ed?<\/div>\n<div>V\u011bdoucn\u011b se usm\u00edv\u00e1\u0161, jako bys um\u011bl \u010d\u00edst m\u00e9 my\u0161lenky.<\/div>\n<div>Rozechv\u011ble si znovu prohl\u00ed\u017e\u00edm ka\u017ed\u00fd centimetr tv\u00e9 odhalen\u00e9 k\u016f\u017ee. Bez ostychu m\u011b pozoruje\u0161, o\u010dima kop\u00edruje\u0161 pohyb m\u00fdch o\u010d\u00ed.<\/div>\n<div>Ani netu\u0161\u00ed\u0161, jak stra\u0161n\u011b jsem si p\u0159\u00e1l, znovu se t\u011b moci dotknout.<\/div>\n<div>\u010cas t\u011b nezm\u011bnil. Jsi po\u0159\u00e1d takov\u00fd, jak\u00e9ho si t\u011b pamatuju.<\/div>\n<div>Zachra\u0148 m\u011b!<\/div>\n<div>Nechci se vr\u00e1tit zp\u00e1tky. Chci z\u016fstat s tebou&#8230; takhle&#8230; nav\u011bky&#8230;<\/div>\n<div>Pono\u0159\u00edm se do tv\u00fdch o\u010d\u00ed.<\/div>\n<div>P\u0159ik\u00fdvne\u0161 a chladn\u00fdmi rty se dotkne\u0161 t\u011bch m\u00fdch.<\/div>\n<div>Nedo\u010dkav\u011b se k tob\u011b tisknu. Co se div\u00ed\u0161? Po\u0159\u00e1d jsem stejn\u00fd, dychtiv\u00fd, netrp\u011bliv\u00fd&#8230; prost\u011b Bill.<\/div>\n<div>I kdy\u017e ml\u010d\u00ed\u0161, v\u00edm, co mi chce\u0161 \u0159\u00edct. Sly\u0161\u00edm tv\u016fj hlas ve sv\u00e9 hlav\u011b.<\/div>\n<div>J\u00e1 v\u00edm, zase se mus\u00edme rozlou\u010dit. Ale j\u00e1 nechci, chci b\u00fdt s tebou. U\u017e napo\u0159\u00e1d. Nenech\u00e1vej m\u011b tady.<\/div>\n<div>Zachra\u0148 m\u011b!<\/div>\n<div>Sl\u00edb\u00e1v\u00e1m \u00fasm\u011bv ze tv\u00e9 tv\u00e1\u0159e a sna\u017e\u00edm se t\u011b zadr\u017eet, i kdy\u017e v\u00edm, \u017ee to je marn\u00e9. Rozpl\u00fdv\u00e1\u0161 se mi mezi prsty a j\u00e1 hm\u00e1tnu jen do pr\u00e1zdna.<\/div>\n<div>M\u00e9 ruce jsou zas zp\u00e1tky. Ty nen\u00e1vid\u011bn\u00e9 o\u0161kliv\u00e9, sta\u0159ecky \u017eilnat\u00e9 ruce, pln\u00e9 nahn\u011bdl\u00fdch skvrn&#8230;<\/div>\n<div>\u0160krt\u00e1m dal\u0161\u00ed den v kalend\u00e1\u0159i.<\/div>\n<div>Nedo\u010dkav\u011b se t\u011b\u0161\u00edm, a\u017e se p\u0159ibl\u00ed\u017e\u00ed ve\u010der. Ty chv\u00edle, kdy m\u016f\u017eu b\u00fdt s tebou, jsou pro m\u011b jedin\u00fdm sv\u011btl\u00fdm bodem v jinak \u0161ediv\u00e9m pr\u00e1zdnu&#8230; Pom\u00e1h\u00e1\u0161 mi zbavit se opot\u0159ebovan\u00e9ho t\u011bla a b\u00fdt znovu t\u00edm mlad\u00fdm mu\u017eem, kter\u00e9ho si pamatuje\u0161.<\/div>\n<div>V\u00edm, \u017ee na m\u011b n\u011bkde \u010dek\u00e1\u0161.<\/div>\n<div>V\u00edm to&#8230; ale je\u0161t\u011b nenastal \u010das.<\/div>\n<div>Jednou se to stane. Znovu se setk\u00e1me. Zachr\u00e1n\u00ed\u0161 m\u011b&#8230; pro sebe!<\/p>\n<p>autor: <strong>Michelle M.<\/strong><\/div>\n","protected":false},"excerpt":{"rendered":"<p>Tak m\u011b zase jednou napadla jednod\u00edln\u00e1 pov\u00eddka. Jestli si chcete poslechnout hudbu, p\u0159i kter\u00e9 vznikala, tady je. Pov\u00eddku bych cht\u011bla v\u011bnovat Ly\u0159e za jej\u00ed b\u00e1je\u010dn\u00fd recept na elix\u00edr v\u011b\u010dn\u00e9ho ml\u00e1d\u00ed&#8230; :-* M. V\u0161echno se zm\u011bnilo a nejv\u00edc j\u00e1 s\u00e1m&#8230; Uplynuly roky od<\/p>\n<p class=\"link-more\"><a class=\"myButt \" href=\"https:\/\/twincestblog.cz\/domains\/twincestblog.cz\/2008\/02\/28\/zachran-me-13\/\">Read More<\/a><\/p>\n","protected":false},"author":1,"featured_media":0,"comment_status":"open","ping_status":"open","sticky":false,"template":"","format":"standard","meta":{"_exactmetrics_skip_tracking":false,"_exactmetrics_sitenote_active":false,"_exactmetrics_sitenote_note":"","_exactmetrics_sitenote_category":0,"footnotes":""},"categories":[45],"tags":[],"class_list":["post-20770","post","type-post","status-publish","format-standard","hentry","category-ff-jednodilky"],"_links":{"self":[{"href":"https:\/\/twincestblog.cz\/domains\/twincestblog.cz\/wp-json\/wp\/v2\/posts\/20770","targetHints":{"allow":["GET"]}}],"collection":[{"href":"https:\/\/twincestblog.cz\/domains\/twincestblog.cz\/wp-json\/wp\/v2\/posts"}],"about":[{"href":"https:\/\/twincestblog.cz\/domains\/twincestblog.cz\/wp-json\/wp\/v2\/types\/post"}],"author":[{"embeddable":true,"href":"https:\/\/twincestblog.cz\/domains\/twincestblog.cz\/wp-json\/wp\/v2\/users\/1"}],"replies":[{"embeddable":true,"href":"https:\/\/twincestblog.cz\/domains\/twincestblog.cz\/wp-json\/wp\/v2\/comments?post=20770"}],"version-history":[{"count":0,"href":"https:\/\/twincestblog.cz\/domains\/twincestblog.cz\/wp-json\/wp\/v2\/posts\/20770\/revisions"}],"wp:attachment":[{"href":"https:\/\/twincestblog.cz\/domains\/twincestblog.cz\/wp-json\/wp\/v2\/media?parent=20770"}],"wp:term":[{"taxonomy":"category","embeddable":true,"href":"https:\/\/twincestblog.cz\/domains\/twincestblog.cz\/wp-json\/wp\/v2\/categories?post=20770"},{"taxonomy":"post_tag","embeddable":true,"href":"https:\/\/twincestblog.cz\/domains\/twincestblog.cz\/wp-json\/wp\/v2\/tags?post=20770"}],"curies":[{"name":"wp","href":"https:\/\/api.w.org\/{rel}","templated":true}]}}