{"id":2787,"date":"2015-07-25T14:00:00","date_gmt":"2015-07-25T13:00:00","guid":{"rendered":"http:\/\/twincestblog.cz\/?p=2777"},"modified":"2015-07-25T14:00:00","modified_gmt":"2015-07-25T13:00:00","slug":"nechci-si-vic-prat-jenom-me-mej-rad-21","status":"publish","type":"post","link":"https:\/\/twincestblog.cz\/domains\/twincestblog.cz\/2015\/07\/25\/nechci-si-vic-prat-jenom-me-mej-rad-21\/","title":{"rendered":"Nechci si v\u00edc p\u0159\u00e1t&#8230;jenom m\u011b m\u011bj r\u00e1d! 21."},"content":{"rendered":"<div><strong>autor: Ann<\/strong><\/div>\n<div><\/div>\n<div style=\"text-align:center\"><img loading=\"lazy\" decoding=\"async\" width=\"600\" height=\"257\" src=\"http:\/\/twincestblog.cz\/wp-content\/uploads\/f88f7330fd_100918169_o2.jpg\" alt=\"\" \/><\/p>\n<\/div>\n<div><\/div>\n<div style=\"text-align:justify\">Kdo se moc pt\u00e1, moc se dozv\u00ed\u2026<\/p>\n<p><em>Rann\u00ed probuzen\u00ed vedle milovan\u00e9 osoby je n\u011bco, co si mus\u00ed \u010dlov\u011bk pat\u0159i\u010dn\u011b u\u017e\u00edt. Ten pocit, kdy\u017e pod vlivem slune\u010dn\u00edch paprsk\u016f, je\u017e dopadaj\u00ed na va\u0161i tv\u00e1\u0159, otev\u0159ete snov\u011b zaml\u017een\u00e9 o\u010di a prvn\u00ed, co spat\u0159\u00edte, je ten, pro n\u011bho\u017e byste byli schopni ob\u011btovat i vlastn\u00ed \u017eivot\u2026 ta emoce nem\u00e1 obdoby. V ten moment se c\u00edt\u00edte tak n\u00e1dhern\u011b, \u017ee to slovy ani nejde popsat. Va\u0161e srdce zrychlen\u011b bije a dech m\u00e1te m\u011blk\u00fd. Va\u0161e t\u011blo \u0161\u00edl\u00ed\u2026 ale du\u0161e a mysl je klidn\u00e1, pokojn\u00e1 a m\u00edrumilovn\u00e1 jako nez\u010de\u0159en\u00e1 hladina jezera. Jste tak \u0161\u0165astn\u00ed a cel\u00fd sv\u011bt vid\u00edte skrz r\u016f\u017eov\u00e9 br\u00fdle euforick\u00e9ho opojen\u00ed\u2026 Ka\u017ed\u00e9mu bych p\u0159\u00e1l, aby m\u011bl mo\u017enost za\u017e\u00edt to, co j\u00e1. I kdy\u017e rozhodn\u011b ne s osobou, kter\u00e1 je jenom moje! \u0158eknu v\u00e1m to na rovinu\u2026 za to bych v\u00e1s asi zabil\u2026<br \/><\/em><\/p>\n<p>&#8222;Dobr\u00e9 r\u00e1no\u2026&#8220; za\u0161eptal ti\u0161e, kdy\u017e po dlouh\u00e9 dob\u011b, b\u011bhem kter\u00e9 jsem ho se zatajen\u00fdm dechem sledoval, otev\u0159el o\u010di.<br \/>&#8222;Dobr\u00e9\u2026&#8220; hlesl jsem a na\u0161e pohledy se do sebe zaklesly. Nev\u011bd\u011bl jsem, co v\u00edc bych m\u011bl \u0159\u00edct a ani jsem nemusel. Slova byla zbyte\u010dn\u00e1. A n\u00e1m to bylo jasn\u00e9.<br \/>Po chv\u00edli uhnul pohledem na stranu a do tv\u00e1\u0159e se mu vehnala \u010derve\u0148. V ten moment mi bylo jasn\u00e9, \u017ee se mu do mysli prodraly vzpom\u00ednky z noci a s\u00e1m jsem tak\u00e9 lehce znejist\u011bl. Ne, \u017ee bych toho litoval, to m\u011b rozhodn\u011b ani nenapadlo, ale bylo to p\u0159ece jenom docela znerv\u00f3z\u0148uj\u00edc\u00ed. Dote\u010f jsem m\u011bl v mysli jasn\u011b vyryt\u00e9 ty hork\u00e9 doteky, \u017ehav\u00e9 polibky a v\u00e1\u0161nivou n\u011bhu top\u00edc\u00ed se v mo\u0159i l\u00e1sky\u2026<br \/>Nikdy bych nev\u011b\u0159il, \u017ee je mo\u017en\u00e9 n\u011bkoho milovat tak moc, jako jsem j\u00e1 miloval Billa. Budu zn\u00edt sice namy\u0161len\u011b, ale v\u011bd\u011bl jsem, \u017ee stejn\u011b to m\u00e1 i on se mnou. Splynut\u00ed na\u0161ich t\u011bl i du\u0161\u00ed m\u011b o tom p\u0159esv\u011bd\u010dilo.<\/p>\n<\/div>\n<hr \/>\n<div style=\"text-align:justify\">&#8222;Vrr\u2026!&#8220; vyru\u0161il m\u011b ze zamy\u0161len\u00ed bzu\u010d\u00edc\u00ed mobil vedle postele. <br \/>&#8222;Sakra\u2026&#8220; zamumlal jsem a nahlas jsem si povzdechl. N\u011bjakou dobu jsem ho nechal vibrovat, ale Bill\u016fv vy\u010d\u00edtav\u00fd pohled m\u011b nakonec p\u0159inutil ho sebrat a i p\u0159es n\u00e1pis &#8218;mamka&#8216; hovor p\u0159ijmout.<br \/>&#8222;Kde se\u0161?!&#8220; rozk\u0159ikla se na m\u011b okam\u017eit\u011b. V jej\u00edm hlase zazn\u00edval vztek, ale i lehk\u00e1 panika.<br \/>&#8222;H\u00e1dej\u2026&#8220; zamumlal jsem su\u0161e a bez jak\u00e9koliv emoce. I kdy\u017e jsem v\u011bd\u011bl, \u017ee m\u011b nem\u016f\u017ee vid\u011bt, stejn\u011b jsem se mra\u010dil.<br \/>&#8222;Ihned se vra\u0165 dom\u016f! Nem\u016f\u017ee\u0161 s n\u00edm b\u00fdt! U\u017e to pochop!&#8220;<br \/>&#8222;To sp\u00ed\u0161 ty rad\u0161i pochop, \u017ee mi tvoje z\u00e1kazy jsou u prdele\u2026&#8220; s t\u00edm jsem hovor ukon\u010dil. Norm\u00e1ln\u011b bych si tohle nedovolil, ale to, \u017ee mi opakovan\u011b zakazovala b\u00fdt s osobou mn\u011b nejdra\u017e\u0161\u00ed, pro m\u011b byl dostate\u010dn\u00fd d\u016fvod na ni ka\u0161lat. Sice jsem z toho mohl m\u00edt v\u00e1\u017en\u00e9 probl\u00e9my a byl jsem si toho v\u011bdom\u00fd, ale taky jsem si uv\u011bdomoval, \u017ee ona mi vztah s Billem prost\u011b neschv\u00e1l\u00ed. A\u0165 u\u017e pro to m\u011bla jak\u00fdkoliv d\u016fvod\u2026<br \/>V\u0161iml jsem si Billova smutn\u00e9ho pohledu a obr\u00e1til jsem k n\u011bmu svou tv\u00e1\u0159. &#8222;Copak\u2026?&#8220; zeptal jsem se ti\u0161e.<br \/>Zavrt\u011bl ne\u0161\u0165astn\u011b hlavou a pro\u010d\u00edsl si prsty vlasy. &#8222;B\u011b\u017e dom\u016f\u2026&#8220; vyzval m\u011b \u0161eptem.<br \/>&#8222;Pro\u010d?&#8220;<br \/>&#8222;M\u00e1 o tebe strach. Mus\u00ed\u0161 se tam p\u0159ece uk\u00e1zat\u2026&#8220; p\u0159esv\u011bd\u010doval m\u011b.<br \/>&#8222;Nemus\u00edm nic, co nechci. A uk\u00e1zat se doma rozhodn\u011b nechci,&#8220; st\u00e1l jsem si umanut\u011b za sv\u00fdm. Dok\u00e1zal jsem b\u00fdt pali\u010dat\u00fd jako mal\u00e9 d\u011bcko, kdy\u017e jsem cht\u011bl.<br \/>Chytl m\u011b za ruku a propletl si se mnou prsty. &#8222;Pros\u00edm\u2026&#8220; zn\u011bl opravdu skl\u00ed\u010den\u011b. Zad\u00edval se mi hluboko do o\u010d\u00ed t\u00edm nejv\u00edc \u0161t\u011bn\u011b\u010d\u00edm pohledem, jak\u00fd jsem kdy vid\u011bl. &#8222;Kv\u016fli mn\u011b\u2026&#8220; \u0161eptl.<br \/>Na n\u011bkter\u00e9 v\u011bci prost\u011b nelze \u0159\u00edct ne\u2026<\/div>\n<div style=\"text-align:center\">\n<p>***<\/p><\/div>\n<div style=\"text-align:justify\">\n<p>Zabodl jsem pohled do vchodov\u00fdch dve\u0159\u00ed. Sice se mi sem v\u016fbec necht\u011blo a stokr\u00e1t rad\u011bji bych z\u016fstal je\u0161t\u011b zachumlan\u00fd pod dekou a p\u0159itulen\u00fd k Billovi, ale nemohl jsem zam\u00edtnout jeho \u017e\u00e1dost, kdy\u017e ji pronesl s tak smutn\u00fdm t\u00f3nem\u2026<br \/>Mechanicky jsem zvedl ruku a zazvonil jsem. T\u0159ikr\u00e1t za sebou. Mohl jsem sice rovnou vej\u00edt, ale takhle to m\u011blo v\u011bt\u0161\u00ed n\u00e1dech odta\u017eitosti.<br \/>Po\u010dkal jsem, dokud mi matka neotev\u0159ela a j\u00e1 ne\u010delil tv\u00e1\u0159\u00ed v tv\u00e1\u0159 jej\u00edmu vzteku.<br \/>&#8222;Co si o sob\u011b jako mysl\u00ed\u0161?!&#8220; pustila se do m\u011b u\u017e ve dve\u0159\u00edch.<br \/>S ledov\u00fdm v\u00fdrazem jsem se kolem n\u00ed prot\u00e1hl do domu a op\u0159el se o st\u011bnu. &#8222;\u017de jsem synem psychopatky\u2026&#8220; zad\u00edval jsem se j\u00ed pevn\u011b do tv\u00e1\u0159e a \u010delist se mi napjala. Nem\u011bl jsem v pl\u00e1nu b\u00fdt mil\u00fd.<br \/>&#8222;Koukej se laskav\u011b uklidnit!&#8220; prudce pr\u00e1skla dve\u0159mi.<br \/>&#8222;Pro\u010d? J\u00e1 jsem z n\u00e1s dvou ten naprosto klidn\u00fd\u2026&#8220; pokr\u010dil jsem rameny a za\u010dal si pohr\u00e1vat s jedn\u00edm ze sv\u00fdch dred\u016f.<br \/>&#8222;P\u0159esta\u0148 se mnou jednat jako s n\u011bjakou kamar\u00e1dkou, j\u00e1 jsem tvoje matka!&#8220; zu\u0159ila.<br \/>&#8222;J\u00e1 v\u00edm. Ke kamar\u00e1dce bych byl mil\u00fd\u2026&#8220; ubezpe\u010dil jsem j\u00ed. &#8222;Ale k n\u011bkomu, kdo se mi sna\u017e\u00ed zni\u010dit vztah, nedok\u00e1\u017eu b\u00fdt vst\u0159\u00edcn\u00fd, i kdy\u017e je z moj\u00ed rodiny\u2026&#8220;<\/p>\n<p>&#8222;Ty nic nech\u00e1pe\u0161, hlup\u00e1ku! To, do \u010deho jsi tak po hlav\u011b sko\u010dil, je naprost\u00e1 \u0161\u00edlenost!&#8220; v obli\u010deji byla cel\u00e1 rud\u00e1.<br \/>&#8222;A pro\u010d by to byla \u0161\u00edlenost?!&#8220; vylet\u011bl jsem. M\u016fj klid byl ve vte\u0159in\u011b pry\u010d. &#8222;Je snad \u0161\u00edlen\u00e9 se zamilovat?! Mluv\u00ed\u0161 o tom, jako by to bylo n\u011bco nelidsk\u00e9ho! Ani zatvrzel\u00fd homofob by se nezachoval jako ty! Jsi moje vlastn\u00ed rodina, jak tu st\u00e1le opakuje\u0161, ale nedok\u00e1\u017ee\u0161 mi dop\u0159\u00e1t \u0161t\u011bst\u00ed! Mnohokr\u00e1t jsi mi p\u0159edhazovala, \u017ee nikoho nem\u00e1m a \u0159\u00edkala jsi, abych si kone\u010dn\u011b n\u011bkoho na\u0161el! A te\u010f, kdy\u017e se to stalo, mi Billa chce\u0161 vz\u00edt?! Mo\u017en\u00e1 poch\u00e1z\u00ed ze \u0161patn\u00e9ho prost\u0159ed\u00ed a je zvykl\u00fd na n\u011bco jin\u00e9ho, ale to nic nem\u011bn\u00ed na tom, \u017ee je \u00fa\u017easn\u00fd! Je zlat\u00fd a j\u00e1 ho miluji! Tak co ti je?!&#8220;<br \/>Jej\u00ed vztek vypr\u00fd\u0161til na povrch v podob\u011b slz, co se j\u00ed za\u010daly koulet po tv\u00e1\u0159\u00edch a skap\u00e1valy na zem u jej\u00edch novou. &#8222;Ty tomu v\u016fbec nerozum\u00ed\u0161!&#8220; vyk\u0159ikla jako u\u017e mnohokr\u00e1t.<br \/>&#8222;A \u010demu bych m\u011bl rozum\u011bt?!&#8220; za\u0159val jsem, ale to jsem nem\u011bl v\u016fbec d\u011blat. Ud\u011blala krok sm\u011brem ke mn\u011b, popadla m\u011b za l\u00edmec a vmetla mi p\u0159\u00edmo do tv\u00e1\u0159e v\u011bc, kterou bych rad\u011bji v\u016fbec nesly\u0161el:<\/div>\n<div style=\"text-align:justify\">&#8222;Je to tv\u016fj bratr, ty idiote!&#8220;<\/p>\n<p><strong>autor: Ann<\/strong><\/div>\n<div style=\"text-align:justify\"><strong>betaread: J. :o)<\/strong><\/div>\n","protected":false},"excerpt":{"rendered":"<p>autor: Ann Kdo se moc pt\u00e1, moc se dozv\u00ed\u2026 Rann\u00ed probuzen\u00ed vedle milovan\u00e9 osoby je n\u011bco, co si mus\u00ed \u010dlov\u011bk pat\u0159i\u010dn\u011b u\u017e\u00edt. Ten pocit, kdy\u017e pod vlivem slune\u010dn\u00edch paprsk\u016f, je\u017e dopadaj\u00ed na va\u0161i tv\u00e1\u0159, otev\u0159ete snov\u011b zaml\u017een\u00e9 o\u010di a prvn\u00ed, co spat\u0159\u00edte,<\/p>\n<p class=\"link-more\"><a class=\"myButt \" href=\"https:\/\/twincestblog.cz\/domains\/twincestblog.cz\/2015\/07\/25\/nechci-si-vic-prat-jenom-me-mej-rad-21\/\">Read More<\/a><\/p>\n","protected":false},"author":1,"featured_media":0,"comment_status":"open","ping_status":"open","sticky":false,"template":"","format":"standard","meta":{"_exactmetrics_skip_tracking":false,"_exactmetrics_sitenote_active":false,"_exactmetrics_sitenote_note":"","_exactmetrics_sitenote_category":0,"footnotes":""},"categories":[618],"tags":[],"class_list":["post-2787","post","type-post","status-publish","format-standard","hentry","category-nechci-si-vic-prat-jenom-me-mej-rad"],"_links":{"self":[{"href":"https:\/\/twincestblog.cz\/domains\/twincestblog.cz\/wp-json\/wp\/v2\/posts\/2787","targetHints":{"allow":["GET"]}}],"collection":[{"href":"https:\/\/twincestblog.cz\/domains\/twincestblog.cz\/wp-json\/wp\/v2\/posts"}],"about":[{"href":"https:\/\/twincestblog.cz\/domains\/twincestblog.cz\/wp-json\/wp\/v2\/types\/post"}],"author":[{"embeddable":true,"href":"https:\/\/twincestblog.cz\/domains\/twincestblog.cz\/wp-json\/wp\/v2\/users\/1"}],"replies":[{"embeddable":true,"href":"https:\/\/twincestblog.cz\/domains\/twincestblog.cz\/wp-json\/wp\/v2\/comments?post=2787"}],"version-history":[{"count":0,"href":"https:\/\/twincestblog.cz\/domains\/twincestblog.cz\/wp-json\/wp\/v2\/posts\/2787\/revisions"}],"wp:attachment":[{"href":"https:\/\/twincestblog.cz\/domains\/twincestblog.cz\/wp-json\/wp\/v2\/media?parent=2787"}],"wp:term":[{"taxonomy":"category","embeddable":true,"href":"https:\/\/twincestblog.cz\/domains\/twincestblog.cz\/wp-json\/wp\/v2\/categories?post=2787"},{"taxonomy":"post_tag","embeddable":true,"href":"https:\/\/twincestblog.cz\/domains\/twincestblog.cz\/wp-json\/wp\/v2\/tags?post=2787"}],"curies":[{"name":"wp","href":"https:\/\/api.w.org\/{rel}","templated":true}]}}