{"id":2843,"date":"2015-07-08T16:00:00","date_gmt":"2015-07-08T15:00:00","guid":{"rendered":"http:\/\/twincestblog.cz\/?p=2833"},"modified":"2015-07-08T16:00:00","modified_gmt":"2015-07-08T15:00:00","slug":"nechci-si-vic-prat-jenom-me-mej-rad-18","status":"publish","type":"post","link":"https:\/\/twincestblog.cz\/domains\/twincestblog.cz\/2015\/07\/08\/nechci-si-vic-prat-jenom-me-mej-rad-18\/","title":{"rendered":"Nechci si v\u00edc p\u0159\u00e1t&#8230;jenom m\u011b m\u011bj r\u00e1d! 18."},"content":{"rendered":"<div><strong>autor: Ann<\/strong><\/div>\n<div><em> <\/em><\/div>\n<div><\/div>\n<div><em> <\/em><\/div>\n<div style=\"text-align:center\"><img loading=\"lazy\" decoding=\"async\" width=\"600\" height=\"257\" src=\"http:\/\/twincestblog.cz\/wp-content\/uploads\/f88f7330fd_100918169_o2.jpg\" alt=\"\" \/><\/p>\n<\/div>\n<div style=\"text-align:center\"><\/div>\n<div style=\"text-align:justify\">J\u00e1 nem\u00e1m holku, j\u00e1 m\u00e1m kluka!<\/p>\n<p><em>M\u00e1m strach. M\u00e1m opravdu velk\u00fd strach. Nev\u00edm, co se to kolem m\u011b d\u011bje. V\u0161echno je tak pom\u00edchan\u00e9 a zmaten\u00e9\u2026 Za\u010d\u00edn\u00e1m se v tom ztr\u00e1cet. \u010cemu m\u00e1m v\u011b\u0159it? Co m\u00e1m br\u00e1t jako pravdu a co jen jako hloupost? Ten sen\u2026 ta p\u00edse\u0148\u2026 mam\u010dino chov\u00e1n\u00ed\u2026 souvis\u00ed to spolu n\u011bjak? M\u00e1m v tom hledat n\u011bjakou spojitost? Nebo je to v\u0161echno jen slet n\u00e1hod, co se mi \u0161patn\u011b jev\u00ed a co si \u0161patn\u011b vykl\u00e1d\u00e1m? J\u00e1 nev\u00edm\u2026 nev\u00edm, a to m\u011b d\u011bs\u00ed. Jsem z toho rozru\u0161en\u00fd, zmaten\u00fd a netu\u0161\u00edm, co si myslet. Co\u2026? Co?! P\u0159ipad\u00e1m si u\u017e jako bl\u00e1zen. Jako psychopat\u2026 Pora\u010fte mi, co m\u00e1m d\u011blat! Pros\u00edm! Pomozte\u2026 pomozte mi\u2026 J\u00e1\u2026 j\u00e1 m\u00e1m strach!<\/p>\n<p><\/em> &#8222;Tome! Tome! Tome!&#8220;<br \/>Trhl jsem sebou a zvedl pohled k profesoru Kaiserovi, kter\u00fd st\u00e1l vedle m\u011b a nezd\u00e1l se b\u00fdt zrovna nad\u0161en\u00fd t\u00edm, \u017ee jsem byl mimo. Byl to skoro pades\u00e1tilet\u00fd, vysok\u00fd mu\u017e s pro\u0161ediv\u011bl\u00fdmi vlasy p\u016fvodn\u011b o\u0159\u00ed\u0161kov\u00e9 barvy. Jeho o\u010di byly sv\u011btle modr\u00e9 a pichlav\u00e9, z jejich pohledu mrazilo. Obl\u00e9kal se dost starom\u00f3dn\u011b. Te\u010f m\u011bl na sob\u011b tv\u00eddov\u00e9 sako a upnut\u00e9 \u010dern\u00e9 kalhoty. U\u010dil n\u00e1s matiku a\u2026 j\u00e1 ho zrovna moc nemusel, stejn\u011b jako on m\u011b. Nepadli jsme si do noty, jak se \u0159\u00edk\u00e1.<br \/>&#8222;Omlouv\u00e1m se,&#8220; promnul jsem si o\u010di. Po tom d\u011bsiv\u011b re\u00e1ln\u00e9m snu v noci jsem toho u\u017e moc nenaspal, a tak jsem nap\u016fl spal i ve \u0161kole.<br \/>&#8222;Kdybys v noci nechatoval na tom va\u0161em facebooku a j\u00e1 nev\u00edm na \u010dem v\u0161em, tak bys byl v po\u0159\u00e1dku!&#8220; zv\u00fd\u0161il v\u00fdrazn\u011b hlas.<br \/>&#8222;Jist\u011b\u2026 pardon\u2026&#8220; ani jsem se mu nesna\u017eil vysv\u011btlit, \u017ee jsem s nik\u00fdm nechatoval, nem\u011blo to smysl. Od t\u00e9 doby, co se jeho syn stal z\u00e1visl\u00fdm na facebooku, z\u00edskal utkv\u011blou p\u0159edstavu, \u017ee v\u0161ichni mlad\u00ed na podobn\u00fdch v\u011bcech uj\u00ed\u017ed\u011bj\u00ed a na\u0161e nevysp\u00e1n\u00ed kladl za vinu chatov\u00e1n\u00ed nebo sj\u00ed\u017ed\u011bn\u00ed r\u016fzn\u00fdch soci\u00e1ln\u00edch s\u00edt\u00ed. Hodn\u011b student\u016f se mu u\u017e sna\u017eilo v\u0161t\u00edpit, \u017ee to tak nen\u00ed, ale marn\u011b. Byl moc tvrdohlav\u00fd a umanut\u00fd a nedok\u00e1zal to p\u0159ijmout. Proto jsme to v\u0161ichni vzdali.<br \/>&#8222;Koukej d\u00e1vat pozor, jinak si bude\u0161 muset promluvit s \u0159editelem!&#8220; pohrozil mi.<br \/>&#8222;Dob\u0159e\u2026&#8220; v duchu jsem proto\u010dil o\u010di. V\u017edycky, kdy\u017e nev\u011bd\u011bl, \u010d\u00edm n\u011bkoho zastra\u0161it, tak vyt\u00e1hl \u0159editele. Pche\u2026 stejn\u011b ka\u017ed\u00fd v\u011bd\u011bl, \u017ee spolu ti dva chr\u00e1pou\u2026 bylo to naprosto o\u010dividn\u00e9\u2026<\/p>\n<\/div>\n<hr \/>\n<div style=\"text-align:justify\">N\u011bkolik vte\u0159in na m\u011b je\u0161t\u011b podr\u00e1\u017ed\u011bn\u011b hled\u011bl, kdy\u017e mu ale do\u0161lo, \u017ee u\u017e nen\u00ed nic dal\u0161\u00edho, co by mi mohl vytknout, oto\u010dil se na pat\u011b a vr\u00e1til se zp\u011bt k tabuli.<br \/>Narovnal jsem se na \u017eidli a z\u00edvl. Nejrad\u011bji bych se vr\u00e1til zp\u00e1tky do postele a u\u017e z n\u00ed nevylezl. Vykopat se r\u00e1no z domu pro m\u011b bylo pomalu t\u011b\u017e\u0161\u00ed, ne\u017e ub\u011bhnout maraton.<br \/>Rozhl\u00e9dl jsem se kolem sebe. Dneska n\u00e1s bylo ve t\u0159\u00edd\u011b jenom sedmn\u00e1ct, co\u017e byla p\u0159esn\u011b polovina norm\u00e1ln\u00edho po\u010dtu. V\u011bt\u0161ina \u017e\u00e1k\u016f marodila doma s ch\u0159ipkou. U\u017e se spekulovalo i o tom, \u017ee n\u00e1m d\u00e1 veden\u00ed \u0161koly ch\u0159ipkov\u00e9 pr\u00e1zdniny, \u010demu\u017e bych se j\u00e1 rozhodn\u011b nebr\u00e1nil.<br \/>Zabodl jsem se pohledem do tabule, na kterou Kaiser psal v doprovodu monot\u00f3nn\u00edho koment\u00e1\u0159e \u010d\u00edslice a p\u00edsmena. Moc jsem nev\u011bnoval pozornost tomu, co se prob\u00edr\u00e1, my\u0161lenky se mi rozut\u00edkaly jako sklen\u011bnky roztrou\u0161en\u00e9 po podlaze.<\/p>\n<p>Za tabul\u00ed a kolem n\u00ed se t\u00e1hla na zeleno nat\u0159en\u00e1 st\u011bna a\u017e ke stropu, kter\u00fd byl pouze b\u00edle om\u00edtnut\u00fd a na n\u011bm\u017e byly z\u00e1\u0159ivky, co otravn\u011b hu\u010dely jako ty nemocni\u010dn\u00ed. Nalevo od tabule bylo umyvadlo a pod n\u00edm se nach\u00e1zely t\u0159i ko\u0161e: jeden norm\u00e1ln\u00ed, jeden na pap\u00edr a jeden na plast. Na\u0161e \u0161kola byla u\u017e p\u011bt let zapojena do programu ochrany p\u0159\u00edrody. Napravo od tabule se pak nach\u00e1zela magnetick\u00e1 n\u00e1st\u011bnka s let\u00e1ky t\u00fdkaj\u00edc\u00edmi se nov\u00fdch ud\u00e1lost\u00ed, po\u0159\u00e1dan\u00fdch v\u00fdlet\u016f nebo v\u00fdb\u011br\u016f pen\u011bz na dobro\u010dinn\u00e9 \u00fa\u010dely \u010di na po\u0159\u00e1dan\u00e9 akce. P\u0159ed n\u00e1st\u011bnkou bl\u00ed\u017ee k n\u00e1m st\u00e1la postar\u0161\u00ed d\u0159ev\u011bn\u00e1 katedra, kter\u00e1 u\u017e pamatovala mnoho generac\u00ed studen\u016f a jej\u00ed stav tomu rozhodn\u011b odpov\u00eddal. Byla po\u010dm\u00e1ran\u00e1 a popsan\u00e1. Marn\u00e1 byla snaha u\u010ditel\u016f o odhalen\u00ed t\u011bch, kdo kreslili a psali spros\u0165\u00e1rny na jej\u00ed p\u0159edek nebo bok. P\u0159ed katedrou u\u017e byly jenom lavice. Bylo jich tu celkem sedmn\u00e1ct, v ka\u017ed\u00e9 b\u011b\u017en\u011b sed\u011bli dva studenti. J\u00e1 norm\u00e1ln\u011b sed\u00e1val s Paulem, celkem pohodov\u00fdm klukem, se kter\u00fdm jsem si rozum\u011bl, ale ten byl tak\u00e9 nemocn\u00fd, a tak jsem byl s\u00e1m. Po m\u00e9 lev\u00e9 ruce bylo p\u011bt velk\u00fdch oken se z\u00e1v\u011bsy br\u010d\u00e1lov\u00e9 barvy a po prav\u00e9 pak dve\u0159e ven na chodbu a s\u00ed\u0165ka, na kterou se v\u011b\u0161ely let\u00e1\u010dky, co se u\u017e neve\u0161ly na p\u0159edn\u00ed n\u00e1st\u011bnku. Za na\u0161imi z\u00e1dy pak byly v\u011b\u0161\u00e1ky s pytli na t\u011blocvik, s laboratorn\u00edmi pl\u00e1\u0161ti a oble\u010den\u00edm, nad kter\u00fdmi byly velk\u00e9, hn\u011bd\u00e9 hodiny.<\/p>\n<p>Uc\u00edtil jsem lehk\u00e9 ot\u0159en\u00ed o rameno a pooto\u010dil se. N\u011bkdo po mn\u011b hodil mal\u00fd, zmuchlan\u00fd pap\u00edrek, jen\u017e te\u010f dopadl na zem. Pod\u00edval jsem se opatrn\u011b na profesora, a kdy\u017e se ned\u00edval do t\u0159\u00eddy, sklonil jsem se a pap\u00edrek sebral. Rozlo\u017eil jsem ho a p\u0159e\u010detl si, co na n\u011bm bylo naps\u00e1no:<br \/><em>&#8218;Ahoj Tome, Sam mi \u0159ekla, \u017ee pr\u00fd n\u011bkoho m\u00e1\u0161, ale u\u017e mi odm\u00edt\u00e1 prozradit v\u00edc. Jsem zv\u011bdav\u00e1, dlouho sis nikoho nena\u0161el. \u0158ekne\u0161 mi pros\u00edm, kdo t\u011b ulovil? P\u0159edem d\u00edky. Maria.&#8216;<br \/><\/em> Musel jsem se ti\u0161e zasm\u00e1t. Maria byla vesel\u00e1, slu\u0161n\u00e1 d\u00edvka. V\u017edycky se mi zd\u00e1lo, \u017ee ke mn\u011b c\u00edt\u00ed n\u011bco v\u00edc. Kdy\u017e jsme spolu jednou d\u011blali laborky, neust\u00e1le na m\u011b visela o\u010dima a podivn\u011b se usm\u00edvala. A taky se zakokt\u00e1vala a klepaly se j\u00ed ruce.<br \/>Nakonec jsem odepsal: <em>&#8218;Tu osobu stejn\u011b nebude\u0161 zn\u00e1t. Nechod\u00ed sem na \u0161kolu.&#8216;<\/em><br \/>Pap\u00edrek jsem zase zmuchlal a nen\u00e1padn\u011b hodil zp\u00e1tky Marii. Sed\u011bla na prot\u011bj\u0161\u00ed stran\u011b t\u0159\u00eddy, ale na\u0161t\u011bst\u00ed jsem se trefil bl\u00edzko n\u00ed. \u0160lo o hodn\u011b hubenou zrzku s pihami a kakaov\u00fdma o\u010dima. V\u017edy nosila sukn\u011b dlouh\u00e9 a\u017e na zem a bl\u016fzky. V norm\u00e1ln\u00edch d\u017e\u00ednech a tri\u010dku jsem ji snad je\u0161t\u011b nevid\u011bl. Kdy\u017e se sklonila, aby sebrala pap\u00edrek, zahl\u00e9dl jsem Sam, kter\u00e1 sed\u011bla za n\u00ed u okna a potuteln\u011b se na m\u011b usm\u00edvala. P\u0159i pohledu na ni jsem si povzdechl. <em>Co se j\u00ed zase hon\u00ed hlavou?<\/em> Zeptal jsem se s\u00e1m sebe sklesle.<\/p>\n<p>Pokusil jsem se zam\u011b\u0159it pozornost na v\u00fdklad k nov\u00e9 l\u00e1tce, ale vyru\u0161il m\u011b pap\u00edrek, jen\u017e tentokr\u00e1t p\u0159ist\u00e1l na m\u00e9 lavici. St\u00e1lo na n\u011bm: <em>&#8218;\u0158ekni mi aspo\u0148 jej\u00ed jm\u00e9no, moc pros\u00edm.&#8216;<br \/><\/em> Zamyslel jsem se. <em>M\u00e1m j\u00ed napsat, \u017ee chod\u00edm s klukem?<\/em> N\u011bjakou dobu jsem v\u00e1hal, ne\u017e jsem sebral odvahu a napsal jsem: <em>&#8218;Nen\u00ed to ona, ale on. A jmenuje se Bill.&#8216;<br \/><\/em> Dal\u0161\u00ed odezva u\u017e nep\u0159i\u0161la\u2026<\/div>\n<div style=\"text-align:center\">\n<p>***<\/p><\/div>\n<div style=\"text-align:justify\">\n<p>&#8222;Ty jsi v\u00e1\u017en\u011b magor!&#8220; sm\u00e1la se Samantha, kdy\u017e po hodin\u011b p\u0159i\u0161la k m\u00e9 lavici.<br \/>&#8222;Pro\u010d?&#8220; zeptal jsem se j\u00ed nezaujat\u011b a t\u00e1zav\u011b jsem povyt\u00e1hl jedno obo\u010d\u00ed. Postavil jsem se, a jeliko\u017e tu u\u017e nebyl profesor, sedl jsem si m\u00edsto na \u017eidli na lavici.<br \/>&#8222;Chud\u00e1k Maria z tebe m\u00e1lem m\u011bla infarkt!&#8220; pl\u00e1cla m\u011b lehce do ramene a k\u0159enila se. &#8222;V\u017edy\u0165 p\u0159ece v\u00ed\u0161, jak t\u011b\u017eko nese v\u0161echno nenorm\u00e1ln\u00ed!&#8220;<br \/>Zamra\u010dil jsem se. &#8222;L\u00e1ska je snad nenorm\u00e1ln\u00ed?&#8220; zavr\u010del jsem.<br \/>&#8222;To jsem ne\u0159ekla!&#8220; vesel\u00ed ji opustilo. &#8222;A nebu\u010f tak nabrou\u0161en\u00fd! Nem\u016f\u017eu za to, \u017ee tady Billa nem\u00e1\u0161!&#8220;<br \/>U\u017eu\u017e jsem otev\u00edral \u00fasta, abych se ohradil, kdy\u017e mi do\u0161lo, \u017ee m\u00e1 vlastn\u011b pravdu. Byl jsem nep\u0159\u00edjemn\u00fd proto, \u017ee jsem ho tu nem\u011bl. Promnul jsem si sp\u00e1nky. &#8222;Omlouv\u00e1m se\u2026&#8220; prohodil jsem ti\u0161e.<br \/>&#8222;V po\u0159\u00e1dku,&#8220; usm\u00e1la se a sedla si vedle m\u011b na lavici. &#8222;Je dobr\u00e9, \u017ee se ti st\u00fdsk\u00e1. Znamen\u00e1 to, \u017ee ho opravdu m\u00e1\u0161 r\u00e1d\u2026&#8220;<br \/>Koukl jsem se na ni. Byla p\u0159\u00edjemn\u00e1 zm\u011bna, \u017ee u\u017e nem\u011bla k m\u00e9mu vztahu s \u010dernovl\u00e1skem \u017e\u00e1dn\u00e9 \u00fachyln\u00e9 pozn\u00e1mky. Uv\u00edtal jsem tuhle zm\u011bnu. Ale m\u00e9 v\u00edt\u00e1n\u00ed netrvalo dlouho. Jeliko\u017e m\u011b moc dlouho v t\u00e9hle kr\u00e1sn\u00e9 iluzi nenechala.<br \/>&#8222;Mimochodem, Tome\u2026&#8220; o\u010di se j\u00ed podivn\u011b zaleskly a rty se j\u00ed zvlnily do \u00fasm\u011bvu, kter\u00fd nev\u011bstil v\u016fbec nic dobr\u00e9ho. &#8222;U\u017e jste spolu kone\u010dn\u011b hupsli do postele?!&#8220;<\/p>\n<p><strong>autor: Ann<\/strong><\/div>\n<div><strong>betaread: J. :o)<\/strong><em><\/p>\n<p><\/em><\/div>\n","protected":false},"excerpt":{"rendered":"<p>autor: Ann J\u00e1 nem\u00e1m holku, j\u00e1 m\u00e1m kluka! M\u00e1m strach. M\u00e1m opravdu velk\u00fd strach. Nev\u00edm, co se to kolem m\u011b d\u011bje. V\u0161echno je tak pom\u00edchan\u00e9 a zmaten\u00e9\u2026 Za\u010d\u00edn\u00e1m se v tom ztr\u00e1cet. \u010cemu m\u00e1m v\u011b\u0159it? Co m\u00e1m br\u00e1t jako pravdu a co<\/p>\n<p class=\"link-more\"><a class=\"myButt \" href=\"https:\/\/twincestblog.cz\/domains\/twincestblog.cz\/2015\/07\/08\/nechci-si-vic-prat-jenom-me-mej-rad-18\/\">Read More<\/a><\/p>\n","protected":false},"author":1,"featured_media":0,"comment_status":"open","ping_status":"open","sticky":false,"template":"","format":"standard","meta":{"_exactmetrics_skip_tracking":false,"_exactmetrics_sitenote_active":false,"_exactmetrics_sitenote_note":"","_exactmetrics_sitenote_category":0,"footnotes":""},"categories":[618],"tags":[],"class_list":["post-2843","post","type-post","status-publish","format-standard","hentry","category-nechci-si-vic-prat-jenom-me-mej-rad"],"_links":{"self":[{"href":"https:\/\/twincestblog.cz\/domains\/twincestblog.cz\/wp-json\/wp\/v2\/posts\/2843","targetHints":{"allow":["GET"]}}],"collection":[{"href":"https:\/\/twincestblog.cz\/domains\/twincestblog.cz\/wp-json\/wp\/v2\/posts"}],"about":[{"href":"https:\/\/twincestblog.cz\/domains\/twincestblog.cz\/wp-json\/wp\/v2\/types\/post"}],"author":[{"embeddable":true,"href":"https:\/\/twincestblog.cz\/domains\/twincestblog.cz\/wp-json\/wp\/v2\/users\/1"}],"replies":[{"embeddable":true,"href":"https:\/\/twincestblog.cz\/domains\/twincestblog.cz\/wp-json\/wp\/v2\/comments?post=2843"}],"version-history":[{"count":0,"href":"https:\/\/twincestblog.cz\/domains\/twincestblog.cz\/wp-json\/wp\/v2\/posts\/2843\/revisions"}],"wp:attachment":[{"href":"https:\/\/twincestblog.cz\/domains\/twincestblog.cz\/wp-json\/wp\/v2\/media?parent=2843"}],"wp:term":[{"taxonomy":"category","embeddable":true,"href":"https:\/\/twincestblog.cz\/domains\/twincestblog.cz\/wp-json\/wp\/v2\/categories?post=2843"},{"taxonomy":"post_tag","embeddable":true,"href":"https:\/\/twincestblog.cz\/domains\/twincestblog.cz\/wp-json\/wp\/v2\/tags?post=2843"}],"curies":[{"name":"wp","href":"https:\/\/api.w.org\/{rel}","templated":true}]}}