{"id":3259,"date":"2015-03-10T13:00:00","date_gmt":"2015-03-10T12:00:00","guid":{"rendered":"http:\/\/twincestblog.cz\/?p=3248"},"modified":"2015-03-10T13:00:00","modified_gmt":"2015-03-10T12:00:00","slug":"the-sky-above-us","status":"publish","type":"post","link":"https:\/\/twincestblog.cz\/domains\/twincestblog.cz\/2015\/03\/10\/the-sky-above-us\/","title":{"rendered":"The sky above us"},"content":{"rendered":"<div><\/div>\n<div><strong>by Brad Elterman<\/strong><\/div>\n<div><\/div>\n<div><em>Velice zvl\u00e1\u0161tn\u00ed photoshoot z roku 2014&#8230; Gabby a Zuzu poslaly ka\u017ed\u00e1 jednu z fotek, tak k tomu p\u0159id\u00e1v\u00e1m je\u0161t\u011b dv\u011b a m\u016f\u017eete se kochat. \ud83d\ude42<\/em><\/div>\n<div><\/div>\n<div><\/div>\n<div><em>PS: v\u0161ichni krom\u011b Jan\u010di, samoz\u0159ejm\u011b. \ud83d\ude00<\/em><\/div>\n<div><\/div>\n<div><\/div>\n<div style=\"text-align:center\"><em><img loading=\"lazy\" decoding=\"async\" width=\"825\" height=\"618\" src=\"http:\/\/twincestblog.cz\/wp-content\/uploads\/4df3d53470_100513815_o2.png\" alt=\"\" \/><\/em><\/div>\n<div><\/div>\n<div style=\"text-align:center\"><em><img loading=\"lazy\" decoding=\"async\" width=\"825\" height=\"618\" src=\"http:\/\/twincestblog.cz\/wp-content\/uploads\/84c534776f_100513803_o2.png\" alt=\"\" \/><\/em><\/div>\n<div style=\"text-align:center\"><\/div>\n<div style=\"text-align:center\"><\/div>\n<div style=\"text-align:center\"><em><img loading=\"lazy\" decoding=\"async\" width=\"825\" height=\"618\" src=\"http:\/\/twincestblog.cz\/wp-content\/uploads\/978ae6e88c_100513807_o2.png\" alt=\"\" \/><\/em><\/div>\n<div style=\"text-align:center\"><\/div>\n<div style=\"text-align:center\"><em><img decoding=\"async\" src=\"http:\/\/twincestblog.cz\/wp-content\/uploads\/e96c9894b6_100513805_o2.png\" alt=\"\" \/><\/em><\/div>\n<div style=\"text-align:center\"><\/div>\n<div style=\"text-align:center\"><\/div>\n<div style=\"text-align:center\"><\/div>\n<div style=\"text-align:center\"><\/div>\n<div style=\"text-align:center\"><\/div>\n","protected":false},"excerpt":{"rendered":"<p>by Brad Elterman Velice zvl\u00e1\u0161tn\u00ed photoshoot z roku 2014&#8230; Gabby a Zuzu poslaly ka\u017ed\u00e1 jednu z fotek, tak k tomu p\u0159id\u00e1v\u00e1m je\u0161t\u011b dv\u011b a m\u016f\u017eete se kochat. \ud83d\ude42 PS: v\u0161ichni krom\u011b Jan\u010di, samoz\u0159ejm\u011b. \ud83d\ude00<\/p>\n","protected":false},"author":1,"featured_media":0,"comment_status":"open","ping_status":"open","sticky":false,"template":"","format":"standard","meta":{"_exactmetrics_skip_tracking":false,"_exactmetrics_sitenote_active":false,"_exactmetrics_sitenote_note":"","_exactmetrics_sitenote_category":0,"footnotes":""},"categories":[20],"tags":[],"class_list":["post-3259","post","type-post","status-publish","format-standard","hentry","category-interviews-foto"],"_links":{"self":[{"href":"https:\/\/twincestblog.cz\/domains\/twincestblog.cz\/wp-json\/wp\/v2\/posts\/3259","targetHints":{"allow":["GET"]}}],"collection":[{"href":"https:\/\/twincestblog.cz\/domains\/twincestblog.cz\/wp-json\/wp\/v2\/posts"}],"about":[{"href":"https:\/\/twincestblog.cz\/domains\/twincestblog.cz\/wp-json\/wp\/v2\/types\/post"}],"author":[{"embeddable":true,"href":"https:\/\/twincestblog.cz\/domains\/twincestblog.cz\/wp-json\/wp\/v2\/users\/1"}],"replies":[{"embeddable":true,"href":"https:\/\/twincestblog.cz\/domains\/twincestblog.cz\/wp-json\/wp\/v2\/comments?post=3259"}],"version-history":[{"count":0,"href":"https:\/\/twincestblog.cz\/domains\/twincestblog.cz\/wp-json\/wp\/v2\/posts\/3259\/revisions"}],"wp:attachment":[{"href":"https:\/\/twincestblog.cz\/domains\/twincestblog.cz\/wp-json\/wp\/v2\/media?parent=3259"}],"wp:term":[{"taxonomy":"category","embeddable":true,"href":"https:\/\/twincestblog.cz\/domains\/twincestblog.cz\/wp-json\/wp\/v2\/categories?post=3259"},{"taxonomy":"post_tag","embeddable":true,"href":"https:\/\/twincestblog.cz\/domains\/twincestblog.cz\/wp-json\/wp\/v2\/tags?post=3259"}],"curies":[{"name":"wp","href":"https:\/\/api.w.org\/{rel}","templated":true}]}}