{"id":3579,"date":"2014-11-17T15:00:00","date_gmt":"2014-11-17T14:00:00","guid":{"rendered":"http:\/\/twincestblog.cz\/?p=3567"},"modified":"2014-11-17T15:00:00","modified_gmt":"2014-11-17T14:00:00","slug":"i-ll-tell-you-my-sins-and-you-can-sharpen-your-knife","status":"publish","type":"post","link":"https:\/\/twincestblog.cz\/domains\/twincestblog.cz\/2014\/11\/17\/i-ll-tell-you-my-sins-and-you-can-sharpen-your-knife\/","title":{"rendered":"I&#8217;ll tell you my sins and you can sharpen your knife"},"content":{"rendered":"<div>Ahoj mil\u00e1\u010dkov\u00e9 :o)<\/div>\n<div><\/div>\n<div style=\"text-align:justify\">rozhodla jsem se s v\u00e1mi pod\u011blit o dv\u011b v\u011bci, kter\u00e9 m\u011b v\u010dera a dneska zaujaly, a proto\u017ee nem\u00e1m v\u00edc pov\u00eddek ne\u017e pr\u00e1v\u011b jednu, vyu\u017eiju voln\u00e9 m\u00edsto k takov\u00e9mu trochu sv\u00e1te\u010dn\u00edmu pokec\u00e1n\u00ed.<\/div>\n<div style=\"text-align:justify\">K dne\u0161n\u00edmu zcela netradi\u010dn\u00edmu \u010dl\u00e1nku m\u011b inspirovala Zuzu. Hned r\u00e1no jsem po jej\u00edm no\u010dn\u00edm p\u0159ekladatelsk\u00e9m \u00fasil\u00ed na\u0161la v mejlu dal\u0161\u00ed d\u00edl Rough a k tomu taky video s t\u00edmto pr\u016fvodn\u00edm textem:<\/div>\n<div style=\"text-align:justify\"><\/div>\n<div style=\"text-align:justify\"><\/div>\n<div style=\"text-align:justify\"><em>Dneska jsem se po\u0159\u00e1dn\u011b nemohla soust\u0159edit. U\u017e asi post\u00e9 si tady p\u0159ehr\u00e1v\u00e1m tu p\u00edsni\u010dku a klip, ze kter\u00e9ho hodil Bill ten \u00faryvek v\u010dera na <a href=\"http:\/\/instagram.com\/p\/vbwgqwNTt3\/?modal=true\" target=\"_blank\" rel=\"noopener noreferrer\">Instagram<\/a> spolu s tou fotkou kostela. Nech\u00e1pu, \u017ee jsem ji nikdy d\u0159\u00edv nesly\u0161ela, ale \u00fapln\u011b jsem se do n\u00ed zamilovala. Vid\u011bla jsi to? Ha, jdu si to pustit znovu! \ud83d\ude00<\/em> <em>Dobrou \ud83d\ude00<\/em><\/div>\n<div style=\"text-align:justify\"><\/div>\n<div style=\"text-align:justify\"><\/div>\n<div style=\"text-align:justify\">Samoz\u0159ejm\u011b, \u017ee jsem nem\u011bla o \u017e\u00e1dn\u00e9m klipu ani fotce kostela p\u00e1ru, a\u010dkoliv Bill\u016fv instagram sleduju i d\u00edky Evuli. Jen\u017ee fotka kostela je pro m\u011b prost\u011b fotka kostela a nic v\u00edc v tom nehled\u00e1m. \ud83d\ude00 Jen\u017ee Zuzu je jina\u010d\u00ed \u0161\u0165oural. \ud83d\ude42 Mrkn\u011bte na video, \u00faryvek textu jsem vybrala jako n\u00e1zev tohohle \u010dl\u00e1nku.<\/div>\n<div><\/div>\n<div><\/div>\n<div style=\"text-align:center\"><em>I&#8217;ll tell you my sins and you can sharpen your knife<\/em><\/div>\n<div style=\"text-align:center\"><em>\u0158eknu ti sv\u00e9 h\u0159\u00edchy a ty m\u016f\u017ee\u0161 za\u010d\u00edt brousit n\u016f\u017e<\/em><\/div>\n<div><\/div>\n<div><\/div>\n<div style=\"text-align:center\"><iframe loading=\"lazy\" width=\"425\" height=\"344\" src=\"http:\/\/www.youtube.com\/embed\/MYSVMgRr6pw\" frameborder=\"0\" allowfullscreen><\/iframe><\/div>\n<div style=\"text-align:center\"><\/div>\n<div style=\"text-align:center\"><\/div>\n<div style=\"text-align:justify\">Tak co na to \u0159\u00edk\u00e1te? Siln\u00e1 v\u011bc, co? J\u00e1 to neznala, ani irsk\u00fd zp\u011bv\u00e1k Hozier mi p\u0159edt\u00edm nic ne\u0159\u00edkal, ale to u m\u011b nen\u00ed nic divn\u00fdho. \ud83d\ude42 Posledn\u00ed dobou m\u00e1m dojem, \u017ee se n\u00e1m Bill po\u0159\u00e1d sna\u017e\u00ed &#8222;n\u011bco&#8220; sd\u011blit. A\u0165 u\u017e texty p\u00edsni\u010dek z nov\u00fdho alba, nebo zrovna t\u00edmhle postem na instagramu. Te\u010f t\u00edm samoz\u0159ejm\u011b nemysl\u00edm p\u0159\u00edmo twincest, to by se n\u00e1m t\u011b\u017eko sna\u017eil \u0159\u00edct, nen\u00ed bl\u00e1zen, pokud by to byla pravda, ale je vid\u011bt, \u017ee ho gay sv\u011bt hodn\u011b zaj\u00edm\u00e1. Ud\u011blal fotku kostela v Buenos Aires a prvn\u00ed, co ho k tomu napadlo, byl \u00faryvek zrovna z t\u00e9hle p\u00edsni\u010dky? A co t\u0159eba v\u00fdtahov\u00e1 sc\u00e9na z LWLYB? Nebo to, \u017ee se tam nechal na k\u0159esle obklopit (a nejen to) dv\u011bma kluky. On s jeho pov\u011bst\u00ed a v\u011b\u010dn\u00fdm &#8222;ich bin nicht schwull&#8220;. Asi se mu n\u011bco hon\u00ed hlavou a m\u00e1 obavy to \u0159\u00edct naplno. \u017de by n\u011bco nazna\u010doval? Co si o tom mysl\u00edte?<\/div>\n<div style=\"text-align:justify\"><\/div>\n<div style=\"text-align:justify\"><\/div>\n<div style=\"text-align:justify\">Co se t\u00fd\u010de <strong>twincestu<\/strong>, u\u017e dlouho se mi nestalo, aby se m\u011b na n\u011bj n\u011bkdo ptal. V\u010dera jsem na mejlu na\u0161la tenhle dotaz od Adama: <em>&#8222;Jak jste k tomu p\u0159i\u0161li, \u017ee n\u011bco jako twincest existuje? Mysl\u00edte si, \u017ee by to mohla b\u00fdt skute\u010dn\u011b pravda?&#8220;<\/em> Celkem ob\u0161\u00edrn\u011b jsem mu na to odpov\u00eddala, ale napsala jsem samoz\u0159ejm\u011b sv\u016fj n\u00e1zor. Trocha historie twincestu se mi do toho p\u0159ipletla, n\u011bco m\u00e1lo o antifanou\u0161c\u00edch, kte\u0159\u00ed podle m\u011b st\u00e1li na po\u010d\u00e1tku t\u00e9 &#8211; pro n\u011b <em>&#8222;nechutn\u00e9&#8220;<\/em> &#8211; my\u0161lenky, zm\u00ednila jsem i proslulou <a href=\"cukrarna\" target=\"_blank\" rel=\"noopener noreferrer\">Cukr\u00e1rnu<\/a>, Bill\u016fv \u017eensk\u00fd vzhled, kter\u00fdm k tomu vylo\u017een\u011b provokoval, jejich bratrsk\u00e9 spojen\u00ed, o kter\u00e9m od za\u010d\u00e1tku kari\u00e9ry tak r\u00e1di a up\u0159\u00edmn\u011b mluvili, <a href=\"bill-na-tomove-kline\" target=\"_blank\" rel=\"noopener noreferrer\">Billa na Tomov\u011b kl\u00edn\u011b<\/a>, proslulou Bruselskou &#8222;<a href=\"reden-bill-kleci-pod-tomem\" target=\"_blank\" rel=\"noopener noreferrer\">kleka\u010dku<\/a>&#8220; a\u017e po dvoj\u010data Jana a K\u00e1ju Saudka, kte\u0159\u00ed twincest <a href=\"jan-saudek\" target=\"_blank\" rel=\"noopener noreferrer\">ve\u0159ejn\u011b p\u0159iznali<\/a>. Prost\u011b jsem napsala, co jsem si o tom pamatovala, vzala jsem to celkem ze\u0161iroka, zn\u00e1te m\u011b&#8230; \ud83d\ude00 Napsat n\u011bco stru\u010dn\u011b, to nejsem j\u00e1.<\/div>\n<div style=\"text-align:justify\"><\/div>\n<div style=\"text-align:justify\"><\/div>\n<div style=\"text-align:justify\">A\u017e z dal\u0161\u00edho e-mailu se uk\u00e1zalo, \u017ee se m\u011b Adam ptal z profesion\u00e1ln\u00edho z\u00e1jmu, proto\u017ee je psychiatr a zab\u00fdval se l\u00e9ta pr\u00e1v\u011b vztahy mezi dvoj\u010daty. Pot\u011b\u0161ilo m\u011b, kdy\u017e mi napsal, \u017ee dle jeho v\u00fdzkum\u016f stovek p\u00e1r\u016f dvoj\u010dat existuje nejen l\u00e1ska, ale i sex mezi nimi zcela b\u011b\u017en\u011b, a \u017ee je dokonce v\u00edce dvoj\u010dat, kter\u00e1 spolu vztah maj\u00ed, ne\u017e t\u011bch, co ho nemaj\u00ed. Na\u0161e dvoj\u010data studuje teprve p\u00e1r dn\u00ed, ale domn\u00edv\u00e1 se, \u017ee podle v\u0161eho spolu maj\u00ed velmi siln\u00fd vztah, ale standardn\u00ed sourozeneck\u00fd vztah to nebude. Tak\u017ee mil\u00e1\u010dci, nen\u00ed v\u0161echno ztraceno, mo\u017en\u00e1 se jednou do\u017eijeme toho, \u017ee v\u0161echny na\u0161e fantazie v\u016fbec nebyly fantazie, ale m\u011bly jsme velmi dobr\u00fd \u010duch. \ud83d\ude42<\/div>\n<div style=\"text-align:justify\"><\/div>\n<div style=\"text-align:justify\">Co byste Adamovi odpov\u011bd\u011bli vy? V\u011b\u0159\u00edte v twincest mezi na\u0161imi kluky, nebo ne? A jak si mysl\u00edte, \u017ee vlastn\u011b vznikl? J. :o)<\/div>\n<div style=\"text-align:justify\"><\/div>\n<div style=\"text-align:justify\"><\/div>\n","protected":false},"excerpt":{"rendered":"<p>Ahoj mil\u00e1\u010dkov\u00e9 :o) rozhodla jsem se s v\u00e1mi pod\u011blit o dv\u011b v\u011bci, kter\u00e9 m\u011b v\u010dera a dneska zaujaly, a proto\u017ee nem\u00e1m v\u00edc pov\u00eddek ne\u017e pr\u00e1v\u011b jednu, vyu\u017eiju voln\u00e9 m\u00edsto k takov\u00e9mu trochu sv\u00e1te\u010dn\u00edmu pokec\u00e1n\u00ed. K dne\u0161n\u00edmu zcela netradi\u010dn\u00edmu \u010dl\u00e1nku m\u011b inspirovala Zuzu.<\/p>\n<p class=\"link-more\"><a class=\"myButt \" href=\"https:\/\/twincestblog.cz\/domains\/twincestblog.cz\/2014\/11\/17\/i-ll-tell-you-my-sins-and-you-can-sharpen-your-knife\/\">Read More<\/a><\/p>\n","protected":false},"author":1,"featured_media":0,"comment_status":"open","ping_status":"open","sticky":false,"template":"","format":"standard","meta":{"_exactmetrics_skip_tracking":false,"_exactmetrics_sitenote_active":false,"_exactmetrics_sitenote_note":"","_exactmetrics_sitenote_category":0,"footnotes":""},"categories":[27],"tags":[],"class_list":["post-3579","post","type-post","status-publish","format-standard","hentry","category-others-vid"],"_links":{"self":[{"href":"https:\/\/twincestblog.cz\/domains\/twincestblog.cz\/wp-json\/wp\/v2\/posts\/3579","targetHints":{"allow":["GET"]}}],"collection":[{"href":"https:\/\/twincestblog.cz\/domains\/twincestblog.cz\/wp-json\/wp\/v2\/posts"}],"about":[{"href":"https:\/\/twincestblog.cz\/domains\/twincestblog.cz\/wp-json\/wp\/v2\/types\/post"}],"author":[{"embeddable":true,"href":"https:\/\/twincestblog.cz\/domains\/twincestblog.cz\/wp-json\/wp\/v2\/users\/1"}],"replies":[{"embeddable":true,"href":"https:\/\/twincestblog.cz\/domains\/twincestblog.cz\/wp-json\/wp\/v2\/comments?post=3579"}],"version-history":[{"count":0,"href":"https:\/\/twincestblog.cz\/domains\/twincestblog.cz\/wp-json\/wp\/v2\/posts\/3579\/revisions"}],"wp:attachment":[{"href":"https:\/\/twincestblog.cz\/domains\/twincestblog.cz\/wp-json\/wp\/v2\/media?parent=3579"}],"wp:term":[{"taxonomy":"category","embeddable":true,"href":"https:\/\/twincestblog.cz\/domains\/twincestblog.cz\/wp-json\/wp\/v2\/categories?post=3579"},{"taxonomy":"post_tag","embeddable":true,"href":"https:\/\/twincestblog.cz\/domains\/twincestblog.cz\/wp-json\/wp\/v2\/tags?post=3579"}],"curies":[{"name":"wp","href":"https:\/\/api.w.org\/{rel}","templated":true}]}}